{"id":3586,"date":"2026-04-29T04:20:26","date_gmt":"2026-04-29T04:20:26","guid":{"rendered":"https:\/\/viniciojarquin.com\/blog\/?p=3586"},"modified":"2026-04-29T04:20:27","modified_gmt":"2026-04-29T04:20:27","slug":"un-nuevo-impulso","status":"publish","type":"post","link":"https:\/\/viniciojarquin.com\/blog\/un-nuevo-impulso\/","title":{"rendered":"Un nuevo impulso"},"content":{"rendered":"\n<p>El domingo pasado, despu\u00e9s de muchos meses de esfuerzo sostenido, de trabajo constante y de una entrega que, siendo honesto, ha sido mucho m\u00e1s grande de lo que imagin\u00e9 al inicio, tom\u00e9 una decisi\u00f3n. Una de esas decisiones que no nacen desde la claridad, sino desde el cansancio. Decid\u00ed separar a Vinicio Jarqu\u00edn de Apacigua. Lo hice entendiendo que el movimiento, en su forma actual, implica una carga importante de tiempo, energ\u00eda y tambi\u00e9n de recursos econ\u00f3micos que, en muchos momentos, apenas logro sostener con la ayuda de algunas personas que se sienten parte de esto y que, con sus aportes, han permitido que siga existiendo. En ese estado, decid\u00ed detenerlo todo.<\/p>\n\n\n\n<p>Como es bien sabido, bajo la sombrilla de Apacigua tu ser interior se han venido desarrollando distintos espacios: el movimiento c\u00edvico y social, la radio, el Universo Digital de Apacigua (UDA) y algunos proyectos de participaci\u00f3n ciudadana con instituciones como la Asamblea Legislativa, la Contralor\u00eda, la Defensor\u00eda de los Habitantes y el TSE. La radio de Apacigua no es simplemente un canal m\u00e1s. Era un espacio pensado para acompa\u00f1ar desde la calma, para ofrecer una pausa en medio del ritmo cotidiano, para sostener una frecuencia distinta, m\u00e1s serena, m\u00e1s humana. Un medio de apaciguamiento que, en su forma, se sent\u00eda poco com\u00fan y que, hasta donde sabemos, no es algo que se vea con frecuencia en otros contextos, nacionales e internacionales, y por eso mismo es una l\u00e1stima haber tenido que decidir apagarla permanentemente.<\/p>\n\n\n\n<p>Sin embargo, sostener un espacio as\u00ed implica m\u00e1s que intenci\u00f3n. Requiere tiempo, estructura y recursos que, en ese momento, no estaban siendo suficientes para mantenerlo como merece, y por esa raz\u00f3n, oficialmente dejar\u00eda de funcionar. Decid\u00ed que durante las pr\u00f3ximas semanas tratar\u00eda de mantener activo el Universo Digital de Apacigua, con la intenci\u00f3n de que el movimiento pudiera sostenerse un poco m\u00e1s en su forma m\u00e1s simple. La idea era acompa\u00f1ar, en la medida de lo posible, en estos momentos que se perciben complejos, mientras segu\u00edamos intentando dar continuidad, hasta donde alcanzara, a los espacios de participaci\u00f3n ciudadana que se han venido construyendo. Cuidar lo esencial tambi\u00e9n implicaba ajustar la forma en que est\u00e1bamos presentes. Probablemente no tendr\u00edamos la misma cantidad de comentarios o puntos de vista sobre lo que ocurriera en el contexto pol\u00edtico, pero, en su esencia, Apacigua seguir\u00eda encontrando su manera de estar. Eventualmente, seguir\u00edan llegando art\u00edculos de apaciguamiento, desde un lugar m\u00e1s simple, m\u00e1s humano y m\u00e1s cercano a lo que siempre ha sido el coraz\u00f3n de este espacio. Uno intenta sostener todo lo que puede, todos los espacios, todos los proyectos, todas las ideas, pero tambi\u00e9n llega un punto en el que es necesario reconocer los l\u00edmites y tomar decisiones, no desde el dramatismo, sino desde la realidad y desde el deseo de cuidar lo esencial.<\/p>\n\n\n\n<p>Y por eso, la radio se detendr\u00eda de inmediato y Apacigua, como tal, en su totalidad, tambi\u00e9n dejar\u00eda de llegar a las redes sociales y como presencia c\u00edvica y ciudadana, y en modo de presencia institucional en Costa Rica. Todo, tal como ven\u00eda funcionando, se detendr\u00eda; todo, en su forma actual, simplemente dejar\u00eda de estar.<\/p>\n\n\n\n<p>Fue una decisi\u00f3n l\u00f3gica desde el agotamiento. Pero esta ma\u00f1ana, en medio de la rutina m\u00e1s simple, algo volvi\u00f3. No fue una idea, no fue un an\u00e1lisis, fue una sensaci\u00f3n. Record\u00e9 por qu\u00e9 estoy en esto. Record\u00e9 que esto no naci\u00f3 como un proyecto estructurado, ni como un movimiento que hab\u00eda que sostener, sino como una forma de expresar, de observar, de acompa\u00f1ar, de apaciguar en medio del ruido. Y en ese recuerdo, sin hacer mucho esfuerzo, me di cuenta de que todav\u00eda hay algo vivo aqu\u00ed.<\/p>\n\n\n\n<p>Por eso hoy estoy de vuelta, no desde la presi\u00f3n ni desde la obligaci\u00f3n, sino desde ese mismo lugar que dio origen a todo, dando un empuj\u00f3n m\u00e1s. Y lo digo con total honestidad: me gusta hacerlo. Me gusta escribir. Me gusta compartir. Me gusta lo que se ha construido.<\/p>\n\n\n\n<p>Y tambi\u00e9n reconozco profundamente el apoyo de quienes han estado presentes, no solo con palabras, sino con acciones concretas que han permitido sostener este espacio hasta hoy. Y en ese mismo sentido, vale la pena recordar algo que a veces se diluye en medio de todo esto: yo no soy un influencer ni un generador de contenido como tal. Lo que hay detr\u00e1s de Apacigua no es una din\u00e1mica de publicaciones por visibilidad, sino la direcci\u00f3n de un movimiento. Un movimiento de apaciguamiento que no es m\u00edo, es de todos ustedes y m\u00edo, de todos nosotros. Y sostener algo as\u00ed, en las condiciones actuales, se vuelve cada vez m\u00e1s complejo cuando la mayor parte del peso recae sobre mis propios ingresos, que hoy cubren m\u00e1s del ochenta por ciento de los gastos que esto implica; mientras las cuentas se siguen acumulando.<\/p>\n\n\n\n<p>Y decir esto no es sencillo; no es algo que me resulte natural decir, pero es necesario: si para algunos de ustedes esto importa, aporta o ayuda, si sienten que Apacigua tiene un lugar en sus vidas, entonces el apoyo emocional, que valoro profundamente, puede ir acompa\u00f1ado de una forma m\u00e1s tangible de estar. Ese aporte, ojal\u00e1 mensual, del tama\u00f1o que tenga sentido para vos, puede ayudar a que esto siga existiendo; una continuidad real, como una forma de sostener algo que, en esencia, busca acompa\u00f1ar.<\/p>\n\n\n\n<p>Lo que viene, y esto tambi\u00e9n lo percibo con claridad, no ser\u00e1 sencillo. Los pr\u00f3ximos a\u00f1os traer\u00e1n retos importantes, y espacios de calma, de reflexi\u00f3n y de conciencia pueden ser m\u00e1s necesarios que nunca.<\/p>\n\n\n\n<p>Apacigua no es una soluci\u00f3n, pero puede ser un apoyo. Y si ese apoyo vale la pena, entonces se puede sostener entre varios. Por ahora, aqu\u00ed estoy, m\u00e1s simple, m\u00e1s consciente y, sobre todo, m\u00e1s conectado con la raz\u00f3n por la que esto empez\u00f3\u2026 desde un lugar m\u00e1s sereno, m\u00e1s humano y m\u00e1s cercano a lo que siempre ha sido Apacigua.<\/p>\n","protected":false},"excerpt":{"rendered":"<p>El domingo pasado, despu\u00e9s de muchos meses de esfuerzo sostenido, de trabajo constante y de una entrega que, siendo honesto, [&hellip;]<\/p>\n","protected":false},"author":1,"featured_media":0,"comment_status":"open","ping_status":"open","sticky":false,"template":"","format":"standard","meta":{"site-sidebar-layout":"default","site-content-layout":"","ast-site-content-layout":"","site-content-style":"default","site-sidebar-style":"default","ast-global-header-display":"","ast-banner-title-visibility":"","ast-main-header-display":"","ast-hfb-above-header-display":"","ast-hfb-below-header-display":"","ast-hfb-mobile-header-display":"","site-post-title":"","ast-breadcrumbs-content":"","ast-featured-img":"","footer-sml-layout":"","theme-transparent-header-meta":"","adv-header-id-meta":"","stick-header-meta":"","header-above-stick-meta":"","header-main-stick-meta":"","header-below-stick-meta":"","astra-migrate-meta-layouts":"default","ast-page-background-enabled":"default","ast-page-background-meta":{"desktop":{"background-color":"var(--ast-global-color-5)","background-image":"","background-repeat":"repeat","background-position":"center center","background-size":"auto","background-attachment":"scroll","background-type":"","background-media":"","overlay-type":"","overlay-color":"","overlay-opacity":"","overlay-gradient":""},"tablet":{"background-color":"","background-image":"","background-repeat":"repeat","background-position":"center center","background-size":"auto","background-attachment":"scroll","background-type":"","background-media":"","overlay-type":"","overlay-color":"","overlay-opacity":"","overlay-gradient":""},"mobile":{"background-color":"","background-image":"","background-repeat":"repeat","background-position":"center center","background-size":"auto","background-attachment":"scroll","background-type":"","background-media":"","overlay-type":"","overlay-color":"","overlay-opacity":"","overlay-gradient":""}},"ast-content-background-meta":{"desktop":{"background-color":"var(--ast-global-color-4)","background-image":"","background-repeat":"repeat","background-position":"center center","background-size":"auto","background-attachment":"scroll","background-type":"","background-media":"","overlay-type":"","overlay-color":"","overlay-opacity":"","overlay-gradient":""},"tablet":{"background-color":"var(--ast-global-color-4)","background-image":"","background-repeat":"repeat","background-position":"center center","background-size":"auto","background-attachment":"scroll","background-type":"","background-media":"","overlay-type":"","overlay-color":"","overlay-opacity":"","overlay-gradient":""},"mobile":{"background-color":"var(--ast-global-color-4)","background-image":"","background-repeat":"repeat","background-position":"center center","background-size":"auto","background-attachment":"scroll","background-type":"","background-media":"","overlay-type":"","overlay-color":"","overlay-opacity":"","overlay-gradient":""}},"footnotes":""},"categories":[9],"tags":[],"class_list":["post-3586","post","type-post","status-publish","format-standard","hentry","category-mis-escritos"],"yoast_head":"<!-- This site is optimized with the Yoast SEO plugin v26.0 - https:\/\/yoast.com\/wordpress\/plugins\/seo\/ -->\n<title>Un nuevo impulso - MI BLOG<\/title>\n<meta name=\"robots\" content=\"index, follow, max-snippet:-1, max-image-preview:large, max-video-preview:-1\" \/>\n<link rel=\"canonical\" href=\"https:\/\/viniciojarquin.com\/blog\/un-nuevo-impulso\/\" \/>\n<meta property=\"og:locale\" content=\"es_ES\" \/>\n<meta property=\"og:type\" content=\"article\" \/>\n<meta property=\"og:title\" content=\"Un nuevo impulso - MI BLOG\" \/>\n<meta property=\"og:description\" content=\"El domingo pasado, despu\u00e9s de muchos meses de esfuerzo sostenido, de trabajo constante y de una entrega que, siendo honesto, [&hellip;]\" \/>\n<meta property=\"og:url\" content=\"https:\/\/viniciojarquin.com\/blog\/un-nuevo-impulso\/\" \/>\n<meta property=\"og:site_name\" content=\"MI BLOG\" \/>\n<meta property=\"article:publisher\" content=\"https:\/\/www.facebook.com\/vinicio.jarquin\" \/>\n<meta property=\"article:author\" content=\"https:\/\/www.facebook.com\/vinicio.jarquin\" \/>\n<meta property=\"article:published_time\" content=\"2026-04-29T04:20:26+00:00\" \/>\n<meta property=\"article:modified_time\" content=\"2026-04-29T04:20:27+00:00\" \/>\n<meta name=\"author\" content=\"Vinicio Jarqu\u00edn\" \/>\n<meta name=\"twitter:card\" content=\"summary_large_image\" \/>\n<meta name=\"twitter:label1\" content=\"Escrito por\" \/>\n\t<meta name=\"twitter:data1\" content=\"Vinicio Jarqu\u00edn\" \/>\n\t<meta name=\"twitter:label2\" content=\"Tiempo de lectura\" \/>\n\t<meta name=\"twitter:data2\" content=\"5 minutos\" \/>\n<script type=\"application\/ld+json\" class=\"yoast-schema-graph\">{\"@context\":\"https:\/\/schema.org\",\"@graph\":[{\"@type\":\"Article\",\"@id\":\"https:\/\/viniciojarquin.com\/blog\/un-nuevo-impulso\/#article\",\"isPartOf\":{\"@id\":\"https:\/\/viniciojarquin.com\/blog\/un-nuevo-impulso\/\"},\"author\":{\"name\":\"Vinicio Jarqu\u00edn\",\"@id\":\"https:\/\/viniciojarquin.com\/blog\/#\/schema\/person\/90100c8845ae55462ec0657d3d2f8d3b\"},\"headline\":\"Un nuevo impulso\",\"datePublished\":\"2026-04-29T04:20:26+00:00\",\"dateModified\":\"2026-04-29T04:20:27+00:00\",\"mainEntityOfPage\":{\"@id\":\"https:\/\/viniciojarquin.com\/blog\/un-nuevo-impulso\/\"},\"wordCount\":1073,\"commentCount\":0,\"publisher\":{\"@id\":\"https:\/\/viniciojarquin.com\/blog\/#\/schema\/person\/90100c8845ae55462ec0657d3d2f8d3b\"},\"articleSection\":[\"Escritos generales\"],\"inLanguage\":\"es\",\"potentialAction\":[{\"@type\":\"CommentAction\",\"name\":\"Comment\",\"target\":[\"https:\/\/viniciojarquin.com\/blog\/un-nuevo-impulso\/#respond\"]}]},{\"@type\":\"WebPage\",\"@id\":\"https:\/\/viniciojarquin.com\/blog\/un-nuevo-impulso\/\",\"url\":\"https:\/\/viniciojarquin.com\/blog\/un-nuevo-impulso\/\",\"name\":\"Un nuevo impulso - MI BLOG\",\"isPartOf\":{\"@id\":\"https:\/\/viniciojarquin.com\/blog\/#website\"},\"datePublished\":\"2026-04-29T04:20:26+00:00\",\"dateModified\":\"2026-04-29T04:20:27+00:00\",\"breadcrumb\":{\"@id\":\"https:\/\/viniciojarquin.com\/blog\/un-nuevo-impulso\/#breadcrumb\"},\"inLanguage\":\"es\",\"potentialAction\":[{\"@type\":\"ReadAction\",\"target\":[\"https:\/\/viniciojarquin.com\/blog\/un-nuevo-impulso\/\"]}]},{\"@type\":\"BreadcrumbList\",\"@id\":\"https:\/\/viniciojarquin.com\/blog\/un-nuevo-impulso\/#breadcrumb\",\"itemListElement\":[{\"@type\":\"ListItem\",\"position\":1,\"name\":\"Portada\",\"item\":\"https:\/\/viniciojarquin.com\/blog\/\"},{\"@type\":\"ListItem\",\"position\":2,\"name\":\"Un nuevo impulso\"}]},{\"@type\":\"WebSite\",\"@id\":\"https:\/\/viniciojarquin.com\/blog\/#website\",\"url\":\"https:\/\/viniciojarquin.com\/blog\/\",\"name\":\"Vinicio Jarqu\u00edn BLOG\",\"description\":\"\",\"publisher\":{\"@id\":\"https:\/\/viniciojarquin.com\/blog\/#\/schema\/person\/90100c8845ae55462ec0657d3d2f8d3b\"},\"potentialAction\":[{\"@type\":\"SearchAction\",\"target\":{\"@type\":\"EntryPoint\",\"urlTemplate\":\"https:\/\/viniciojarquin.com\/blog\/?s={search_term_string}\"},\"query-input\":{\"@type\":\"PropertyValueSpecification\",\"valueRequired\":true,\"valueName\":\"search_term_string\"}}],\"inLanguage\":\"es\"},{\"@type\":[\"Person\",\"Organization\"],\"@id\":\"https:\/\/viniciojarquin.com\/blog\/#\/schema\/person\/90100c8845ae55462ec0657d3d2f8d3b\",\"name\":\"Vinicio Jarqu\u00edn\",\"image\":{\"@type\":\"ImageObject\",\"inLanguage\":\"es\",\"@id\":\"https:\/\/viniciojarquin.com\/blog\/#\/schema\/person\/image\/\",\"url\":\"https:\/\/viniciojarquin.com\/blog\/wp-content\/uploads\/2024\/10\/Logo-VinicioJarquin-original-400.png\",\"contentUrl\":\"https:\/\/viniciojarquin.com\/blog\/wp-content\/uploads\/2024\/10\/Logo-VinicioJarquin-original-400.png\",\"width\":400,\"height\":130,\"caption\":\"Vinicio Jarqu\u00edn\"},\"logo\":{\"@id\":\"https:\/\/viniciojarquin.com\/blog\/#\/schema\/person\/image\/\"},\"description\":\"Empresario textil, artista pl\u00e1stico, escritor, coach de vida y fot\u00f3grafo.\",\"sameAs\":[\"https:\/\/viniciojarquin.com\/blog\",\"https:\/\/www.facebook.com\/vinicio.jarquin\",\"https:\/\/www.instagram.com\/vinicio_jarquin\/\",\"https:\/\/www.pinterest.com\/vinnyjc\/\",\"https:\/\/www.youtube.com\/@VinicioJarquin\"],\"url\":\"https:\/\/viniciojarquin.com\/blog\/author\/admin_s02au25i\/\"}]}<\/script>\n<!-- \/ Yoast SEO plugin. -->","yoast_head_json":{"title":"Un nuevo impulso - MI BLOG","robots":{"index":"index","follow":"follow","max-snippet":"max-snippet:-1","max-image-preview":"max-image-preview:large","max-video-preview":"max-video-preview:-1"},"canonical":"https:\/\/viniciojarquin.com\/blog\/un-nuevo-impulso\/","og_locale":"es_ES","og_type":"article","og_title":"Un nuevo impulso - MI BLOG","og_description":"El domingo pasado, despu\u00e9s de muchos meses de esfuerzo sostenido, de trabajo constante y de una entrega que, siendo honesto, [&hellip;]","og_url":"https:\/\/viniciojarquin.com\/blog\/un-nuevo-impulso\/","og_site_name":"MI BLOG","article_publisher":"https:\/\/www.facebook.com\/vinicio.jarquin","article_author":"https:\/\/www.facebook.com\/vinicio.jarquin","article_published_time":"2026-04-29T04:20:26+00:00","article_modified_time":"2026-04-29T04:20:27+00:00","author":"Vinicio Jarqu\u00edn","twitter_card":"summary_large_image","twitter_misc":{"Escrito por":"Vinicio Jarqu\u00edn","Tiempo de lectura":"5 minutos"},"schema":{"@context":"https:\/\/schema.org","@graph":[{"@type":"Article","@id":"https:\/\/viniciojarquin.com\/blog\/un-nuevo-impulso\/#article","isPartOf":{"@id":"https:\/\/viniciojarquin.com\/blog\/un-nuevo-impulso\/"},"author":{"name":"Vinicio Jarqu\u00edn","@id":"https:\/\/viniciojarquin.com\/blog\/#\/schema\/person\/90100c8845ae55462ec0657d3d2f8d3b"},"headline":"Un nuevo impulso","datePublished":"2026-04-29T04:20:26+00:00","dateModified":"2026-04-29T04:20:27+00:00","mainEntityOfPage":{"@id":"https:\/\/viniciojarquin.com\/blog\/un-nuevo-impulso\/"},"wordCount":1073,"commentCount":0,"publisher":{"@id":"https:\/\/viniciojarquin.com\/blog\/#\/schema\/person\/90100c8845ae55462ec0657d3d2f8d3b"},"articleSection":["Escritos generales"],"inLanguage":"es","potentialAction":[{"@type":"CommentAction","name":"Comment","target":["https:\/\/viniciojarquin.com\/blog\/un-nuevo-impulso\/#respond"]}]},{"@type":"WebPage","@id":"https:\/\/viniciojarquin.com\/blog\/un-nuevo-impulso\/","url":"https:\/\/viniciojarquin.com\/blog\/un-nuevo-impulso\/","name":"Un nuevo impulso - MI BLOG","isPartOf":{"@id":"https:\/\/viniciojarquin.com\/blog\/#website"},"datePublished":"2026-04-29T04:20:26+00:00","dateModified":"2026-04-29T04:20:27+00:00","breadcrumb":{"@id":"https:\/\/viniciojarquin.com\/blog\/un-nuevo-impulso\/#breadcrumb"},"inLanguage":"es","potentialAction":[{"@type":"ReadAction","target":["https:\/\/viniciojarquin.com\/blog\/un-nuevo-impulso\/"]}]},{"@type":"BreadcrumbList","@id":"https:\/\/viniciojarquin.com\/blog\/un-nuevo-impulso\/#breadcrumb","itemListElement":[{"@type":"ListItem","position":1,"name":"Portada","item":"https:\/\/viniciojarquin.com\/blog\/"},{"@type":"ListItem","position":2,"name":"Un nuevo impulso"}]},{"@type":"WebSite","@id":"https:\/\/viniciojarquin.com\/blog\/#website","url":"https:\/\/viniciojarquin.com\/blog\/","name":"Vinicio Jarqu\u00edn BLOG","description":"","publisher":{"@id":"https:\/\/viniciojarquin.com\/blog\/#\/schema\/person\/90100c8845ae55462ec0657d3d2f8d3b"},"potentialAction":[{"@type":"SearchAction","target":{"@type":"EntryPoint","urlTemplate":"https:\/\/viniciojarquin.com\/blog\/?s={search_term_string}"},"query-input":{"@type":"PropertyValueSpecification","valueRequired":true,"valueName":"search_term_string"}}],"inLanguage":"es"},{"@type":["Person","Organization"],"@id":"https:\/\/viniciojarquin.com\/blog\/#\/schema\/person\/90100c8845ae55462ec0657d3d2f8d3b","name":"Vinicio Jarqu\u00edn","image":{"@type":"ImageObject","inLanguage":"es","@id":"https:\/\/viniciojarquin.com\/blog\/#\/schema\/person\/image\/","url":"https:\/\/viniciojarquin.com\/blog\/wp-content\/uploads\/2024\/10\/Logo-VinicioJarquin-original-400.png","contentUrl":"https:\/\/viniciojarquin.com\/blog\/wp-content\/uploads\/2024\/10\/Logo-VinicioJarquin-original-400.png","width":400,"height":130,"caption":"Vinicio Jarqu\u00edn"},"logo":{"@id":"https:\/\/viniciojarquin.com\/blog\/#\/schema\/person\/image\/"},"description":"Empresario textil, artista pl\u00e1stico, escritor, coach de vida y fot\u00f3grafo.","sameAs":["https:\/\/viniciojarquin.com\/blog","https:\/\/www.facebook.com\/vinicio.jarquin","https:\/\/www.instagram.com\/vinicio_jarquin\/","https:\/\/www.pinterest.com\/vinnyjc\/","https:\/\/www.youtube.com\/@VinicioJarquin"],"url":"https:\/\/viniciojarquin.com\/blog\/author\/admin_s02au25i\/"}]}},"blog_post_layout_featured_media_urls":{"thumbnail":"","full":""},"categories_names":{"9":{"name":"Escritos generales","link":"https:\/\/viniciojarquin.com\/blog\/category\/mis-escritos\/"}},"tags_names":[],"comments_number":"0","_links":{"self":[{"href":"https:\/\/viniciojarquin.com\/blog\/wp-json\/wp\/v2\/posts\/3586","targetHints":{"allow":["GET"]}}],"collection":[{"href":"https:\/\/viniciojarquin.com\/blog\/wp-json\/wp\/v2\/posts"}],"about":[{"href":"https:\/\/viniciojarquin.com\/blog\/wp-json\/wp\/v2\/types\/post"}],"author":[{"embeddable":true,"href":"https:\/\/viniciojarquin.com\/blog\/wp-json\/wp\/v2\/users\/1"}],"replies":[{"embeddable":true,"href":"https:\/\/viniciojarquin.com\/blog\/wp-json\/wp\/v2\/comments?post=3586"}],"version-history":[{"count":1,"href":"https:\/\/viniciojarquin.com\/blog\/wp-json\/wp\/v2\/posts\/3586\/revisions"}],"predecessor-version":[{"id":3587,"href":"https:\/\/viniciojarquin.com\/blog\/wp-json\/wp\/v2\/posts\/3586\/revisions\/3587"}],"wp:attachment":[{"href":"https:\/\/viniciojarquin.com\/blog\/wp-json\/wp\/v2\/media?parent=3586"}],"wp:term":[{"taxonomy":"category","embeddable":true,"href":"https:\/\/viniciojarquin.com\/blog\/wp-json\/wp\/v2\/categories?post=3586"},{"taxonomy":"post_tag","embeddable":true,"href":"https:\/\/viniciojarquin.com\/blog\/wp-json\/wp\/v2\/tags?post=3586"}],"curies":[{"name":"wp","href":"https:\/\/api.w.org\/{rel}","templated":true}]}}