{"id":3588,"date":"2026-04-29T04:39:26","date_gmt":"2026-04-29T04:39:26","guid":{"rendered":"https:\/\/viniciojarquin.com\/blog\/?p=3588"},"modified":"2026-04-29T04:39:27","modified_gmt":"2026-04-29T04:39:27","slug":"cuando-lo-moral-se-somete-a-lo-politico","status":"publish","type":"post","link":"https:\/\/viniciojarquin.com\/blog\/cuando-lo-moral-se-somete-a-lo-politico\/","title":{"rendered":"Cuando lo moral se somete a lo pol\u00edtico"},"content":{"rendered":"\n<figure class=\"wp-block-image size-full\"><img decoding=\"async\" width=\"800\" height=\"533\" data-src=\"https:\/\/viniciojarquin.com\/blog\/wp-content\/uploads\/2026\/04\/Cuando-lo-moral-se-somete-a-lo-politico.png\" alt=\"\" class=\"wp-image-3589 lazyload\" data-srcset=\"https:\/\/viniciojarquin.com\/blog\/wp-content\/uploads\/2026\/04\/Cuando-lo-moral-se-somete-a-lo-politico.png 800w, https:\/\/viniciojarquin.com\/blog\/wp-content\/uploads\/2026\/04\/Cuando-lo-moral-se-somete-a-lo-politico-300x200.png 300w, https:\/\/viniciojarquin.com\/blog\/wp-content\/uploads\/2026\/04\/Cuando-lo-moral-se-somete-a-lo-politico-768x512.png 768w\" data-sizes=\"(max-width: 800px) 100vw, 800px\" src=\"data:image\/svg+xml;base64,PHN2ZyB3aWR0aD0iMSIgaGVpZ2h0PSIxIiB4bWxucz0iaHR0cDovL3d3dy53My5vcmcvMjAwMC9zdmciPjwvc3ZnPg==\" style=\"--smush-placeholder-width: 800px; --smush-placeholder-aspect-ratio: 800\/533;\" \/><\/figure>\n\n\n\n<p>Normalmente intento mantenerme al margen de lo pol\u00edtico como terreno principal, no porque no importe, sino porque muchas veces termina desvi\u00e1ndonos de lo esencial: lo humano. Pero hay momentos en los que lo que ocurre en ese escenario no se puede observar \u00fanicamente como din\u00e1mica de poder, sino como un reflejo directo de nuestros valores. Y este es uno de esos momentos.<\/p>\n\n\n\n<p>Hay un diputado en ejercicio se\u00f1alado por un caso de acoso sexual. Se conform\u00f3 una comisi\u00f3n, se investig\u00f3, se construy\u00f3 un informe. La Asamblea Legislativa deb\u00eda votar si proced\u00eda o no una sanci\u00f3n. Hasta ah\u00ed, el proceso parec\u00eda seguir un cauce institucional. Pero lo que realmente estaba en juego no era solo un procedimiento, sino algo mucho m\u00e1s profundo: la decisi\u00f3n individual de cada diputado frente a un tema que, antes que pol\u00edtico, es moral.<\/p>\n\n\n\n<p>Porque aqu\u00ed no se trata de una reforma, de una ley o de una estrategia de gobierno. Se trata de una conducta. De l\u00edmites. De dignidad. De la capacidad de cada persona que ocupa una curul de preguntarse, con honestidad, qu\u00e9 es lo correcto a la luz de lo que se ha presentado. Este tipo de votaciones no deber\u00edan resolverse en bloques, ni en reuniones previas donde se define una l\u00ednea com\u00fan. Deber\u00edan resolverse en conciencia.<\/p>\n\n\n\n<p>Y, sin embargo, volvimos a ver lo de siempre.<\/p>\n\n\n\n<p>Antes de la votaci\u00f3n, reuniones. Alineamientos. Acuerdos. Decisiones tomadas fuera del espacio donde deb\u00edan tomarse. Lo que pod\u00eda haber sido un ejercicio individual de criterio se convirti\u00f3, otra vez, en una estrategia colectiva. Y entonces lo moral empez\u00f3 a diluirse dentro de lo pol\u00edtico. Lo que deb\u00eda ser una decisi\u00f3n \u00edntima, casi silenciosa, termin\u00f3 siendo una pieza m\u00e1s dentro de un tablero de conveniencias.<\/p>\n\n\n\n<p>Pero lo que ocurri\u00f3 despu\u00e9s es todav\u00eda m\u00e1s dif\u00edcil de ignorar.<\/p>\n\n\n\n<p>Al d\u00eda siguiente de esa primera votaci\u00f3n, se hizo un nuevo llamado. Y no hubo quorum. No se pudo votar. Se volvi\u00f3 a convocar\u2026 y nuevamente no hubo quorum. En la \u00faltima sesi\u00f3n de esta Asamblea Legislativa, un grupo importante de diputados decidi\u00f3 no presentarse. No por imposibilidad. No por accidente. Decidieron no llegar.<\/p>\n\n\n\n<p>Y con esa ausencia, eligieron algo.<\/p>\n\n\n\n<p>Eligieron no votar. Eligieron no asumir una posici\u00f3n. Eligieron no hacerse responsables frente a un tema que exig\u00eda, precisamente, presencia y criterio. Cerraron el periodo legislativo de la forma m\u00e1s inc\u00f3moda posible: no con una decisi\u00f3n, sino con una evasi\u00f3n.<\/p>\n\n\n\n<p>Porque cuando alguien decide no presentarse para evitar votar, tambi\u00e9n est\u00e1 votando. Est\u00e1 votando por la omisi\u00f3n. Est\u00e1 votando por la conveniencia. Est\u00e1 votando por proteger, directa o indirectamente, una situaci\u00f3n que deb\u00eda enfrentarse con claridad.<\/p>\n\n\n\n<p>Y eso deja un sabor dif\u00edcil de ignorar.<\/p>\n\n\n\n<p>No se trata solo del caso en s\u00ed. Se trata del mensaje. De lo que se comunica cuando, frente a una situaci\u00f3n de acoso sexual, la respuesta no es la deliberaci\u00f3n ni la toma de posici\u00f3n, sino la ausencia estrat\u00e9gica. Eso erosiona la confianza. Debilita la institucionalidad. Y, sobre todo, genera una sensaci\u00f3n inc\u00f3moda de que hay comportamientos que pueden ser rodeados, diluidos o protegidos por din\u00e1micas pol\u00edticas.<\/p>\n\n\n\n<p>Entiendo que la pol\u00edtica funciona con alianzas, con negociaciones, con equilibrios. Pero hay temas que deber\u00edan quedar fuera de esa l\u00f3gica. Hay momentos donde el c\u00e1lculo no puede sustituir la conciencia. Donde el silencio no puede ser una opci\u00f3n v\u00e1lida. Donde no estar presente tambi\u00e9n es una forma de actuar.<\/p>\n\n\n\n<p>Porque al final, no presentarse fue una decisi\u00f3n.<\/p>\n\n\n\n<p>Y esa decisi\u00f3n habla.<\/p>\n\n\n\n<p>Habla de prioridades. Habla de l\u00edmites. Habla de hasta d\u00f3nde algunos est\u00e1n dispuestos a llegar \u2014o a no llegar\u2014 cuando el costo de decidir puede incomodar.<\/p>\n\n\n\n<p>Tal vez lo \u00fanico que nos queda, como ciudadanos, es observar eso. No solo lo que se dijo, sino lo que no se hizo. No solo qui\u00e9n habl\u00f3, sino qui\u00e9n decidi\u00f3 no estar. Y desde ah\u00ed, volver a algo m\u00e1s simple, m\u00e1s silencioso, m\u00e1s nuestro\u2026 preguntarnos qu\u00e9 har\u00edamos nosotros si estuvi\u00e9ramos en ese lugar, y qu\u00e9 valores no estar\u00edamos dispuestos a negociar, incluso cuando todo alrededor empuje en otra direcci\u00f3n.<\/p>\n\n\n\n<p>Y en medio de todo ese ruido, hacer una pausa. Respirar. Recordar que, aun cuando los escenarios externos se llenan de estrategia y evasi\u00f3n, t\u00fa siempre pod\u00e9s elegir desde d\u00f3nde te posicion\u00e1s. Porque hay algo que no depende de acuerdos, ni de bloques, ni de ausencias: la forma en que t\u00fa decid\u00eds sostener tus propios valores, incluso cuando nadie est\u00e1 mirando.<\/p>\n","protected":false},"excerpt":{"rendered":"<p>Normalmente intento mantenerme al margen de lo pol\u00edtico como terreno principal, no porque no importe, sino porque muchas veces termina [&hellip;]<\/p>\n","protected":false},"author":1,"featured_media":3589,"comment_status":"open","ping_status":"open","sticky":false,"template":"","format":"standard","meta":{"site-sidebar-layout":"default","site-content-layout":"","ast-site-content-layout":"","site-content-style":"default","site-sidebar-style":"default","ast-global-header-display":"","ast-banner-title-visibility":"","ast-main-header-display":"","ast-hfb-above-header-display":"","ast-hfb-below-header-display":"","ast-hfb-mobile-header-display":"","site-post-title":"","ast-breadcrumbs-content":"","ast-featured-img":"","footer-sml-layout":"","theme-transparent-header-meta":"","adv-header-id-meta":"","stick-header-meta":"","header-above-stick-meta":"","header-main-stick-meta":"","header-below-stick-meta":"","astra-migrate-meta-layouts":"default","ast-page-background-enabled":"default","ast-page-background-meta":{"desktop":{"background-color":"var(--ast-global-color-5)","background-image":"","background-repeat":"repeat","background-position":"center center","background-size":"auto","background-attachment":"scroll","background-type":"","background-media":"","overlay-type":"","overlay-color":"","overlay-opacity":"","overlay-gradient":""},"tablet":{"background-color":"","background-image":"","background-repeat":"repeat","background-position":"center center","background-size":"auto","background-attachment":"scroll","background-type":"","background-media":"","overlay-type":"","overlay-color":"","overlay-opacity":"","overlay-gradient":""},"mobile":{"background-color":"","background-image":"","background-repeat":"repeat","background-position":"center center","background-size":"auto","background-attachment":"scroll","background-type":"","background-media":"","overlay-type":"","overlay-color":"","overlay-opacity":"","overlay-gradient":""}},"ast-content-background-meta":{"desktop":{"background-color":"var(--ast-global-color-4)","background-image":"","background-repeat":"repeat","background-position":"center center","background-size":"auto","background-attachment":"scroll","background-type":"","background-media":"","overlay-type":"","overlay-color":"","overlay-opacity":"","overlay-gradient":""},"tablet":{"background-color":"var(--ast-global-color-4)","background-image":"","background-repeat":"repeat","background-position":"center center","background-size":"auto","background-attachment":"scroll","background-type":"","background-media":"","overlay-type":"","overlay-color":"","overlay-opacity":"","overlay-gradient":""},"mobile":{"background-color":"var(--ast-global-color-4)","background-image":"","background-repeat":"repeat","background-position":"center center","background-size":"auto","background-attachment":"scroll","background-type":"","background-media":"","overlay-type":"","overlay-color":"","overlay-opacity":"","overlay-gradient":""}},"footnotes":""},"categories":[9],"tags":[],"class_list":["post-3588","post","type-post","status-publish","format-standard","has-post-thumbnail","hentry","category-mis-escritos"],"yoast_head":"<!-- This site is optimized with the Yoast SEO plugin v26.0 - https:\/\/yoast.com\/wordpress\/plugins\/seo\/ -->\n<title>Cuando lo moral se somete a lo pol\u00edtico - MI BLOG<\/title>\n<meta name=\"robots\" content=\"index, follow, max-snippet:-1, max-image-preview:large, max-video-preview:-1\" \/>\n<link rel=\"canonical\" href=\"https:\/\/viniciojarquin.com\/blog\/cuando-lo-moral-se-somete-a-lo-politico\/\" \/>\n<meta property=\"og:locale\" content=\"es_ES\" \/>\n<meta property=\"og:type\" content=\"article\" \/>\n<meta property=\"og:title\" content=\"Cuando lo moral se somete a lo pol\u00edtico - MI BLOG\" \/>\n<meta property=\"og:description\" content=\"Normalmente intento mantenerme al margen de lo pol\u00edtico como terreno principal, no porque no importe, sino porque muchas veces termina [&hellip;]\" \/>\n<meta property=\"og:url\" content=\"https:\/\/viniciojarquin.com\/blog\/cuando-lo-moral-se-somete-a-lo-politico\/\" \/>\n<meta property=\"og:site_name\" content=\"MI BLOG\" \/>\n<meta property=\"article:publisher\" content=\"https:\/\/www.facebook.com\/vinicio.jarquin\" \/>\n<meta property=\"article:author\" content=\"https:\/\/www.facebook.com\/vinicio.jarquin\" \/>\n<meta property=\"article:published_time\" content=\"2026-04-29T04:39:26+00:00\" \/>\n<meta property=\"article:modified_time\" content=\"2026-04-29T04:39:27+00:00\" \/>\n<meta property=\"og:image\" content=\"https:\/\/viniciojarquin.com\/blog\/wp-content\/uploads\/2026\/04\/Cuando-lo-moral-se-somete-a-lo-politico.png\" \/>\n\t<meta property=\"og:image:width\" content=\"800\" \/>\n\t<meta property=\"og:image:height\" content=\"533\" \/>\n\t<meta property=\"og:image:type\" content=\"image\/png\" \/>\n<meta name=\"author\" content=\"Vinicio Jarqu\u00edn\" \/>\n<meta name=\"twitter:card\" content=\"summary_large_image\" \/>\n<meta name=\"twitter:label1\" content=\"Escrito por\" \/>\n\t<meta name=\"twitter:data1\" content=\"Vinicio Jarqu\u00edn\" \/>\n\t<meta name=\"twitter:label2\" content=\"Tiempo de lectura\" \/>\n\t<meta name=\"twitter:data2\" content=\"4 minutos\" \/>\n<script type=\"application\/ld+json\" class=\"yoast-schema-graph\">{\"@context\":\"https:\/\/schema.org\",\"@graph\":[{\"@type\":\"Article\",\"@id\":\"https:\/\/viniciojarquin.com\/blog\/cuando-lo-moral-se-somete-a-lo-politico\/#article\",\"isPartOf\":{\"@id\":\"https:\/\/viniciojarquin.com\/blog\/cuando-lo-moral-se-somete-a-lo-politico\/\"},\"author\":{\"name\":\"Vinicio Jarqu\u00edn\",\"@id\":\"https:\/\/viniciojarquin.com\/blog\/#\/schema\/person\/90100c8845ae55462ec0657d3d2f8d3b\"},\"headline\":\"Cuando lo moral se somete a lo pol\u00edtico\",\"datePublished\":\"2026-04-29T04:39:26+00:00\",\"dateModified\":\"2026-04-29T04:39:27+00:00\",\"mainEntityOfPage\":{\"@id\":\"https:\/\/viniciojarquin.com\/blog\/cuando-lo-moral-se-somete-a-lo-politico\/\"},\"wordCount\":813,\"commentCount\":0,\"publisher\":{\"@id\":\"https:\/\/viniciojarquin.com\/blog\/#\/schema\/person\/90100c8845ae55462ec0657d3d2f8d3b\"},\"image\":{\"@id\":\"https:\/\/viniciojarquin.com\/blog\/cuando-lo-moral-se-somete-a-lo-politico\/#primaryimage\"},\"thumbnailUrl\":\"https:\/\/viniciojarquin.com\/blog\/wp-content\/uploads\/2026\/04\/Cuando-lo-moral-se-somete-a-lo-politico.png\",\"articleSection\":[\"Escritos generales\"],\"inLanguage\":\"es\",\"potentialAction\":[{\"@type\":\"CommentAction\",\"name\":\"Comment\",\"target\":[\"https:\/\/viniciojarquin.com\/blog\/cuando-lo-moral-se-somete-a-lo-politico\/#respond\"]}]},{\"@type\":\"WebPage\",\"@id\":\"https:\/\/viniciojarquin.com\/blog\/cuando-lo-moral-se-somete-a-lo-politico\/\",\"url\":\"https:\/\/viniciojarquin.com\/blog\/cuando-lo-moral-se-somete-a-lo-politico\/\",\"name\":\"Cuando lo moral se somete a lo pol\u00edtico - MI BLOG\",\"isPartOf\":{\"@id\":\"https:\/\/viniciojarquin.com\/blog\/#website\"},\"primaryImageOfPage\":{\"@id\":\"https:\/\/viniciojarquin.com\/blog\/cuando-lo-moral-se-somete-a-lo-politico\/#primaryimage\"},\"image\":{\"@id\":\"https:\/\/viniciojarquin.com\/blog\/cuando-lo-moral-se-somete-a-lo-politico\/#primaryimage\"},\"thumbnailUrl\":\"https:\/\/viniciojarquin.com\/blog\/wp-content\/uploads\/2026\/04\/Cuando-lo-moral-se-somete-a-lo-politico.png\",\"datePublished\":\"2026-04-29T04:39:26+00:00\",\"dateModified\":\"2026-04-29T04:39:27+00:00\",\"breadcrumb\":{\"@id\":\"https:\/\/viniciojarquin.com\/blog\/cuando-lo-moral-se-somete-a-lo-politico\/#breadcrumb\"},\"inLanguage\":\"es\",\"potentialAction\":[{\"@type\":\"ReadAction\",\"target\":[\"https:\/\/viniciojarquin.com\/blog\/cuando-lo-moral-se-somete-a-lo-politico\/\"]}]},{\"@type\":\"ImageObject\",\"inLanguage\":\"es\",\"@id\":\"https:\/\/viniciojarquin.com\/blog\/cuando-lo-moral-se-somete-a-lo-politico\/#primaryimage\",\"url\":\"https:\/\/viniciojarquin.com\/blog\/wp-content\/uploads\/2026\/04\/Cuando-lo-moral-se-somete-a-lo-politico.png\",\"contentUrl\":\"https:\/\/viniciojarquin.com\/blog\/wp-content\/uploads\/2026\/04\/Cuando-lo-moral-se-somete-a-lo-politico.png\",\"width\":800,\"height\":533},{\"@type\":\"BreadcrumbList\",\"@id\":\"https:\/\/viniciojarquin.com\/blog\/cuando-lo-moral-se-somete-a-lo-politico\/#breadcrumb\",\"itemListElement\":[{\"@type\":\"ListItem\",\"position\":1,\"name\":\"Portada\",\"item\":\"https:\/\/viniciojarquin.com\/blog\/\"},{\"@type\":\"ListItem\",\"position\":2,\"name\":\"Cuando lo moral se somete a lo pol\u00edtico\"}]},{\"@type\":\"WebSite\",\"@id\":\"https:\/\/viniciojarquin.com\/blog\/#website\",\"url\":\"https:\/\/viniciojarquin.com\/blog\/\",\"name\":\"Vinicio Jarqu\u00edn BLOG\",\"description\":\"\",\"publisher\":{\"@id\":\"https:\/\/viniciojarquin.com\/blog\/#\/schema\/person\/90100c8845ae55462ec0657d3d2f8d3b\"},\"potentialAction\":[{\"@type\":\"SearchAction\",\"target\":{\"@type\":\"EntryPoint\",\"urlTemplate\":\"https:\/\/viniciojarquin.com\/blog\/?s={search_term_string}\"},\"query-input\":{\"@type\":\"PropertyValueSpecification\",\"valueRequired\":true,\"valueName\":\"search_term_string\"}}],\"inLanguage\":\"es\"},{\"@type\":[\"Person\",\"Organization\"],\"@id\":\"https:\/\/viniciojarquin.com\/blog\/#\/schema\/person\/90100c8845ae55462ec0657d3d2f8d3b\",\"name\":\"Vinicio Jarqu\u00edn\",\"image\":{\"@type\":\"ImageObject\",\"inLanguage\":\"es\",\"@id\":\"https:\/\/viniciojarquin.com\/blog\/#\/schema\/person\/image\/\",\"url\":\"https:\/\/viniciojarquin.com\/blog\/wp-content\/uploads\/2024\/10\/Logo-VinicioJarquin-original-400.png\",\"contentUrl\":\"https:\/\/viniciojarquin.com\/blog\/wp-content\/uploads\/2024\/10\/Logo-VinicioJarquin-original-400.png\",\"width\":400,\"height\":130,\"caption\":\"Vinicio Jarqu\u00edn\"},\"logo\":{\"@id\":\"https:\/\/viniciojarquin.com\/blog\/#\/schema\/person\/image\/\"},\"description\":\"Empresario textil, artista pl\u00e1stico, escritor, coach de vida y fot\u00f3grafo.\",\"sameAs\":[\"https:\/\/viniciojarquin.com\/blog\",\"https:\/\/www.facebook.com\/vinicio.jarquin\",\"https:\/\/www.instagram.com\/vinicio_jarquin\/\",\"https:\/\/www.pinterest.com\/vinnyjc\/\",\"https:\/\/www.youtube.com\/@VinicioJarquin\"],\"url\":\"https:\/\/viniciojarquin.com\/blog\/author\/admin_s02au25i\/\"}]}<\/script>\n<!-- \/ Yoast SEO plugin. -->","yoast_head_json":{"title":"Cuando lo moral se somete a lo pol\u00edtico - MI BLOG","robots":{"index":"index","follow":"follow","max-snippet":"max-snippet:-1","max-image-preview":"max-image-preview:large","max-video-preview":"max-video-preview:-1"},"canonical":"https:\/\/viniciojarquin.com\/blog\/cuando-lo-moral-se-somete-a-lo-politico\/","og_locale":"es_ES","og_type":"article","og_title":"Cuando lo moral se somete a lo pol\u00edtico - MI BLOG","og_description":"Normalmente intento mantenerme al margen de lo pol\u00edtico como terreno principal, no porque no importe, sino porque muchas veces termina [&hellip;]","og_url":"https:\/\/viniciojarquin.com\/blog\/cuando-lo-moral-se-somete-a-lo-politico\/","og_site_name":"MI BLOG","article_publisher":"https:\/\/www.facebook.com\/vinicio.jarquin","article_author":"https:\/\/www.facebook.com\/vinicio.jarquin","article_published_time":"2026-04-29T04:39:26+00:00","article_modified_time":"2026-04-29T04:39:27+00:00","og_image":[{"width":800,"height":533,"url":"https:\/\/viniciojarquin.com\/blog\/wp-content\/uploads\/2026\/04\/Cuando-lo-moral-se-somete-a-lo-politico.png","type":"image\/png"}],"author":"Vinicio Jarqu\u00edn","twitter_card":"summary_large_image","twitter_misc":{"Escrito por":"Vinicio Jarqu\u00edn","Tiempo de lectura":"4 minutos"},"schema":{"@context":"https:\/\/schema.org","@graph":[{"@type":"Article","@id":"https:\/\/viniciojarquin.com\/blog\/cuando-lo-moral-se-somete-a-lo-politico\/#article","isPartOf":{"@id":"https:\/\/viniciojarquin.com\/blog\/cuando-lo-moral-se-somete-a-lo-politico\/"},"author":{"name":"Vinicio Jarqu\u00edn","@id":"https:\/\/viniciojarquin.com\/blog\/#\/schema\/person\/90100c8845ae55462ec0657d3d2f8d3b"},"headline":"Cuando lo moral se somete a lo pol\u00edtico","datePublished":"2026-04-29T04:39:26+00:00","dateModified":"2026-04-29T04:39:27+00:00","mainEntityOfPage":{"@id":"https:\/\/viniciojarquin.com\/blog\/cuando-lo-moral-se-somete-a-lo-politico\/"},"wordCount":813,"commentCount":0,"publisher":{"@id":"https:\/\/viniciojarquin.com\/blog\/#\/schema\/person\/90100c8845ae55462ec0657d3d2f8d3b"},"image":{"@id":"https:\/\/viniciojarquin.com\/blog\/cuando-lo-moral-se-somete-a-lo-politico\/#primaryimage"},"thumbnailUrl":"https:\/\/viniciojarquin.com\/blog\/wp-content\/uploads\/2026\/04\/Cuando-lo-moral-se-somete-a-lo-politico.png","articleSection":["Escritos generales"],"inLanguage":"es","potentialAction":[{"@type":"CommentAction","name":"Comment","target":["https:\/\/viniciojarquin.com\/blog\/cuando-lo-moral-se-somete-a-lo-politico\/#respond"]}]},{"@type":"WebPage","@id":"https:\/\/viniciojarquin.com\/blog\/cuando-lo-moral-se-somete-a-lo-politico\/","url":"https:\/\/viniciojarquin.com\/blog\/cuando-lo-moral-se-somete-a-lo-politico\/","name":"Cuando lo moral se somete a lo pol\u00edtico - MI BLOG","isPartOf":{"@id":"https:\/\/viniciojarquin.com\/blog\/#website"},"primaryImageOfPage":{"@id":"https:\/\/viniciojarquin.com\/blog\/cuando-lo-moral-se-somete-a-lo-politico\/#primaryimage"},"image":{"@id":"https:\/\/viniciojarquin.com\/blog\/cuando-lo-moral-se-somete-a-lo-politico\/#primaryimage"},"thumbnailUrl":"https:\/\/viniciojarquin.com\/blog\/wp-content\/uploads\/2026\/04\/Cuando-lo-moral-se-somete-a-lo-politico.png","datePublished":"2026-04-29T04:39:26+00:00","dateModified":"2026-04-29T04:39:27+00:00","breadcrumb":{"@id":"https:\/\/viniciojarquin.com\/blog\/cuando-lo-moral-se-somete-a-lo-politico\/#breadcrumb"},"inLanguage":"es","potentialAction":[{"@type":"ReadAction","target":["https:\/\/viniciojarquin.com\/blog\/cuando-lo-moral-se-somete-a-lo-politico\/"]}]},{"@type":"ImageObject","inLanguage":"es","@id":"https:\/\/viniciojarquin.com\/blog\/cuando-lo-moral-se-somete-a-lo-politico\/#primaryimage","url":"https:\/\/viniciojarquin.com\/blog\/wp-content\/uploads\/2026\/04\/Cuando-lo-moral-se-somete-a-lo-politico.png","contentUrl":"https:\/\/viniciojarquin.com\/blog\/wp-content\/uploads\/2026\/04\/Cuando-lo-moral-se-somete-a-lo-politico.png","width":800,"height":533},{"@type":"BreadcrumbList","@id":"https:\/\/viniciojarquin.com\/blog\/cuando-lo-moral-se-somete-a-lo-politico\/#breadcrumb","itemListElement":[{"@type":"ListItem","position":1,"name":"Portada","item":"https:\/\/viniciojarquin.com\/blog\/"},{"@type":"ListItem","position":2,"name":"Cuando lo moral se somete a lo pol\u00edtico"}]},{"@type":"WebSite","@id":"https:\/\/viniciojarquin.com\/blog\/#website","url":"https:\/\/viniciojarquin.com\/blog\/","name":"Vinicio Jarqu\u00edn BLOG","description":"","publisher":{"@id":"https:\/\/viniciojarquin.com\/blog\/#\/schema\/person\/90100c8845ae55462ec0657d3d2f8d3b"},"potentialAction":[{"@type":"SearchAction","target":{"@type":"EntryPoint","urlTemplate":"https:\/\/viniciojarquin.com\/blog\/?s={search_term_string}"},"query-input":{"@type":"PropertyValueSpecification","valueRequired":true,"valueName":"search_term_string"}}],"inLanguage":"es"},{"@type":["Person","Organization"],"@id":"https:\/\/viniciojarquin.com\/blog\/#\/schema\/person\/90100c8845ae55462ec0657d3d2f8d3b","name":"Vinicio Jarqu\u00edn","image":{"@type":"ImageObject","inLanguage":"es","@id":"https:\/\/viniciojarquin.com\/blog\/#\/schema\/person\/image\/","url":"https:\/\/viniciojarquin.com\/blog\/wp-content\/uploads\/2024\/10\/Logo-VinicioJarquin-original-400.png","contentUrl":"https:\/\/viniciojarquin.com\/blog\/wp-content\/uploads\/2024\/10\/Logo-VinicioJarquin-original-400.png","width":400,"height":130,"caption":"Vinicio Jarqu\u00edn"},"logo":{"@id":"https:\/\/viniciojarquin.com\/blog\/#\/schema\/person\/image\/"},"description":"Empresario textil, artista pl\u00e1stico, escritor, coach de vida y fot\u00f3grafo.","sameAs":["https:\/\/viniciojarquin.com\/blog","https:\/\/www.facebook.com\/vinicio.jarquin","https:\/\/www.instagram.com\/vinicio_jarquin\/","https:\/\/www.pinterest.com\/vinnyjc\/","https:\/\/www.youtube.com\/@VinicioJarquin"],"url":"https:\/\/viniciojarquin.com\/blog\/author\/admin_s02au25i\/"}]}},"blog_post_layout_featured_media_urls":{"thumbnail":["https:\/\/viniciojarquin.com\/blog\/wp-content\/uploads\/2026\/04\/Cuando-lo-moral-se-somete-a-lo-politico-150x150.png",150,150,true],"full":["https:\/\/viniciojarquin.com\/blog\/wp-content\/uploads\/2026\/04\/Cuando-lo-moral-se-somete-a-lo-politico.png",800,533,false]},"categories_names":{"9":{"name":"Escritos generales","link":"https:\/\/viniciojarquin.com\/blog\/category\/mis-escritos\/"}},"tags_names":[],"comments_number":"0","_links":{"self":[{"href":"https:\/\/viniciojarquin.com\/blog\/wp-json\/wp\/v2\/posts\/3588","targetHints":{"allow":["GET"]}}],"collection":[{"href":"https:\/\/viniciojarquin.com\/blog\/wp-json\/wp\/v2\/posts"}],"about":[{"href":"https:\/\/viniciojarquin.com\/blog\/wp-json\/wp\/v2\/types\/post"}],"author":[{"embeddable":true,"href":"https:\/\/viniciojarquin.com\/blog\/wp-json\/wp\/v2\/users\/1"}],"replies":[{"embeddable":true,"href":"https:\/\/viniciojarquin.com\/blog\/wp-json\/wp\/v2\/comments?post=3588"}],"version-history":[{"count":1,"href":"https:\/\/viniciojarquin.com\/blog\/wp-json\/wp\/v2\/posts\/3588\/revisions"}],"predecessor-version":[{"id":3590,"href":"https:\/\/viniciojarquin.com\/blog\/wp-json\/wp\/v2\/posts\/3588\/revisions\/3590"}],"wp:featuredmedia":[{"embeddable":true,"href":"https:\/\/viniciojarquin.com\/blog\/wp-json\/wp\/v2\/media\/3589"}],"wp:attachment":[{"href":"https:\/\/viniciojarquin.com\/blog\/wp-json\/wp\/v2\/media?parent=3588"}],"wp:term":[{"taxonomy":"category","embeddable":true,"href":"https:\/\/viniciojarquin.com\/blog\/wp-json\/wp\/v2\/categories?post=3588"},{"taxonomy":"post_tag","embeddable":true,"href":"https:\/\/viniciojarquin.com\/blog\/wp-json\/wp\/v2\/tags?post=3588"}],"curies":[{"name":"wp","href":"https:\/\/api.w.org\/{rel}","templated":true}]}}