{"id":398,"date":"2025-07-26T04:43:42","date_gmt":"2025-07-26T04:43:42","guid":{"rendered":"https:\/\/viniciojarquin.com\/blog\/?p=398"},"modified":"2025-08-04T03:04:24","modified_gmt":"2025-08-04T03:04:24","slug":"no-era-esto-no-asi-no-en-nicoya","status":"publish","type":"post","link":"https:\/\/viniciojarquin.com\/blog\/no-era-esto-no-asi-no-en-nicoya\/","title":{"rendered":"No era esto. No as\u00ed. No en Nicoya."},"content":{"rendered":"\n<p>Es una fecha sagrada para Costa Rica.<\/p>\n\n\n\n<p>Una p\u00e1gina brillante de nuestra historia, escrita con dignidad por un pueblo que decidi\u00f3, por voluntad propia, formar parte de esta naci\u00f3n.<\/p>\n\n\n\n<p>El Partido de Nicoya no se anex\u00f3 por miedo, ni por presi\u00f3n, ni por favores.<\/p>\n\n\n\n<p>Se anex\u00f3 por visi\u00f3n. Por convicci\u00f3n.<\/p>\n\n\n\n<p>Porque vieron en Costa Rica una posibilidad de uni\u00f3n, de libertad, de futuro compartido.<\/p>\n\n\n\n<p>Y Costa Rica, al recibirlos, no solo creci\u00f3 en territorio. Creci\u00f3 en alma.<\/p>\n\n\n\n<p>En cultura. En coraje. En belleza. En dignidad.<\/p>\n\n\n\n<p>Eso se honra.<\/p>\n\n\n\n<p>Eso se agradece.<\/p>\n\n\n\n<p>Eso no se convierte en un circo.<\/p>\n\n\n\n<p>Y sin embargo, ayer, 25 de julio del 2025, el presidente de la Rep\u00fablica fue a Nicoya a hacer exactamente lo contrario:<\/p>\n\n\n\n<p>a profanar una conmemoraci\u00f3n con mitin,<\/p>\n\n\n\n<p>a usar una fecha solemne como escenario de propaganda, a gritar, burlarse, atacar y hacer del acto un espect\u00e1culo pobre y vac\u00edo.<\/p>\n\n\n\n<p>Un mon\u00f3logo para alimentar su ego.<\/p>\n\n\n\n<p>Una puesta en escena donde no hubo solemnidad, ni respeto, ni altura.<\/p>\n\n\n\n<p>Donde la historia fue desplazada por la far\u00e1ndula del poder. Y el pa\u00eds entero lo vio.<\/p>\n\n\n\n<p>Y yo, como costarricense, me averg\u00fcenzo.<\/p>\n\n\n\n<p>Y como ciudadano, me disculpo.<\/p>\n\n\n\n<p>Me disculpo con Nicoya. Con sus hombres y mujeres honestos, trabajadores, valientes.<\/p>\n\n\n\n<p>Con quienes saben lo que significa amar a su tierra sin gritarlo. Con quienes a\u00fan creen en la democracia, en el respeto, en la decencia.<\/p>\n\n\n\n<p>Porque ustedes no se anexaron para esto.<\/p>\n\n\n\n<p>No para ser parte de un show pol\u00edtico. No para ver convertida su dignidad en espect\u00e1culo. No para ser aplaudidos por troles ni manipulados por guiones predecibles.<\/p>\n\n\n\n<p>Ustedes se anexaron para construir un pa\u00eds.<\/p>\n\n\n\n<p>Y lo han hecho. Con trabajo. Con tierra. Con familia. Con fe.<\/p>\n\n\n\n<p>Por eso este momento no representa a Costa Rica. Y mucho menos representa a Guanacaste.<\/p>\n\n\n\n<p><strong>Lo que sucedi\u00f3 ayer fue un circo.<\/strong> Pero eso sucede en cada pa\u00eds donde quienes gobiernan han dejado de ser l\u00edderes y se han convertido en payasos. Sucede, sobre todo, cuando quienes est\u00e1n frente a ellos act\u00faan como simples espectadores\u2026 y aplauden el espect\u00e1culo, por m\u00e1s mediocre que sea.<\/p>\n\n\n\n<p>Ustedes tomaron la decisi\u00f3n cargando kil\u00f3metros de tierra en sus espaldas para unirse a un gran pa\u00eds.<\/p>\n\n\n\n<p>\u00bfNo merec\u00edan que, tantos a\u00f1os despu\u00e9s, se les respondiera con dignidad?<\/p>\n\n\n\n<p>\u00bfCon memoria? \u00bfCon respeto?<\/p>\n\n\n\n<p>Lo que se vivi\u00f3 ayer en Nicoya no fue una celebraci\u00f3n. Fue una puesta en escena vulgar, vac\u00eda, decorada con porras pagadas y gritos ensayados. Un insulto a la historia. Una ofensa a su gente. Pero lo bueno de los circos es que no duran para siempre. Y este, tambi\u00e9n se va a desarmar.<\/p>\n\n\n\n<p>Muy pronto, por la <strong>Puerta Grande<\/strong>, saldr\u00e1n quienes llegaron a destruir disfrazados de constructores. Saldr\u00e1n quienes gritan que luchan contra la corrupci\u00f3n, sin haber llevado a nadie ante la justicia, y estando ellos mismos a dos pasos del banquillo de los acusados.<\/p>\n\n\n\n<p>Se\u00f1ores nicoyanos, hace muchos a\u00f1os fue dif\u00edcil. Y hoy tambi\u00e9n lo es. Pero ustedes lo lograron solos. Y hoy, <strong>juntos<\/strong>, lo vamos a lograr de nuevo.<\/p>\n\n\n\n<figure class=\"wp-block-image size-full\"><img decoding=\"async\" width=\"1000\" height=\"1000\" data-src=\"https:\/\/viniciojarquin.com\/blog\/wp-content\/uploads\/2025\/07\/Nicoya.png\" alt=\"\" class=\"wp-image-411 lazyload\" data-srcset=\"https:\/\/viniciojarquin.com\/blog\/wp-content\/uploads\/2025\/07\/Nicoya.png 1000w, https:\/\/viniciojarquin.com\/blog\/wp-content\/uploads\/2025\/07\/Nicoya-300x300.png 300w, https:\/\/viniciojarquin.com\/blog\/wp-content\/uploads\/2025\/07\/Nicoya-150x150.png 150w, https:\/\/viniciojarquin.com\/blog\/wp-content\/uploads\/2025\/07\/Nicoya-768x768.png 768w\" data-sizes=\"(max-width: 1000px) 100vw, 1000px\" src=\"data:image\/svg+xml;base64,PHN2ZyB3aWR0aD0iMSIgaGVpZ2h0PSIxIiB4bWxucz0iaHR0cDovL3d3dy53My5vcmcvMjAwMC9zdmciPjwvc3ZnPg==\" style=\"--smush-placeholder-width: 1000px; --smush-placeholder-aspect-ratio: 1000\/1000;\" \/><\/figure>\n","protected":false},"excerpt":{"rendered":"<p>Es una fecha sagrada para Costa Rica. Una p\u00e1gina brillante de nuestra historia, escrita con dignidad por un pueblo que [&hellip;]<\/p>\n","protected":false},"author":1,"featured_media":411,"comment_status":"open","ping_status":"open","sticky":false,"template":"","format":"standard","meta":{"site-sidebar-layout":"default","site-content-layout":"","ast-site-content-layout":"","site-content-style":"default","site-sidebar-style":"default","ast-global-header-display":"","ast-banner-title-visibility":"","ast-main-header-display":"","ast-hfb-above-header-display":"","ast-hfb-below-header-display":"","ast-hfb-mobile-header-display":"","site-post-title":"","ast-breadcrumbs-content":"","ast-featured-img":"","footer-sml-layout":"","theme-transparent-header-meta":"","adv-header-id-meta":"","stick-header-meta":"","header-above-stick-meta":"","header-main-stick-meta":"","header-below-stick-meta":"","astra-migrate-meta-layouts":"default","ast-page-background-enabled":"default","ast-page-background-meta":{"desktop":{"background-color":"var(--ast-global-color-5)","background-image":"","background-repeat":"repeat","background-position":"center center","background-size":"auto","background-attachment":"scroll","background-type":"","background-media":"","overlay-type":"","overlay-color":"","overlay-opacity":"","overlay-gradient":""},"tablet":{"background-color":"","background-image":"","background-repeat":"repeat","background-position":"center center","background-size":"auto","background-attachment":"scroll","background-type":"","background-media":"","overlay-type":"","overlay-color":"","overlay-opacity":"","overlay-gradient":""},"mobile":{"background-color":"","background-image":"","background-repeat":"repeat","background-position":"center center","background-size":"auto","background-attachment":"scroll","background-type":"","background-media":"","overlay-type":"","overlay-color":"","overlay-opacity":"","overlay-gradient":""}},"ast-content-background-meta":{"desktop":{"background-color":"var(--ast-global-color-4)","background-image":"","background-repeat":"repeat","background-position":"center center","background-size":"auto","background-attachment":"scroll","background-type":"","background-media":"","overlay-type":"","overlay-color":"","overlay-opacity":"","overlay-gradient":""},"tablet":{"background-color":"var(--ast-global-color-4)","background-image":"","background-repeat":"repeat","background-position":"center center","background-size":"auto","background-attachment":"scroll","background-type":"","background-media":"","overlay-type":"","overlay-color":"","overlay-opacity":"","overlay-gradient":""},"mobile":{"background-color":"var(--ast-global-color-4)","background-image":"","background-repeat":"repeat","background-position":"center center","background-size":"auto","background-attachment":"scroll","background-type":"","background-media":"","overlay-type":"","overlay-color":"","overlay-opacity":"","overlay-gradient":""}},"footnotes":""},"categories":[12],"tags":[],"class_list":["post-398","post","type-post","status-publish","format-standard","has-post-thumbnail","hentry","category-politica-o-gobierno"],"yoast_head":"<!-- This site is optimized with the Yoast SEO plugin v26.0 - https:\/\/yoast.com\/wordpress\/plugins\/seo\/ -->\n<title>No era esto. No as\u00ed. No en Nicoya. - MI BLOG<\/title>\n<meta name=\"robots\" content=\"index, follow, max-snippet:-1, max-image-preview:large, max-video-preview:-1\" \/>\n<link rel=\"canonical\" href=\"https:\/\/viniciojarquin.com\/blog\/no-era-esto-no-asi-no-en-nicoya\/\" \/>\n<meta property=\"og:locale\" content=\"es_ES\" \/>\n<meta property=\"og:type\" content=\"article\" \/>\n<meta property=\"og:title\" content=\"No era esto. No as\u00ed. No en Nicoya. - MI BLOG\" \/>\n<meta property=\"og:description\" content=\"Es una fecha sagrada para Costa Rica. Una p\u00e1gina brillante de nuestra historia, escrita con dignidad por un pueblo que [&hellip;]\" \/>\n<meta property=\"og:url\" content=\"https:\/\/viniciojarquin.com\/blog\/no-era-esto-no-asi-no-en-nicoya\/\" \/>\n<meta property=\"og:site_name\" content=\"MI BLOG\" \/>\n<meta property=\"article:publisher\" content=\"https:\/\/www.facebook.com\/vinicio.jarquin\" \/>\n<meta property=\"article:author\" content=\"https:\/\/www.facebook.com\/vinicio.jarquin\" \/>\n<meta property=\"article:published_time\" content=\"2025-07-26T04:43:42+00:00\" \/>\n<meta property=\"article:modified_time\" content=\"2025-08-04T03:04:24+00:00\" \/>\n<meta property=\"og:image\" content=\"https:\/\/viniciojarquin.com\/blog\/wp-content\/uploads\/2025\/07\/Nicoya.png\" \/>\n\t<meta property=\"og:image:width\" content=\"1000\" \/>\n\t<meta property=\"og:image:height\" content=\"1000\" \/>\n\t<meta property=\"og:image:type\" content=\"image\/png\" \/>\n<meta name=\"author\" content=\"Vinicio Jarqu\u00edn\" \/>\n<meta name=\"twitter:card\" content=\"summary_large_image\" \/>\n<meta name=\"twitter:label1\" content=\"Escrito por\" \/>\n\t<meta name=\"twitter:data1\" content=\"Vinicio Jarqu\u00edn\" \/>\n\t<meta name=\"twitter:label2\" content=\"Tiempo de lectura\" \/>\n\t<meta name=\"twitter:data2\" content=\"3 minutos\" \/>\n<script type=\"application\/ld+json\" class=\"yoast-schema-graph\">{\"@context\":\"https:\/\/schema.org\",\"@graph\":[{\"@type\":\"Article\",\"@id\":\"https:\/\/viniciojarquin.com\/blog\/no-era-esto-no-asi-no-en-nicoya\/#article\",\"isPartOf\":{\"@id\":\"https:\/\/viniciojarquin.com\/blog\/no-era-esto-no-asi-no-en-nicoya\/\"},\"author\":{\"name\":\"Vinicio Jarqu\u00edn\",\"@id\":\"https:\/\/viniciojarquin.com\/blog\/#\/schema\/person\/90100c8845ae55462ec0657d3d2f8d3b\"},\"headline\":\"No era esto. No as\u00ed. No en Nicoya.\",\"datePublished\":\"2025-07-26T04:43:42+00:00\",\"dateModified\":\"2025-08-04T03:04:24+00:00\",\"mainEntityOfPage\":{\"@id\":\"https:\/\/viniciojarquin.com\/blog\/no-era-esto-no-asi-no-en-nicoya\/\"},\"wordCount\":547,\"commentCount\":0,\"publisher\":{\"@id\":\"https:\/\/viniciojarquin.com\/blog\/#\/schema\/person\/90100c8845ae55462ec0657d3d2f8d3b\"},\"image\":{\"@id\":\"https:\/\/viniciojarquin.com\/blog\/no-era-esto-no-asi-no-en-nicoya\/#primaryimage\"},\"thumbnailUrl\":\"https:\/\/viniciojarquin.com\/blog\/wp-content\/uploads\/2025\/07\/Nicoya.png\",\"articleSection\":[\"Pol\u00edtica varios\"],\"inLanguage\":\"es\",\"potentialAction\":[{\"@type\":\"CommentAction\",\"name\":\"Comment\",\"target\":[\"https:\/\/viniciojarquin.com\/blog\/no-era-esto-no-asi-no-en-nicoya\/#respond\"]}]},{\"@type\":\"WebPage\",\"@id\":\"https:\/\/viniciojarquin.com\/blog\/no-era-esto-no-asi-no-en-nicoya\/\",\"url\":\"https:\/\/viniciojarquin.com\/blog\/no-era-esto-no-asi-no-en-nicoya\/\",\"name\":\"No era esto. No as\u00ed. No en Nicoya. - MI BLOG\",\"isPartOf\":{\"@id\":\"https:\/\/viniciojarquin.com\/blog\/#website\"},\"primaryImageOfPage\":{\"@id\":\"https:\/\/viniciojarquin.com\/blog\/no-era-esto-no-asi-no-en-nicoya\/#primaryimage\"},\"image\":{\"@id\":\"https:\/\/viniciojarquin.com\/blog\/no-era-esto-no-asi-no-en-nicoya\/#primaryimage\"},\"thumbnailUrl\":\"https:\/\/viniciojarquin.com\/blog\/wp-content\/uploads\/2025\/07\/Nicoya.png\",\"datePublished\":\"2025-07-26T04:43:42+00:00\",\"dateModified\":\"2025-08-04T03:04:24+00:00\",\"breadcrumb\":{\"@id\":\"https:\/\/viniciojarquin.com\/blog\/no-era-esto-no-asi-no-en-nicoya\/#breadcrumb\"},\"inLanguage\":\"es\",\"potentialAction\":[{\"@type\":\"ReadAction\",\"target\":[\"https:\/\/viniciojarquin.com\/blog\/no-era-esto-no-asi-no-en-nicoya\/\"]}]},{\"@type\":\"ImageObject\",\"inLanguage\":\"es\",\"@id\":\"https:\/\/viniciojarquin.com\/blog\/no-era-esto-no-asi-no-en-nicoya\/#primaryimage\",\"url\":\"https:\/\/viniciojarquin.com\/blog\/wp-content\/uploads\/2025\/07\/Nicoya.png\",\"contentUrl\":\"https:\/\/viniciojarquin.com\/blog\/wp-content\/uploads\/2025\/07\/Nicoya.png\",\"width\":1000,\"height\":1000},{\"@type\":\"BreadcrumbList\",\"@id\":\"https:\/\/viniciojarquin.com\/blog\/no-era-esto-no-asi-no-en-nicoya\/#breadcrumb\",\"itemListElement\":[{\"@type\":\"ListItem\",\"position\":1,\"name\":\"Portada\",\"item\":\"https:\/\/viniciojarquin.com\/blog\/\"},{\"@type\":\"ListItem\",\"position\":2,\"name\":\"No era esto. No as\u00ed. No en Nicoya.\"}]},{\"@type\":\"WebSite\",\"@id\":\"https:\/\/viniciojarquin.com\/blog\/#website\",\"url\":\"https:\/\/viniciojarquin.com\/blog\/\",\"name\":\"Vinicio Jarqu\u00edn BLOG\",\"description\":\"\",\"publisher\":{\"@id\":\"https:\/\/viniciojarquin.com\/blog\/#\/schema\/person\/90100c8845ae55462ec0657d3d2f8d3b\"},\"potentialAction\":[{\"@type\":\"SearchAction\",\"target\":{\"@type\":\"EntryPoint\",\"urlTemplate\":\"https:\/\/viniciojarquin.com\/blog\/?s={search_term_string}\"},\"query-input\":{\"@type\":\"PropertyValueSpecification\",\"valueRequired\":true,\"valueName\":\"search_term_string\"}}],\"inLanguage\":\"es\"},{\"@type\":[\"Person\",\"Organization\"],\"@id\":\"https:\/\/viniciojarquin.com\/blog\/#\/schema\/person\/90100c8845ae55462ec0657d3d2f8d3b\",\"name\":\"Vinicio Jarqu\u00edn\",\"image\":{\"@type\":\"ImageObject\",\"inLanguage\":\"es\",\"@id\":\"https:\/\/viniciojarquin.com\/blog\/#\/schema\/person\/image\/\",\"url\":\"https:\/\/viniciojarquin.com\/blog\/wp-content\/uploads\/2024\/10\/Logo-VinicioJarquin-original-400.png\",\"contentUrl\":\"https:\/\/viniciojarquin.com\/blog\/wp-content\/uploads\/2024\/10\/Logo-VinicioJarquin-original-400.png\",\"width\":400,\"height\":130,\"caption\":\"Vinicio Jarqu\u00edn\"},\"logo\":{\"@id\":\"https:\/\/viniciojarquin.com\/blog\/#\/schema\/person\/image\/\"},\"description\":\"Empresario textil, artista pl\u00e1stico, escritor, coach de vida y fot\u00f3grafo.\",\"sameAs\":[\"https:\/\/viniciojarquin.com\/blog\",\"https:\/\/www.facebook.com\/vinicio.jarquin\",\"https:\/\/www.instagram.com\/vinicio_jarquin\/\",\"https:\/\/www.pinterest.com\/vinnyjc\/\",\"https:\/\/www.youtube.com\/@VinicioJarquin\"],\"url\":\"https:\/\/viniciojarquin.com\/blog\/author\/admin_s02au25i\/\"}]}<\/script>\n<!-- \/ Yoast SEO plugin. -->","yoast_head_json":{"title":"No era esto. No as\u00ed. No en Nicoya. - MI BLOG","robots":{"index":"index","follow":"follow","max-snippet":"max-snippet:-1","max-image-preview":"max-image-preview:large","max-video-preview":"max-video-preview:-1"},"canonical":"https:\/\/viniciojarquin.com\/blog\/no-era-esto-no-asi-no-en-nicoya\/","og_locale":"es_ES","og_type":"article","og_title":"No era esto. No as\u00ed. No en Nicoya. - MI BLOG","og_description":"Es una fecha sagrada para Costa Rica. Una p\u00e1gina brillante de nuestra historia, escrita con dignidad por un pueblo que [&hellip;]","og_url":"https:\/\/viniciojarquin.com\/blog\/no-era-esto-no-asi-no-en-nicoya\/","og_site_name":"MI BLOG","article_publisher":"https:\/\/www.facebook.com\/vinicio.jarquin","article_author":"https:\/\/www.facebook.com\/vinicio.jarquin","article_published_time":"2025-07-26T04:43:42+00:00","article_modified_time":"2025-08-04T03:04:24+00:00","og_image":[{"width":1000,"height":1000,"url":"https:\/\/viniciojarquin.com\/blog\/wp-content\/uploads\/2025\/07\/Nicoya.png","type":"image\/png"}],"author":"Vinicio Jarqu\u00edn","twitter_card":"summary_large_image","twitter_misc":{"Escrito por":"Vinicio Jarqu\u00edn","Tiempo de lectura":"3 minutos"},"schema":{"@context":"https:\/\/schema.org","@graph":[{"@type":"Article","@id":"https:\/\/viniciojarquin.com\/blog\/no-era-esto-no-asi-no-en-nicoya\/#article","isPartOf":{"@id":"https:\/\/viniciojarquin.com\/blog\/no-era-esto-no-asi-no-en-nicoya\/"},"author":{"name":"Vinicio Jarqu\u00edn","@id":"https:\/\/viniciojarquin.com\/blog\/#\/schema\/person\/90100c8845ae55462ec0657d3d2f8d3b"},"headline":"No era esto. No as\u00ed. No en Nicoya.","datePublished":"2025-07-26T04:43:42+00:00","dateModified":"2025-08-04T03:04:24+00:00","mainEntityOfPage":{"@id":"https:\/\/viniciojarquin.com\/blog\/no-era-esto-no-asi-no-en-nicoya\/"},"wordCount":547,"commentCount":0,"publisher":{"@id":"https:\/\/viniciojarquin.com\/blog\/#\/schema\/person\/90100c8845ae55462ec0657d3d2f8d3b"},"image":{"@id":"https:\/\/viniciojarquin.com\/blog\/no-era-esto-no-asi-no-en-nicoya\/#primaryimage"},"thumbnailUrl":"https:\/\/viniciojarquin.com\/blog\/wp-content\/uploads\/2025\/07\/Nicoya.png","articleSection":["Pol\u00edtica varios"],"inLanguage":"es","potentialAction":[{"@type":"CommentAction","name":"Comment","target":["https:\/\/viniciojarquin.com\/blog\/no-era-esto-no-asi-no-en-nicoya\/#respond"]}]},{"@type":"WebPage","@id":"https:\/\/viniciojarquin.com\/blog\/no-era-esto-no-asi-no-en-nicoya\/","url":"https:\/\/viniciojarquin.com\/blog\/no-era-esto-no-asi-no-en-nicoya\/","name":"No era esto. No as\u00ed. No en Nicoya. - MI BLOG","isPartOf":{"@id":"https:\/\/viniciojarquin.com\/blog\/#website"},"primaryImageOfPage":{"@id":"https:\/\/viniciojarquin.com\/blog\/no-era-esto-no-asi-no-en-nicoya\/#primaryimage"},"image":{"@id":"https:\/\/viniciojarquin.com\/blog\/no-era-esto-no-asi-no-en-nicoya\/#primaryimage"},"thumbnailUrl":"https:\/\/viniciojarquin.com\/blog\/wp-content\/uploads\/2025\/07\/Nicoya.png","datePublished":"2025-07-26T04:43:42+00:00","dateModified":"2025-08-04T03:04:24+00:00","breadcrumb":{"@id":"https:\/\/viniciojarquin.com\/blog\/no-era-esto-no-asi-no-en-nicoya\/#breadcrumb"},"inLanguage":"es","potentialAction":[{"@type":"ReadAction","target":["https:\/\/viniciojarquin.com\/blog\/no-era-esto-no-asi-no-en-nicoya\/"]}]},{"@type":"ImageObject","inLanguage":"es","@id":"https:\/\/viniciojarquin.com\/blog\/no-era-esto-no-asi-no-en-nicoya\/#primaryimage","url":"https:\/\/viniciojarquin.com\/blog\/wp-content\/uploads\/2025\/07\/Nicoya.png","contentUrl":"https:\/\/viniciojarquin.com\/blog\/wp-content\/uploads\/2025\/07\/Nicoya.png","width":1000,"height":1000},{"@type":"BreadcrumbList","@id":"https:\/\/viniciojarquin.com\/blog\/no-era-esto-no-asi-no-en-nicoya\/#breadcrumb","itemListElement":[{"@type":"ListItem","position":1,"name":"Portada","item":"https:\/\/viniciojarquin.com\/blog\/"},{"@type":"ListItem","position":2,"name":"No era esto. No as\u00ed. No en Nicoya."}]},{"@type":"WebSite","@id":"https:\/\/viniciojarquin.com\/blog\/#website","url":"https:\/\/viniciojarquin.com\/blog\/","name":"Vinicio Jarqu\u00edn BLOG","description":"","publisher":{"@id":"https:\/\/viniciojarquin.com\/blog\/#\/schema\/person\/90100c8845ae55462ec0657d3d2f8d3b"},"potentialAction":[{"@type":"SearchAction","target":{"@type":"EntryPoint","urlTemplate":"https:\/\/viniciojarquin.com\/blog\/?s={search_term_string}"},"query-input":{"@type":"PropertyValueSpecification","valueRequired":true,"valueName":"search_term_string"}}],"inLanguage":"es"},{"@type":["Person","Organization"],"@id":"https:\/\/viniciojarquin.com\/blog\/#\/schema\/person\/90100c8845ae55462ec0657d3d2f8d3b","name":"Vinicio Jarqu\u00edn","image":{"@type":"ImageObject","inLanguage":"es","@id":"https:\/\/viniciojarquin.com\/blog\/#\/schema\/person\/image\/","url":"https:\/\/viniciojarquin.com\/blog\/wp-content\/uploads\/2024\/10\/Logo-VinicioJarquin-original-400.png","contentUrl":"https:\/\/viniciojarquin.com\/blog\/wp-content\/uploads\/2024\/10\/Logo-VinicioJarquin-original-400.png","width":400,"height":130,"caption":"Vinicio Jarqu\u00edn"},"logo":{"@id":"https:\/\/viniciojarquin.com\/blog\/#\/schema\/person\/image\/"},"description":"Empresario textil, artista pl\u00e1stico, escritor, coach de vida y fot\u00f3grafo.","sameAs":["https:\/\/viniciojarquin.com\/blog","https:\/\/www.facebook.com\/vinicio.jarquin","https:\/\/www.instagram.com\/vinicio_jarquin\/","https:\/\/www.pinterest.com\/vinnyjc\/","https:\/\/www.youtube.com\/@VinicioJarquin"],"url":"https:\/\/viniciojarquin.com\/blog\/author\/admin_s02au25i\/"}]}},"blog_post_layout_featured_media_urls":{"thumbnail":["https:\/\/viniciojarquin.com\/blog\/wp-content\/uploads\/2025\/07\/Nicoya-150x150.png",150,150,true],"full":["https:\/\/viniciojarquin.com\/blog\/wp-content\/uploads\/2025\/07\/Nicoya.png",1000,1000,false]},"categories_names":{"12":{"name":"Pol\u00edtica varios","link":"https:\/\/viniciojarquin.com\/blog\/category\/politica-o-gobierno\/"}},"tags_names":[],"comments_number":"0","_links":{"self":[{"href":"https:\/\/viniciojarquin.com\/blog\/wp-json\/wp\/v2\/posts\/398","targetHints":{"allow":["GET"]}}],"collection":[{"href":"https:\/\/viniciojarquin.com\/blog\/wp-json\/wp\/v2\/posts"}],"about":[{"href":"https:\/\/viniciojarquin.com\/blog\/wp-json\/wp\/v2\/types\/post"}],"author":[{"embeddable":true,"href":"https:\/\/viniciojarquin.com\/blog\/wp-json\/wp\/v2\/users\/1"}],"replies":[{"embeddable":true,"href":"https:\/\/viniciojarquin.com\/blog\/wp-json\/wp\/v2\/comments?post=398"}],"version-history":[{"count":2,"href":"https:\/\/viniciojarquin.com\/blog\/wp-json\/wp\/v2\/posts\/398\/revisions"}],"predecessor-version":[{"id":412,"href":"https:\/\/viniciojarquin.com\/blog\/wp-json\/wp\/v2\/posts\/398\/revisions\/412"}],"wp:featuredmedia":[{"embeddable":true,"href":"https:\/\/viniciojarquin.com\/blog\/wp-json\/wp\/v2\/media\/411"}],"wp:attachment":[{"href":"https:\/\/viniciojarquin.com\/blog\/wp-json\/wp\/v2\/media?parent=398"}],"wp:term":[{"taxonomy":"category","embeddable":true,"href":"https:\/\/viniciojarquin.com\/blog\/wp-json\/wp\/v2\/categories?post=398"},{"taxonomy":"post_tag","embeddable":true,"href":"https:\/\/viniciojarquin.com\/blog\/wp-json\/wp\/v2\/tags?post=398"}],"curies":[{"name":"wp","href":"https:\/\/api.w.org\/{rel}","templated":true}]}}