{"id":400,"date":"2025-07-26T04:46:35","date_gmt":"2025-07-26T04:46:35","guid":{"rendered":"https:\/\/viniciojarquin.com\/blog\/?p=400"},"modified":"2025-08-04T03:05:08","modified_gmt":"2025-08-04T03:05:08","slug":"no-es-un-chiste-no-es-gracioso-es-acoso","status":"publish","type":"post","link":"https:\/\/viniciojarquin.com\/blog\/no-es-un-chiste-no-es-gracioso-es-acoso\/","title":{"rendered":"No es un chiste. No es gracioso. Es acoso."},"content":{"rendered":"\n<figure class=\"wp-block-image size-full\"><img decoding=\"async\" width=\"1000\" height=\"667\" data-src=\"https:\/\/viniciojarquin.com\/blog\/wp-content\/uploads\/2025\/07\/Acoso-presidencial.png\" alt=\"\" class=\"wp-image-409 lazyload\" data-srcset=\"https:\/\/viniciojarquin.com\/blog\/wp-content\/uploads\/2025\/07\/Acoso-presidencial.png 1000w, https:\/\/viniciojarquin.com\/blog\/wp-content\/uploads\/2025\/07\/Acoso-presidencial-300x200.png 300w, https:\/\/viniciojarquin.com\/blog\/wp-content\/uploads\/2025\/07\/Acoso-presidencial-768x512.png 768w\" data-sizes=\"(max-width: 1000px) 100vw, 1000px\" src=\"data:image\/svg+xml;base64,PHN2ZyB3aWR0aD0iMSIgaGVpZ2h0PSIxIiB4bWxucz0iaHR0cDovL3d3dy53My5vcmcvMjAwMC9zdmciPjwvc3ZnPg==\" style=\"--smush-placeholder-width: 1000px; --smush-placeholder-aspect-ratio: 1000\/667;\" \/><\/figure>\n\n\n\n<p>En Costa Rica circula hoy un video del presidente de la Rep\u00fablica, Rodrigo Chaves, diciendo, mientras una ni\u00f1a lo saluda:<\/p>\n\n\n\n<p>\u201cReg\u00e1lemela y se la devuelvo cuando se grad\u00fae de la universidad\u201d.<\/p>\n\n\n\n<p>Y no. No es gracioso. No es una broma inocente. No es una ocurrencia folcl\u00f3rica de un hombre campechano. Es una frase profundamente perturbadora. Y es, por donde se le mire, <strong>acoso<\/strong>.<\/p>\n\n\n\n<p>Porque cuando un adulto, y especialmente un hombre en posici\u00f3n de poder, hace una insinuaci\u00f3n sexual \u2014as\u00ed sea disfrazada de chiste\u2014 sobre una ni\u00f1a, <strong>lo que est\u00e1 haciendo es abrirle la puerta al abuso normalizado, a la permisividad social, al da\u00f1o invisible que se siembra con una sonrisa torcida<\/strong>.<\/p>\n\n\n\n<p>Y cuando quien lo dice es el presidente de un pa\u00eds, la gravedad es a\u00fan mayor.<\/p>\n\n\n\n<p>Esto no es nuevo. El historial de Rodrigo Chaves no comienza ayer. No es la primera vez que se le se\u00f1ala por comportamientos inadecuados hacia mujeres. No es un secreto que, seg\u00fan reportes, el Banco Mundial lo alej\u00f3 de sus funciones por denuncias de acoso. Y tampoco es un secreto que, desde entonces, se ha escudado en burlas, desd\u00e9n y ataques contra quienes se atreven a se\u00f1alarlo.<\/p>\n\n\n\n<p>Pero esto no se trata de \u00e9l solamente. Se trata de nosotros. De c\u00f3mo reaccionamos cuando escuchamos una frase as\u00ed. De si nos re\u00edmos, si nos quedamos callados, si la compartimos como meme\u2026 o si, de una vez por todas, decimos con firmeza: <strong>\u00a1no m\u00e1s!<\/strong><\/p>\n\n\n\n<p>Porque la violencia de g\u00e9nero <strong>no siempre grita<\/strong>. A veces <strong>susurra<\/strong>. A veces se disfraza de chiste. A veces se para en una tarima con banda presidencial, frente a una ni\u00f1a, frente a una c\u00e1mara, frente a todo un pa\u00eds.<\/p>\n\n\n\n<p>Y por eso es m\u00e1s peligrosa.<\/p>\n\n\n\n<p>Una sociedad que se dice democr\u00e1tica, justa, libre, no puede permitirse este nivel de banalizaci\u00f3n del acoso.<\/p>\n\n\n\n<p>Una ni\u00f1a <strong>no es un objeto que se regala ni se devuelve<\/strong>. Una ni\u00f1a <strong>no es un comod\u00edn para lucirse en campa\u00f1a<\/strong>. Una ni\u00f1a <strong>no es una oportunidad para una broma de doble sentido<\/strong>. Una ni\u00f1a es <strong>sagrada<\/strong>.<\/p>\n\n\n\n<p>Y quien la mira con intenci\u00f3n, con deseo, con autoridad, con impunidad, <strong>est\u00e1 violentando algo m\u00e1s que una l\u00ednea moral: est\u00e1 rompiendo el alma de la decencia p\u00fablica<\/strong>.<\/p>\n\n\n\n<p>Y s\u00ed, esto nos tiene que doler. Nos tiene que doler como pa\u00eds, como padres, como madres, como hermanos, como maestras, como sociedad. Porque si no nos duele, estamos perdidos.<\/p>\n\n\n\n<p>No es la primera vez. Pero tiene que ser la \u00faltima.<\/p>\n\n\n\n<p>Y tiene que haber consecuencias. Porque no podemos seguir aceptando que quienes deber\u00edan cuidar a este pa\u00eds desde el liderazgo, lo manchen desde la impunidad.<\/p>\n\n\n\n<p>Porque no se gobierna desde el ego ni desde el deseo. Y mucho menos desde la complicidad silenciosa de quienes escuchan\u2026 y callan.<\/p>\n\n\n\n<p>Esto no es pol\u00edtica.<strong> Es dignidad.<\/strong> Y la dignidad <strong>no se negocia.<\/strong><\/p>\n\n\n\n<p>Y entonces me pregunto\u2026<\/p>\n\n\n\n<p>\u00bfQu\u00e9 pensar\u00e1n quienes siguen a Rodrigo Chaves?<\/p>\n\n\n\n<p>\u00bfLe restar\u00e1n importancia a esto tambi\u00e9n?<\/p>\n\n\n\n<p>\u00bfDir\u00e1n que fue solo una broma?<\/p>\n\n\n\n<p>\u00bfNos acusar\u00e1n de exagerados, de ortodoxos, de \u201chipersensibles\u201d?<\/p>\n\n\n\n<p>\u00bfDir\u00e1n que no es para tanto, que todo se malinterpreta, que hay cosas m\u00e1s graves?<\/p>\n\n\n\n<p>\u00bfY si as\u00ed piensan\u2026 qu\u00e9 tan c\u00f3mplices se hacen?<\/p>\n\n\n\n<p>\u00bfQu\u00e9 tan ciegos est\u00e1n?<\/p>\n\n\n\n<p>\u00bfQu\u00e9 parte de su conciencia est\u00e1n dispuestos a callar para seguir aplaudiendo a un hombre que ha convertido la vulgaridad en bandera?<\/p>\n\n\n\n<p>Porque en alg\u00fan punto, <strong>seguir a un acosador sabiendo lo que es\u2026 tambi\u00e9n te vuelve parte del da\u00f1o.<\/strong><\/p>\n\n\n\n<p>Y aqu\u00ed va algo importante. Algo que no siempre se dice:<\/p>\n\n\n\n<p>Tal vez esto <strong>no sea complicidad ciega<\/strong>,<\/p>\n\n\n\n<p>ni siquiera <strong>ignorancia real<\/strong>.<\/p>\n\n\n\n<p>Tal vez es algo mucho m\u00e1s humano y m\u00e1s dif\u00edcil de aceptar:<strong> el miedo a reconocer que te equivocaste.<\/strong><\/p>\n\n\n\n<p>Porque aceptar hoy que Rodrigo Chaves es una figura indigna del cargo que ocupa,<\/p>\n\n\n\n<p>implicar\u00eda decir en voz alta:<em> \u201cTen\u00edan raz\u00f3n. Me equivoqu\u00e9. Lo defend\u00ed cuando no deb\u00eda. Lo vot\u00e9 pensando que era otra cosa. Cerr\u00e9 los ojos.\u201d<\/em><\/p>\n\n\n\n<p>Y eso duele. Eso revuelve el orgullo. Eso raspa la identidad.<\/p>\n\n\n\n<p>Por eso muchos eligen justificarlo.<\/p>\n\n\n\n<p>Relativizarlo.<\/p>\n\n\n\n<p>Minimizarlo.<\/p>\n\n\n\n<p>Porque cambiar de opini\u00f3n duele menos que admitir que lo que uno apoy\u00f3 era, en el fondo, <strong>despreciable<\/strong>.<\/p>\n\n\n\n<p>Pero lo verdaderamente valiente no es aplaudir a ciegas.<\/p>\n\n\n\n<p>Es <strong>revisarse por dentro y decir: me equivoqu\u00e9, pero no voy a seguir sosteniendo la mentira.<\/strong><\/p>\n\n\n\n<p>Ese acto de conciencia es el primer paso para recuperar el pa\u00eds.<\/p>\n","protected":false},"excerpt":{"rendered":"<p>En Costa Rica circula hoy un video del presidente de la Rep\u00fablica, Rodrigo Chaves, diciendo, mientras una ni\u00f1a lo saluda: [&hellip;]<\/p>\n","protected":false},"author":1,"featured_media":409,"comment_status":"open","ping_status":"open","sticky":false,"template":"","format":"standard","meta":{"site-sidebar-layout":"default","site-content-layout":"","ast-site-content-layout":"","site-content-style":"default","site-sidebar-style":"default","ast-global-header-display":"","ast-banner-title-visibility":"","ast-main-header-display":"","ast-hfb-above-header-display":"","ast-hfb-below-header-display":"","ast-hfb-mobile-header-display":"","site-post-title":"","ast-breadcrumbs-content":"","ast-featured-img":"","footer-sml-layout":"","theme-transparent-header-meta":"","adv-header-id-meta":"","stick-header-meta":"","header-above-stick-meta":"","header-main-stick-meta":"","header-below-stick-meta":"","astra-migrate-meta-layouts":"default","ast-page-background-enabled":"default","ast-page-background-meta":{"desktop":{"background-color":"var(--ast-global-color-5)","background-image":"","background-repeat":"repeat","background-position":"center center","background-size":"auto","background-attachment":"scroll","background-type":"","background-media":"","overlay-type":"","overlay-color":"","overlay-opacity":"","overlay-gradient":""},"tablet":{"background-color":"","background-image":"","background-repeat":"repeat","background-position":"center center","background-size":"auto","background-attachment":"scroll","background-type":"","background-media":"","overlay-type":"","overlay-color":"","overlay-opacity":"","overlay-gradient":""},"mobile":{"background-color":"","background-image":"","background-repeat":"repeat","background-position":"center center","background-size":"auto","background-attachment":"scroll","background-type":"","background-media":"","overlay-type":"","overlay-color":"","overlay-opacity":"","overlay-gradient":""}},"ast-content-background-meta":{"desktop":{"background-color":"var(--ast-global-color-4)","background-image":"","background-repeat":"repeat","background-position":"center center","background-size":"auto","background-attachment":"scroll","background-type":"","background-media":"","overlay-type":"","overlay-color":"","overlay-opacity":"","overlay-gradient":""},"tablet":{"background-color":"var(--ast-global-color-4)","background-image":"","background-repeat":"repeat","background-position":"center center","background-size":"auto","background-attachment":"scroll","background-type":"","background-media":"","overlay-type":"","overlay-color":"","overlay-opacity":"","overlay-gradient":""},"mobile":{"background-color":"var(--ast-global-color-4)","background-image":"","background-repeat":"repeat","background-position":"center center","background-size":"auto","background-attachment":"scroll","background-type":"","background-media":"","overlay-type":"","overlay-color":"","overlay-opacity":"","overlay-gradient":""}},"footnotes":""},"categories":[12],"tags":[],"class_list":["post-400","post","type-post","status-publish","format-standard","has-post-thumbnail","hentry","category-politica-o-gobierno"],"yoast_head":"<!-- This site is optimized with the Yoast SEO plugin v26.0 - https:\/\/yoast.com\/wordpress\/plugins\/seo\/ -->\n<title>No es un chiste. No es gracioso. Es acoso. - MI BLOG<\/title>\n<meta name=\"robots\" content=\"index, follow, max-snippet:-1, max-image-preview:large, max-video-preview:-1\" \/>\n<link rel=\"canonical\" href=\"https:\/\/viniciojarquin.com\/blog\/no-es-un-chiste-no-es-gracioso-es-acoso\/\" \/>\n<meta property=\"og:locale\" content=\"es_ES\" \/>\n<meta property=\"og:type\" content=\"article\" \/>\n<meta property=\"og:title\" content=\"No es un chiste. No es gracioso. Es acoso. - MI BLOG\" \/>\n<meta property=\"og:description\" content=\"En Costa Rica circula hoy un video del presidente de la Rep\u00fablica, Rodrigo Chaves, diciendo, mientras una ni\u00f1a lo saluda: [&hellip;]\" \/>\n<meta property=\"og:url\" content=\"https:\/\/viniciojarquin.com\/blog\/no-es-un-chiste-no-es-gracioso-es-acoso\/\" \/>\n<meta property=\"og:site_name\" content=\"MI BLOG\" \/>\n<meta property=\"article:publisher\" content=\"https:\/\/www.facebook.com\/vinicio.jarquin\" \/>\n<meta property=\"article:author\" content=\"https:\/\/www.facebook.com\/vinicio.jarquin\" \/>\n<meta property=\"article:published_time\" content=\"2025-07-26T04:46:35+00:00\" \/>\n<meta property=\"article:modified_time\" content=\"2025-08-04T03:05:08+00:00\" \/>\n<meta property=\"og:image\" content=\"https:\/\/viniciojarquin.com\/blog\/wp-content\/uploads\/2025\/07\/Acoso-presidencial.png\" \/>\n\t<meta property=\"og:image:width\" content=\"1000\" \/>\n\t<meta property=\"og:image:height\" content=\"667\" \/>\n\t<meta property=\"og:image:type\" content=\"image\/png\" \/>\n<meta name=\"author\" content=\"Vinicio Jarqu\u00edn\" \/>\n<meta name=\"twitter:card\" content=\"summary_large_image\" \/>\n<meta name=\"twitter:label1\" content=\"Escrito por\" \/>\n\t<meta name=\"twitter:data1\" content=\"Vinicio Jarqu\u00edn\" \/>\n\t<meta name=\"twitter:label2\" content=\"Tiempo de lectura\" \/>\n\t<meta name=\"twitter:data2\" content=\"4 minutos\" \/>\n<script type=\"application\/ld+json\" class=\"yoast-schema-graph\">{\"@context\":\"https:\/\/schema.org\",\"@graph\":[{\"@type\":\"Article\",\"@id\":\"https:\/\/viniciojarquin.com\/blog\/no-es-un-chiste-no-es-gracioso-es-acoso\/#article\",\"isPartOf\":{\"@id\":\"https:\/\/viniciojarquin.com\/blog\/no-es-un-chiste-no-es-gracioso-es-acoso\/\"},\"author\":{\"name\":\"Vinicio Jarqu\u00edn\",\"@id\":\"https:\/\/viniciojarquin.com\/blog\/#\/schema\/person\/90100c8845ae55462ec0657d3d2f8d3b\"},\"headline\":\"No es un chiste. No es gracioso. Es acoso.\",\"datePublished\":\"2025-07-26T04:46:35+00:00\",\"dateModified\":\"2025-08-04T03:05:08+00:00\",\"mainEntityOfPage\":{\"@id\":\"https:\/\/viniciojarquin.com\/blog\/no-es-un-chiste-no-es-gracioso-es-acoso\/\"},\"wordCount\":791,\"commentCount\":0,\"publisher\":{\"@id\":\"https:\/\/viniciojarquin.com\/blog\/#\/schema\/person\/90100c8845ae55462ec0657d3d2f8d3b\"},\"image\":{\"@id\":\"https:\/\/viniciojarquin.com\/blog\/no-es-un-chiste-no-es-gracioso-es-acoso\/#primaryimage\"},\"thumbnailUrl\":\"https:\/\/viniciojarquin.com\/blog\/wp-content\/uploads\/2025\/07\/Acoso-presidencial.png\",\"articleSection\":[\"Pol\u00edtica varios\"],\"inLanguage\":\"es\",\"potentialAction\":[{\"@type\":\"CommentAction\",\"name\":\"Comment\",\"target\":[\"https:\/\/viniciojarquin.com\/blog\/no-es-un-chiste-no-es-gracioso-es-acoso\/#respond\"]}]},{\"@type\":\"WebPage\",\"@id\":\"https:\/\/viniciojarquin.com\/blog\/no-es-un-chiste-no-es-gracioso-es-acoso\/\",\"url\":\"https:\/\/viniciojarquin.com\/blog\/no-es-un-chiste-no-es-gracioso-es-acoso\/\",\"name\":\"No es un chiste. No es gracioso. Es acoso. - MI BLOG\",\"isPartOf\":{\"@id\":\"https:\/\/viniciojarquin.com\/blog\/#website\"},\"primaryImageOfPage\":{\"@id\":\"https:\/\/viniciojarquin.com\/blog\/no-es-un-chiste-no-es-gracioso-es-acoso\/#primaryimage\"},\"image\":{\"@id\":\"https:\/\/viniciojarquin.com\/blog\/no-es-un-chiste-no-es-gracioso-es-acoso\/#primaryimage\"},\"thumbnailUrl\":\"https:\/\/viniciojarquin.com\/blog\/wp-content\/uploads\/2025\/07\/Acoso-presidencial.png\",\"datePublished\":\"2025-07-26T04:46:35+00:00\",\"dateModified\":\"2025-08-04T03:05:08+00:00\",\"breadcrumb\":{\"@id\":\"https:\/\/viniciojarquin.com\/blog\/no-es-un-chiste-no-es-gracioso-es-acoso\/#breadcrumb\"},\"inLanguage\":\"es\",\"potentialAction\":[{\"@type\":\"ReadAction\",\"target\":[\"https:\/\/viniciojarquin.com\/blog\/no-es-un-chiste-no-es-gracioso-es-acoso\/\"]}]},{\"@type\":\"ImageObject\",\"inLanguage\":\"es\",\"@id\":\"https:\/\/viniciojarquin.com\/blog\/no-es-un-chiste-no-es-gracioso-es-acoso\/#primaryimage\",\"url\":\"https:\/\/viniciojarquin.com\/blog\/wp-content\/uploads\/2025\/07\/Acoso-presidencial.png\",\"contentUrl\":\"https:\/\/viniciojarquin.com\/blog\/wp-content\/uploads\/2025\/07\/Acoso-presidencial.png\",\"width\":1000,\"height\":667},{\"@type\":\"BreadcrumbList\",\"@id\":\"https:\/\/viniciojarquin.com\/blog\/no-es-un-chiste-no-es-gracioso-es-acoso\/#breadcrumb\",\"itemListElement\":[{\"@type\":\"ListItem\",\"position\":1,\"name\":\"Portada\",\"item\":\"https:\/\/viniciojarquin.com\/blog\/\"},{\"@type\":\"ListItem\",\"position\":2,\"name\":\"No es un chiste. No es gracioso. Es acoso.\"}]},{\"@type\":\"WebSite\",\"@id\":\"https:\/\/viniciojarquin.com\/blog\/#website\",\"url\":\"https:\/\/viniciojarquin.com\/blog\/\",\"name\":\"Vinicio Jarqu\u00edn BLOG\",\"description\":\"\",\"publisher\":{\"@id\":\"https:\/\/viniciojarquin.com\/blog\/#\/schema\/person\/90100c8845ae55462ec0657d3d2f8d3b\"},\"potentialAction\":[{\"@type\":\"SearchAction\",\"target\":{\"@type\":\"EntryPoint\",\"urlTemplate\":\"https:\/\/viniciojarquin.com\/blog\/?s={search_term_string}\"},\"query-input\":{\"@type\":\"PropertyValueSpecification\",\"valueRequired\":true,\"valueName\":\"search_term_string\"}}],\"inLanguage\":\"es\"},{\"@type\":[\"Person\",\"Organization\"],\"@id\":\"https:\/\/viniciojarquin.com\/blog\/#\/schema\/person\/90100c8845ae55462ec0657d3d2f8d3b\",\"name\":\"Vinicio Jarqu\u00edn\",\"image\":{\"@type\":\"ImageObject\",\"inLanguage\":\"es\",\"@id\":\"https:\/\/viniciojarquin.com\/blog\/#\/schema\/person\/image\/\",\"url\":\"https:\/\/viniciojarquin.com\/blog\/wp-content\/uploads\/2024\/10\/Logo-VinicioJarquin-original-400.png\",\"contentUrl\":\"https:\/\/viniciojarquin.com\/blog\/wp-content\/uploads\/2024\/10\/Logo-VinicioJarquin-original-400.png\",\"width\":400,\"height\":130,\"caption\":\"Vinicio Jarqu\u00edn\"},\"logo\":{\"@id\":\"https:\/\/viniciojarquin.com\/blog\/#\/schema\/person\/image\/\"},\"description\":\"Empresario textil, artista pl\u00e1stico, escritor, coach de vida y fot\u00f3grafo.\",\"sameAs\":[\"https:\/\/viniciojarquin.com\/blog\",\"https:\/\/www.facebook.com\/vinicio.jarquin\",\"https:\/\/www.instagram.com\/vinicio_jarquin\/\",\"https:\/\/www.pinterest.com\/vinnyjc\/\",\"https:\/\/www.youtube.com\/@VinicioJarquin\"],\"url\":\"https:\/\/viniciojarquin.com\/blog\/author\/admin_s02au25i\/\"}]}<\/script>\n<!-- \/ Yoast SEO plugin. -->","yoast_head_json":{"title":"No es un chiste. No es gracioso. Es acoso. - MI BLOG","robots":{"index":"index","follow":"follow","max-snippet":"max-snippet:-1","max-image-preview":"max-image-preview:large","max-video-preview":"max-video-preview:-1"},"canonical":"https:\/\/viniciojarquin.com\/blog\/no-es-un-chiste-no-es-gracioso-es-acoso\/","og_locale":"es_ES","og_type":"article","og_title":"No es un chiste. No es gracioso. Es acoso. - MI BLOG","og_description":"En Costa Rica circula hoy un video del presidente de la Rep\u00fablica, Rodrigo Chaves, diciendo, mientras una ni\u00f1a lo saluda: [&hellip;]","og_url":"https:\/\/viniciojarquin.com\/blog\/no-es-un-chiste-no-es-gracioso-es-acoso\/","og_site_name":"MI BLOG","article_publisher":"https:\/\/www.facebook.com\/vinicio.jarquin","article_author":"https:\/\/www.facebook.com\/vinicio.jarquin","article_published_time":"2025-07-26T04:46:35+00:00","article_modified_time":"2025-08-04T03:05:08+00:00","og_image":[{"width":1000,"height":667,"url":"https:\/\/viniciojarquin.com\/blog\/wp-content\/uploads\/2025\/07\/Acoso-presidencial.png","type":"image\/png"}],"author":"Vinicio Jarqu\u00edn","twitter_card":"summary_large_image","twitter_misc":{"Escrito por":"Vinicio Jarqu\u00edn","Tiempo de lectura":"4 minutos"},"schema":{"@context":"https:\/\/schema.org","@graph":[{"@type":"Article","@id":"https:\/\/viniciojarquin.com\/blog\/no-es-un-chiste-no-es-gracioso-es-acoso\/#article","isPartOf":{"@id":"https:\/\/viniciojarquin.com\/blog\/no-es-un-chiste-no-es-gracioso-es-acoso\/"},"author":{"name":"Vinicio Jarqu\u00edn","@id":"https:\/\/viniciojarquin.com\/blog\/#\/schema\/person\/90100c8845ae55462ec0657d3d2f8d3b"},"headline":"No es un chiste. No es gracioso. Es acoso.","datePublished":"2025-07-26T04:46:35+00:00","dateModified":"2025-08-04T03:05:08+00:00","mainEntityOfPage":{"@id":"https:\/\/viniciojarquin.com\/blog\/no-es-un-chiste-no-es-gracioso-es-acoso\/"},"wordCount":791,"commentCount":0,"publisher":{"@id":"https:\/\/viniciojarquin.com\/blog\/#\/schema\/person\/90100c8845ae55462ec0657d3d2f8d3b"},"image":{"@id":"https:\/\/viniciojarquin.com\/blog\/no-es-un-chiste-no-es-gracioso-es-acoso\/#primaryimage"},"thumbnailUrl":"https:\/\/viniciojarquin.com\/blog\/wp-content\/uploads\/2025\/07\/Acoso-presidencial.png","articleSection":["Pol\u00edtica varios"],"inLanguage":"es","potentialAction":[{"@type":"CommentAction","name":"Comment","target":["https:\/\/viniciojarquin.com\/blog\/no-es-un-chiste-no-es-gracioso-es-acoso\/#respond"]}]},{"@type":"WebPage","@id":"https:\/\/viniciojarquin.com\/blog\/no-es-un-chiste-no-es-gracioso-es-acoso\/","url":"https:\/\/viniciojarquin.com\/blog\/no-es-un-chiste-no-es-gracioso-es-acoso\/","name":"No es un chiste. No es gracioso. Es acoso. - MI BLOG","isPartOf":{"@id":"https:\/\/viniciojarquin.com\/blog\/#website"},"primaryImageOfPage":{"@id":"https:\/\/viniciojarquin.com\/blog\/no-es-un-chiste-no-es-gracioso-es-acoso\/#primaryimage"},"image":{"@id":"https:\/\/viniciojarquin.com\/blog\/no-es-un-chiste-no-es-gracioso-es-acoso\/#primaryimage"},"thumbnailUrl":"https:\/\/viniciojarquin.com\/blog\/wp-content\/uploads\/2025\/07\/Acoso-presidencial.png","datePublished":"2025-07-26T04:46:35+00:00","dateModified":"2025-08-04T03:05:08+00:00","breadcrumb":{"@id":"https:\/\/viniciojarquin.com\/blog\/no-es-un-chiste-no-es-gracioso-es-acoso\/#breadcrumb"},"inLanguage":"es","potentialAction":[{"@type":"ReadAction","target":["https:\/\/viniciojarquin.com\/blog\/no-es-un-chiste-no-es-gracioso-es-acoso\/"]}]},{"@type":"ImageObject","inLanguage":"es","@id":"https:\/\/viniciojarquin.com\/blog\/no-es-un-chiste-no-es-gracioso-es-acoso\/#primaryimage","url":"https:\/\/viniciojarquin.com\/blog\/wp-content\/uploads\/2025\/07\/Acoso-presidencial.png","contentUrl":"https:\/\/viniciojarquin.com\/blog\/wp-content\/uploads\/2025\/07\/Acoso-presidencial.png","width":1000,"height":667},{"@type":"BreadcrumbList","@id":"https:\/\/viniciojarquin.com\/blog\/no-es-un-chiste-no-es-gracioso-es-acoso\/#breadcrumb","itemListElement":[{"@type":"ListItem","position":1,"name":"Portada","item":"https:\/\/viniciojarquin.com\/blog\/"},{"@type":"ListItem","position":2,"name":"No es un chiste. No es gracioso. Es acoso."}]},{"@type":"WebSite","@id":"https:\/\/viniciojarquin.com\/blog\/#website","url":"https:\/\/viniciojarquin.com\/blog\/","name":"Vinicio Jarqu\u00edn BLOG","description":"","publisher":{"@id":"https:\/\/viniciojarquin.com\/blog\/#\/schema\/person\/90100c8845ae55462ec0657d3d2f8d3b"},"potentialAction":[{"@type":"SearchAction","target":{"@type":"EntryPoint","urlTemplate":"https:\/\/viniciojarquin.com\/blog\/?s={search_term_string}"},"query-input":{"@type":"PropertyValueSpecification","valueRequired":true,"valueName":"search_term_string"}}],"inLanguage":"es"},{"@type":["Person","Organization"],"@id":"https:\/\/viniciojarquin.com\/blog\/#\/schema\/person\/90100c8845ae55462ec0657d3d2f8d3b","name":"Vinicio Jarqu\u00edn","image":{"@type":"ImageObject","inLanguage":"es","@id":"https:\/\/viniciojarquin.com\/blog\/#\/schema\/person\/image\/","url":"https:\/\/viniciojarquin.com\/blog\/wp-content\/uploads\/2024\/10\/Logo-VinicioJarquin-original-400.png","contentUrl":"https:\/\/viniciojarquin.com\/blog\/wp-content\/uploads\/2024\/10\/Logo-VinicioJarquin-original-400.png","width":400,"height":130,"caption":"Vinicio Jarqu\u00edn"},"logo":{"@id":"https:\/\/viniciojarquin.com\/blog\/#\/schema\/person\/image\/"},"description":"Empresario textil, artista pl\u00e1stico, escritor, coach de vida y fot\u00f3grafo.","sameAs":["https:\/\/viniciojarquin.com\/blog","https:\/\/www.facebook.com\/vinicio.jarquin","https:\/\/www.instagram.com\/vinicio_jarquin\/","https:\/\/www.pinterest.com\/vinnyjc\/","https:\/\/www.youtube.com\/@VinicioJarquin"],"url":"https:\/\/viniciojarquin.com\/blog\/author\/admin_s02au25i\/"}]}},"blog_post_layout_featured_media_urls":{"thumbnail":["https:\/\/viniciojarquin.com\/blog\/wp-content\/uploads\/2025\/07\/Acoso-presidencial-150x150.png",150,150,true],"full":["https:\/\/viniciojarquin.com\/blog\/wp-content\/uploads\/2025\/07\/Acoso-presidencial.png",1000,667,false]},"categories_names":{"12":{"name":"Pol\u00edtica varios","link":"https:\/\/viniciojarquin.com\/blog\/category\/politica-o-gobierno\/"}},"tags_names":[],"comments_number":"0","_links":{"self":[{"href":"https:\/\/viniciojarquin.com\/blog\/wp-json\/wp\/v2\/posts\/400","targetHints":{"allow":["GET"]}}],"collection":[{"href":"https:\/\/viniciojarquin.com\/blog\/wp-json\/wp\/v2\/posts"}],"about":[{"href":"https:\/\/viniciojarquin.com\/blog\/wp-json\/wp\/v2\/types\/post"}],"author":[{"embeddable":true,"href":"https:\/\/viniciojarquin.com\/blog\/wp-json\/wp\/v2\/users\/1"}],"replies":[{"embeddable":true,"href":"https:\/\/viniciojarquin.com\/blog\/wp-json\/wp\/v2\/comments?post=400"}],"version-history":[{"count":2,"href":"https:\/\/viniciojarquin.com\/blog\/wp-json\/wp\/v2\/posts\/400\/revisions"}],"predecessor-version":[{"id":410,"href":"https:\/\/viniciojarquin.com\/blog\/wp-json\/wp\/v2\/posts\/400\/revisions\/410"}],"wp:featuredmedia":[{"embeddable":true,"href":"https:\/\/viniciojarquin.com\/blog\/wp-json\/wp\/v2\/media\/409"}],"wp:attachment":[{"href":"https:\/\/viniciojarquin.com\/blog\/wp-json\/wp\/v2\/media?parent=400"}],"wp:term":[{"taxonomy":"category","embeddable":true,"href":"https:\/\/viniciojarquin.com\/blog\/wp-json\/wp\/v2\/categories?post=400"},{"taxonomy":"post_tag","embeddable":true,"href":"https:\/\/viniciojarquin.com\/blog\/wp-json\/wp\/v2\/tags?post=400"}],"curies":[{"name":"wp","href":"https:\/\/api.w.org\/{rel}","templated":true}]}}