{"id":849,"date":"2025-10-20T23:54:13","date_gmt":"2025-10-20T23:54:13","guid":{"rendered":"https:\/\/viniciojarquin.com\/blog\/?p=849"},"modified":"2025-10-20T23:54:16","modified_gmt":"2025-10-20T23:54:16","slug":"el-eco-del-destierro-cuando-el-poder-olvida-que-el-pueblo-somos-todos","status":"publish","type":"post","link":"https:\/\/viniciojarquin.com\/blog\/el-eco-del-destierro-cuando-el-poder-olvida-que-el-pueblo-somos-todos\/","title":{"rendered":"El eco del destierro: cuando el poder olvida que el pueblo somos todos"},"content":{"rendered":"\n<figure class=\"wp-block-image size-large\"><img decoding=\"async\" width=\"683\" height=\"1024\" data-src=\"https:\/\/viniciojarquin.com\/blog\/wp-content\/uploads\/2025\/10\/El-eco-del-destierro-683x1024.png\" alt=\"\" class=\"wp-image-846 lazyload\" data-srcset=\"https:\/\/viniciojarquin.com\/blog\/wp-content\/uploads\/2025\/10\/El-eco-del-destierro-683x1024.png 683w, https:\/\/viniciojarquin.com\/blog\/wp-content\/uploads\/2025\/10\/El-eco-del-destierro-200x300.png 200w, https:\/\/viniciojarquin.com\/blog\/wp-content\/uploads\/2025\/10\/El-eco-del-destierro-768x1152.png 768w, https:\/\/viniciojarquin.com\/blog\/wp-content\/uploads\/2025\/10\/El-eco-del-destierro.png 800w\" data-sizes=\"(max-width: 683px) 100vw, 683px\" src=\"data:image\/svg+xml;base64,PHN2ZyB3aWR0aD0iMSIgaGVpZ2h0PSIxIiB4bWxucz0iaHR0cDovL3d3dy53My5vcmcvMjAwMC9zdmciPjwvc3ZnPg==\" style=\"--smush-placeholder-width: 683px; --smush-placeholder-aspect-ratio: 683\/1024;\" \/><\/figure>\n\n\n\n<p>Las palabras no son inocentes. Y menos cuando provienen del poder.<\/p>\n\n\n\n<p>En d\u00edas recientes, un diputado oficialista reiter\u00f3 \u2014sin reparo\u2014 el discurso del \u201cdestierro\u201d, asegurando que \u201cya se va a dar en las elecciones del 2026\u201d. Lo dijo durante la presentaci\u00f3n del plan de gobierno de la candidata oficialista. Luego intent\u00f3 matizarlo, diciendo que era una forma de hablar, un \u201cllamado\u201d a que quienes no hagan lo debido dentro de la institucionalidad \u201ctomen sus maletas y se vayan\u201d. Pero lo dicho, dicho est\u00e1. Y lo grave no es solo lo que quiso decir, sino lo que deja entrever. Este tipo de discurso abre grietas peligrosas en la democracia.<\/p>\n\n\n\n<p>Primero, porque convierte la diferencia en enemistad. Segundo, porque insin\u00faa que hay un grupo de \u201cverdaderos costarricenses\u201d y otro que deber\u00eda irse. Y tercero, porque normaliza el odio, lo disfraza de patriotismo y lo convierte en consigna electoral.<\/p>\n\n\n\n<p>El populismo siempre necesita un enemigo: un \u201cellos\u201d que se opone al \u201cnosotros\u201d. Pero la historia demuestra que cuando el discurso pol\u00edtico empieza a hablar de destierros, traidores, o enemigos internos, lo que sigue no es el orden, sino el miedo. Y el miedo es el mejor aliado del autoritarismo.<\/p>\n\n\n\n<p>El destierro \u2014aunque simb\u00f3lico\u2014 es una forma de exclusi\u00f3n. Es decirle a quien piensa distinto que no pertenece. Que su voz sobra. Que su amor por el pa\u00eds vale menos que el de otros.<\/p>\n\n\n\n<p>Eso erosiona el alma de una rep\u00fablica. &nbsp;Eso es lo que destruye el respeto que tanto nos cost\u00f3 construir. &nbsp;<\/p>\n\n\n\n<p>Costa Rica no necesita que nadie se vaya. &nbsp;Costa Rica necesita que todos regresen. &nbsp;Regresar a la sensatez, al respeto, al pensamiento cr\u00edtico, al amor por el di\u00e1logo y por la diferencia. Porque los pueblos no se levantan echando gente, sino escuch\u00e1ndose.<\/p>\n\n\n\n<p>Y ning\u00fan gobierno, por m\u00e1s respaldo que tenga, puede considerarse due\u00f1o de la patria. La patria no tiene due\u00f1o. &nbsp;La patria somos todos, incluso los que piensan distinto.<\/p>\n\n\n\n<p>Hoy m\u00e1s que nunca, necesitamos pol\u00edticos que eleven el nivel del discurso, que inviten al pensamiento y no al odio, que comprendan que gobernar es unir, no dividir. Y por eso \u2014s\u00ed\u2014 este texto tambi\u00e9n es un llamado. Un llamado a recordar que el poder no se hereda ni se conquista: se administra temporalmente en nombre del pueblo, y con respeto a la ley.<\/p>\n\n\n\n<p>El pueblo no necesita desterrar a nadie.<\/p>\n\n\n\n<p>Necesita recuperar la paz, la cordura y el sentido de pa\u00eds. El pueblo somos todos. Y nadie sobra en Costa Rica.<\/p>\n\n\n\n<p>Fuente: Amelia Rueda<\/p>\n","protected":false},"excerpt":{"rendered":"<p>Las palabras no son inocentes. Y menos cuando provienen del poder. En d\u00edas recientes, un diputado oficialista reiter\u00f3 \u2014sin reparo\u2014 [&hellip;]<\/p>\n","protected":false},"author":1,"featured_media":846,"comment_status":"open","ping_status":"open","sticky":false,"template":"","format":"standard","meta":{"site-sidebar-layout":"default","site-content-layout":"","ast-site-content-layout":"","site-content-style":"default","site-sidebar-style":"default","ast-global-header-display":"","ast-banner-title-visibility":"","ast-main-header-display":"","ast-hfb-above-header-display":"","ast-hfb-below-header-display":"","ast-hfb-mobile-header-display":"","site-post-title":"","ast-breadcrumbs-content":"","ast-featured-img":"","footer-sml-layout":"","theme-transparent-header-meta":"","adv-header-id-meta":"","stick-header-meta":"","header-above-stick-meta":"","header-main-stick-meta":"","header-below-stick-meta":"","astra-migrate-meta-layouts":"default","ast-page-background-enabled":"default","ast-page-background-meta":{"desktop":{"background-color":"var(--ast-global-color-5)","background-image":"","background-repeat":"repeat","background-position":"center center","background-size":"auto","background-attachment":"scroll","background-type":"","background-media":"","overlay-type":"","overlay-color":"","overlay-opacity":"","overlay-gradient":""},"tablet":{"background-color":"","background-image":"","background-repeat":"repeat","background-position":"center center","background-size":"auto","background-attachment":"scroll","background-type":"","background-media":"","overlay-type":"","overlay-color":"","overlay-opacity":"","overlay-gradient":""},"mobile":{"background-color":"","background-image":"","background-repeat":"repeat","background-position":"center center","background-size":"auto","background-attachment":"scroll","background-type":"","background-media":"","overlay-type":"","overlay-color":"","overlay-opacity":"","overlay-gradient":""}},"ast-content-background-meta":{"desktop":{"background-color":"var(--ast-global-color-4)","background-image":"","background-repeat":"repeat","background-position":"center center","background-size":"auto","background-attachment":"scroll","background-type":"","background-media":"","overlay-type":"","overlay-color":"","overlay-opacity":"","overlay-gradient":""},"tablet":{"background-color":"var(--ast-global-color-4)","background-image":"","background-repeat":"repeat","background-position":"center center","background-size":"auto","background-attachment":"scroll","background-type":"","background-media":"","overlay-type":"","overlay-color":"","overlay-opacity":"","overlay-gradient":""},"mobile":{"background-color":"var(--ast-global-color-4)","background-image":"","background-repeat":"repeat","background-position":"center center","background-size":"auto","background-attachment":"scroll","background-type":"","background-media":"","overlay-type":"","overlay-color":"","overlay-opacity":"","overlay-gradient":""}},"footnotes":""},"categories":[17],"tags":[],"class_list":["post-849","post","type-post","status-publish","format-standard","has-post-thumbnail","hentry","category-elecciones-2026"],"yoast_head":"<!-- This site is optimized with the Yoast SEO plugin v26.0 - https:\/\/yoast.com\/wordpress\/plugins\/seo\/ -->\n<title>El eco del destierro: cuando el poder olvida que el pueblo somos todos - MI BLOG<\/title>\n<meta name=\"robots\" content=\"index, follow, max-snippet:-1, max-image-preview:large, max-video-preview:-1\" \/>\n<link rel=\"canonical\" href=\"https:\/\/viniciojarquin.com\/blog\/el-eco-del-destierro-cuando-el-poder-olvida-que-el-pueblo-somos-todos\/\" \/>\n<meta property=\"og:locale\" content=\"es_ES\" \/>\n<meta property=\"og:type\" content=\"article\" \/>\n<meta property=\"og:title\" content=\"El eco del destierro: cuando el poder olvida que el pueblo somos todos - MI BLOG\" \/>\n<meta property=\"og:description\" content=\"Las palabras no son inocentes. Y menos cuando provienen del poder. En d\u00edas recientes, un diputado oficialista reiter\u00f3 \u2014sin reparo\u2014 [&hellip;]\" \/>\n<meta property=\"og:url\" content=\"https:\/\/viniciojarquin.com\/blog\/el-eco-del-destierro-cuando-el-poder-olvida-que-el-pueblo-somos-todos\/\" \/>\n<meta property=\"og:site_name\" content=\"MI BLOG\" \/>\n<meta property=\"article:publisher\" content=\"https:\/\/www.facebook.com\/vinicio.jarquin\" \/>\n<meta property=\"article:author\" content=\"https:\/\/www.facebook.com\/vinicio.jarquin\" \/>\n<meta property=\"article:published_time\" content=\"2025-10-20T23:54:13+00:00\" \/>\n<meta property=\"article:modified_time\" content=\"2025-10-20T23:54:16+00:00\" \/>\n<meta property=\"og:image\" content=\"https:\/\/viniciojarquin.com\/blog\/wp-content\/uploads\/2025\/10\/El-eco-del-destierro.png\" \/>\n\t<meta property=\"og:image:width\" content=\"800\" \/>\n\t<meta property=\"og:image:height\" content=\"1200\" \/>\n\t<meta property=\"og:image:type\" content=\"image\/png\" \/>\n<meta name=\"author\" content=\"Vinicio Jarqu\u00edn\" \/>\n<meta name=\"twitter:card\" content=\"summary_large_image\" \/>\n<meta name=\"twitter:label1\" content=\"Escrito por\" \/>\n\t<meta name=\"twitter:data1\" content=\"Vinicio Jarqu\u00edn\" \/>\n\t<meta name=\"twitter:label2\" content=\"Tiempo de lectura\" \/>\n\t<meta name=\"twitter:data2\" content=\"3 minutos\" \/>\n<script type=\"application\/ld+json\" class=\"yoast-schema-graph\">{\"@context\":\"https:\/\/schema.org\",\"@graph\":[{\"@type\":\"Article\",\"@id\":\"https:\/\/viniciojarquin.com\/blog\/el-eco-del-destierro-cuando-el-poder-olvida-que-el-pueblo-somos-todos\/#article\",\"isPartOf\":{\"@id\":\"https:\/\/viniciojarquin.com\/blog\/el-eco-del-destierro-cuando-el-poder-olvida-que-el-pueblo-somos-todos\/\"},\"author\":{\"name\":\"Vinicio Jarqu\u00edn\",\"@id\":\"https:\/\/viniciojarquin.com\/blog\/#\/schema\/person\/90100c8845ae55462ec0657d3d2f8d3b\"},\"headline\":\"El eco del destierro: cuando el poder olvida que el pueblo somos todos\",\"datePublished\":\"2025-10-20T23:54:13+00:00\",\"dateModified\":\"2025-10-20T23:54:16+00:00\",\"mainEntityOfPage\":{\"@id\":\"https:\/\/viniciojarquin.com\/blog\/el-eco-del-destierro-cuando-el-poder-olvida-que-el-pueblo-somos-todos\/\"},\"wordCount\":451,\"commentCount\":0,\"publisher\":{\"@id\":\"https:\/\/viniciojarquin.com\/blog\/#\/schema\/person\/90100c8845ae55462ec0657d3d2f8d3b\"},\"image\":{\"@id\":\"https:\/\/viniciojarquin.com\/blog\/el-eco-del-destierro-cuando-el-poder-olvida-que-el-pueblo-somos-todos\/#primaryimage\"},\"thumbnailUrl\":\"https:\/\/viniciojarquin.com\/blog\/wp-content\/uploads\/2025\/10\/El-eco-del-destierro.png\",\"articleSection\":[\"Elecciones 2026\"],\"inLanguage\":\"es\",\"potentialAction\":[{\"@type\":\"CommentAction\",\"name\":\"Comment\",\"target\":[\"https:\/\/viniciojarquin.com\/blog\/el-eco-del-destierro-cuando-el-poder-olvida-que-el-pueblo-somos-todos\/#respond\"]}]},{\"@type\":\"WebPage\",\"@id\":\"https:\/\/viniciojarquin.com\/blog\/el-eco-del-destierro-cuando-el-poder-olvida-que-el-pueblo-somos-todos\/\",\"url\":\"https:\/\/viniciojarquin.com\/blog\/el-eco-del-destierro-cuando-el-poder-olvida-que-el-pueblo-somos-todos\/\",\"name\":\"El eco del destierro: cuando el poder olvida que el pueblo somos todos - MI BLOG\",\"isPartOf\":{\"@id\":\"https:\/\/viniciojarquin.com\/blog\/#website\"},\"primaryImageOfPage\":{\"@id\":\"https:\/\/viniciojarquin.com\/blog\/el-eco-del-destierro-cuando-el-poder-olvida-que-el-pueblo-somos-todos\/#primaryimage\"},\"image\":{\"@id\":\"https:\/\/viniciojarquin.com\/blog\/el-eco-del-destierro-cuando-el-poder-olvida-que-el-pueblo-somos-todos\/#primaryimage\"},\"thumbnailUrl\":\"https:\/\/viniciojarquin.com\/blog\/wp-content\/uploads\/2025\/10\/El-eco-del-destierro.png\",\"datePublished\":\"2025-10-20T23:54:13+00:00\",\"dateModified\":\"2025-10-20T23:54:16+00:00\",\"breadcrumb\":{\"@id\":\"https:\/\/viniciojarquin.com\/blog\/el-eco-del-destierro-cuando-el-poder-olvida-que-el-pueblo-somos-todos\/#breadcrumb\"},\"inLanguage\":\"es\",\"potentialAction\":[{\"@type\":\"ReadAction\",\"target\":[\"https:\/\/viniciojarquin.com\/blog\/el-eco-del-destierro-cuando-el-poder-olvida-que-el-pueblo-somos-todos\/\"]}]},{\"@type\":\"ImageObject\",\"inLanguage\":\"es\",\"@id\":\"https:\/\/viniciojarquin.com\/blog\/el-eco-del-destierro-cuando-el-poder-olvida-que-el-pueblo-somos-todos\/#primaryimage\",\"url\":\"https:\/\/viniciojarquin.com\/blog\/wp-content\/uploads\/2025\/10\/El-eco-del-destierro.png\",\"contentUrl\":\"https:\/\/viniciojarquin.com\/blog\/wp-content\/uploads\/2025\/10\/El-eco-del-destierro.png\",\"width\":800,\"height\":1200},{\"@type\":\"BreadcrumbList\",\"@id\":\"https:\/\/viniciojarquin.com\/blog\/el-eco-del-destierro-cuando-el-poder-olvida-que-el-pueblo-somos-todos\/#breadcrumb\",\"itemListElement\":[{\"@type\":\"ListItem\",\"position\":1,\"name\":\"Portada\",\"item\":\"https:\/\/viniciojarquin.com\/blog\/\"},{\"@type\":\"ListItem\",\"position\":2,\"name\":\"El eco del destierro: cuando el poder olvida que el pueblo somos todos\"}]},{\"@type\":\"WebSite\",\"@id\":\"https:\/\/viniciojarquin.com\/blog\/#website\",\"url\":\"https:\/\/viniciojarquin.com\/blog\/\",\"name\":\"Vinicio Jarqu\u00edn BLOG\",\"description\":\"\",\"publisher\":{\"@id\":\"https:\/\/viniciojarquin.com\/blog\/#\/schema\/person\/90100c8845ae55462ec0657d3d2f8d3b\"},\"potentialAction\":[{\"@type\":\"SearchAction\",\"target\":{\"@type\":\"EntryPoint\",\"urlTemplate\":\"https:\/\/viniciojarquin.com\/blog\/?s={search_term_string}\"},\"query-input\":{\"@type\":\"PropertyValueSpecification\",\"valueRequired\":true,\"valueName\":\"search_term_string\"}}],\"inLanguage\":\"es\"},{\"@type\":[\"Person\",\"Organization\"],\"@id\":\"https:\/\/viniciojarquin.com\/blog\/#\/schema\/person\/90100c8845ae55462ec0657d3d2f8d3b\",\"name\":\"Vinicio Jarqu\u00edn\",\"image\":{\"@type\":\"ImageObject\",\"inLanguage\":\"es\",\"@id\":\"https:\/\/viniciojarquin.com\/blog\/#\/schema\/person\/image\/\",\"url\":\"https:\/\/viniciojarquin.com\/blog\/wp-content\/uploads\/2024\/10\/Logo-VinicioJarquin-original-400.png\",\"contentUrl\":\"https:\/\/viniciojarquin.com\/blog\/wp-content\/uploads\/2024\/10\/Logo-VinicioJarquin-original-400.png\",\"width\":400,\"height\":130,\"caption\":\"Vinicio Jarqu\u00edn\"},\"logo\":{\"@id\":\"https:\/\/viniciojarquin.com\/blog\/#\/schema\/person\/image\/\"},\"description\":\"Empresario textil, artista pl\u00e1stico, escritor, coach de vida y fot\u00f3grafo.\",\"sameAs\":[\"https:\/\/viniciojarquin.com\/blog\",\"https:\/\/www.facebook.com\/vinicio.jarquin\",\"https:\/\/www.instagram.com\/vinicio_jarquin\/\",\"https:\/\/www.pinterest.com\/vinnyjc\/\",\"https:\/\/www.youtube.com\/@VinicioJarquin\"],\"url\":\"https:\/\/viniciojarquin.com\/blog\/author\/admin_s02au25i\/\"}]}<\/script>\n<!-- \/ Yoast SEO plugin. -->","yoast_head_json":{"title":"El eco del destierro: cuando el poder olvida que el pueblo somos todos - MI BLOG","robots":{"index":"index","follow":"follow","max-snippet":"max-snippet:-1","max-image-preview":"max-image-preview:large","max-video-preview":"max-video-preview:-1"},"canonical":"https:\/\/viniciojarquin.com\/blog\/el-eco-del-destierro-cuando-el-poder-olvida-que-el-pueblo-somos-todos\/","og_locale":"es_ES","og_type":"article","og_title":"El eco del destierro: cuando el poder olvida que el pueblo somos todos - MI BLOG","og_description":"Las palabras no son inocentes. Y menos cuando provienen del poder. En d\u00edas recientes, un diputado oficialista reiter\u00f3 \u2014sin reparo\u2014 [&hellip;]","og_url":"https:\/\/viniciojarquin.com\/blog\/el-eco-del-destierro-cuando-el-poder-olvida-que-el-pueblo-somos-todos\/","og_site_name":"MI BLOG","article_publisher":"https:\/\/www.facebook.com\/vinicio.jarquin","article_author":"https:\/\/www.facebook.com\/vinicio.jarquin","article_published_time":"2025-10-20T23:54:13+00:00","article_modified_time":"2025-10-20T23:54:16+00:00","og_image":[{"width":800,"height":1200,"url":"https:\/\/viniciojarquin.com\/blog\/wp-content\/uploads\/2025\/10\/El-eco-del-destierro.png","type":"image\/png"}],"author":"Vinicio Jarqu\u00edn","twitter_card":"summary_large_image","twitter_misc":{"Escrito por":"Vinicio Jarqu\u00edn","Tiempo de lectura":"3 minutos"},"schema":{"@context":"https:\/\/schema.org","@graph":[{"@type":"Article","@id":"https:\/\/viniciojarquin.com\/blog\/el-eco-del-destierro-cuando-el-poder-olvida-que-el-pueblo-somos-todos\/#article","isPartOf":{"@id":"https:\/\/viniciojarquin.com\/blog\/el-eco-del-destierro-cuando-el-poder-olvida-que-el-pueblo-somos-todos\/"},"author":{"name":"Vinicio Jarqu\u00edn","@id":"https:\/\/viniciojarquin.com\/blog\/#\/schema\/person\/90100c8845ae55462ec0657d3d2f8d3b"},"headline":"El eco del destierro: cuando el poder olvida que el pueblo somos todos","datePublished":"2025-10-20T23:54:13+00:00","dateModified":"2025-10-20T23:54:16+00:00","mainEntityOfPage":{"@id":"https:\/\/viniciojarquin.com\/blog\/el-eco-del-destierro-cuando-el-poder-olvida-que-el-pueblo-somos-todos\/"},"wordCount":451,"commentCount":0,"publisher":{"@id":"https:\/\/viniciojarquin.com\/blog\/#\/schema\/person\/90100c8845ae55462ec0657d3d2f8d3b"},"image":{"@id":"https:\/\/viniciojarquin.com\/blog\/el-eco-del-destierro-cuando-el-poder-olvida-que-el-pueblo-somos-todos\/#primaryimage"},"thumbnailUrl":"https:\/\/viniciojarquin.com\/blog\/wp-content\/uploads\/2025\/10\/El-eco-del-destierro.png","articleSection":["Elecciones 2026"],"inLanguage":"es","potentialAction":[{"@type":"CommentAction","name":"Comment","target":["https:\/\/viniciojarquin.com\/blog\/el-eco-del-destierro-cuando-el-poder-olvida-que-el-pueblo-somos-todos\/#respond"]}]},{"@type":"WebPage","@id":"https:\/\/viniciojarquin.com\/blog\/el-eco-del-destierro-cuando-el-poder-olvida-que-el-pueblo-somos-todos\/","url":"https:\/\/viniciojarquin.com\/blog\/el-eco-del-destierro-cuando-el-poder-olvida-que-el-pueblo-somos-todos\/","name":"El eco del destierro: cuando el poder olvida que el pueblo somos todos - MI BLOG","isPartOf":{"@id":"https:\/\/viniciojarquin.com\/blog\/#website"},"primaryImageOfPage":{"@id":"https:\/\/viniciojarquin.com\/blog\/el-eco-del-destierro-cuando-el-poder-olvida-que-el-pueblo-somos-todos\/#primaryimage"},"image":{"@id":"https:\/\/viniciojarquin.com\/blog\/el-eco-del-destierro-cuando-el-poder-olvida-que-el-pueblo-somos-todos\/#primaryimage"},"thumbnailUrl":"https:\/\/viniciojarquin.com\/blog\/wp-content\/uploads\/2025\/10\/El-eco-del-destierro.png","datePublished":"2025-10-20T23:54:13+00:00","dateModified":"2025-10-20T23:54:16+00:00","breadcrumb":{"@id":"https:\/\/viniciojarquin.com\/blog\/el-eco-del-destierro-cuando-el-poder-olvida-que-el-pueblo-somos-todos\/#breadcrumb"},"inLanguage":"es","potentialAction":[{"@type":"ReadAction","target":["https:\/\/viniciojarquin.com\/blog\/el-eco-del-destierro-cuando-el-poder-olvida-que-el-pueblo-somos-todos\/"]}]},{"@type":"ImageObject","inLanguage":"es","@id":"https:\/\/viniciojarquin.com\/blog\/el-eco-del-destierro-cuando-el-poder-olvida-que-el-pueblo-somos-todos\/#primaryimage","url":"https:\/\/viniciojarquin.com\/blog\/wp-content\/uploads\/2025\/10\/El-eco-del-destierro.png","contentUrl":"https:\/\/viniciojarquin.com\/blog\/wp-content\/uploads\/2025\/10\/El-eco-del-destierro.png","width":800,"height":1200},{"@type":"BreadcrumbList","@id":"https:\/\/viniciojarquin.com\/blog\/el-eco-del-destierro-cuando-el-poder-olvida-que-el-pueblo-somos-todos\/#breadcrumb","itemListElement":[{"@type":"ListItem","position":1,"name":"Portada","item":"https:\/\/viniciojarquin.com\/blog\/"},{"@type":"ListItem","position":2,"name":"El eco del destierro: cuando el poder olvida que el pueblo somos todos"}]},{"@type":"WebSite","@id":"https:\/\/viniciojarquin.com\/blog\/#website","url":"https:\/\/viniciojarquin.com\/blog\/","name":"Vinicio Jarqu\u00edn BLOG","description":"","publisher":{"@id":"https:\/\/viniciojarquin.com\/blog\/#\/schema\/person\/90100c8845ae55462ec0657d3d2f8d3b"},"potentialAction":[{"@type":"SearchAction","target":{"@type":"EntryPoint","urlTemplate":"https:\/\/viniciojarquin.com\/blog\/?s={search_term_string}"},"query-input":{"@type":"PropertyValueSpecification","valueRequired":true,"valueName":"search_term_string"}}],"inLanguage":"es"},{"@type":["Person","Organization"],"@id":"https:\/\/viniciojarquin.com\/blog\/#\/schema\/person\/90100c8845ae55462ec0657d3d2f8d3b","name":"Vinicio Jarqu\u00edn","image":{"@type":"ImageObject","inLanguage":"es","@id":"https:\/\/viniciojarquin.com\/blog\/#\/schema\/person\/image\/","url":"https:\/\/viniciojarquin.com\/blog\/wp-content\/uploads\/2024\/10\/Logo-VinicioJarquin-original-400.png","contentUrl":"https:\/\/viniciojarquin.com\/blog\/wp-content\/uploads\/2024\/10\/Logo-VinicioJarquin-original-400.png","width":400,"height":130,"caption":"Vinicio Jarqu\u00edn"},"logo":{"@id":"https:\/\/viniciojarquin.com\/blog\/#\/schema\/person\/image\/"},"description":"Empresario textil, artista pl\u00e1stico, escritor, coach de vida y fot\u00f3grafo.","sameAs":["https:\/\/viniciojarquin.com\/blog","https:\/\/www.facebook.com\/vinicio.jarquin","https:\/\/www.instagram.com\/vinicio_jarquin\/","https:\/\/www.pinterest.com\/vinnyjc\/","https:\/\/www.youtube.com\/@VinicioJarquin"],"url":"https:\/\/viniciojarquin.com\/blog\/author\/admin_s02au25i\/"}]}},"blog_post_layout_featured_media_urls":{"thumbnail":["https:\/\/viniciojarquin.com\/blog\/wp-content\/uploads\/2025\/10\/El-eco-del-destierro-150x150.png",150,150,true],"full":["https:\/\/viniciojarquin.com\/blog\/wp-content\/uploads\/2025\/10\/El-eco-del-destierro.png",800,1200,false]},"categories_names":{"17":{"name":"Elecciones 2026","link":"https:\/\/viniciojarquin.com\/blog\/category\/elecciones-2026\/"}},"tags_names":[],"comments_number":"0","_links":{"self":[{"href":"https:\/\/viniciojarquin.com\/blog\/wp-json\/wp\/v2\/posts\/849","targetHints":{"allow":["GET"]}}],"collection":[{"href":"https:\/\/viniciojarquin.com\/blog\/wp-json\/wp\/v2\/posts"}],"about":[{"href":"https:\/\/viniciojarquin.com\/blog\/wp-json\/wp\/v2\/types\/post"}],"author":[{"embeddable":true,"href":"https:\/\/viniciojarquin.com\/blog\/wp-json\/wp\/v2\/users\/1"}],"replies":[{"embeddable":true,"href":"https:\/\/viniciojarquin.com\/blog\/wp-json\/wp\/v2\/comments?post=849"}],"version-history":[{"count":1,"href":"https:\/\/viniciojarquin.com\/blog\/wp-json\/wp\/v2\/posts\/849\/revisions"}],"predecessor-version":[{"id":856,"href":"https:\/\/viniciojarquin.com\/blog\/wp-json\/wp\/v2\/posts\/849\/revisions\/856"}],"wp:featuredmedia":[{"embeddable":true,"href":"https:\/\/viniciojarquin.com\/blog\/wp-json\/wp\/v2\/media\/846"}],"wp:attachment":[{"href":"https:\/\/viniciojarquin.com\/blog\/wp-json\/wp\/v2\/media?parent=849"}],"wp:term":[{"taxonomy":"category","embeddable":true,"href":"https:\/\/viniciojarquin.com\/blog\/wp-json\/wp\/v2\/categories?post=849"},{"taxonomy":"post_tag","embeddable":true,"href":"https:\/\/viniciojarquin.com\/blog\/wp-json\/wp\/v2\/tags?post=849"}],"curies":[{"name":"wp","href":"https:\/\/api.w.org\/{rel}","templated":true}]}}