{"id":850,"date":"2025-10-20T23:30:08","date_gmt":"2025-10-20T23:30:08","guid":{"rendered":"https:\/\/viniciojarquin.com\/blog\/?p=850"},"modified":"2025-10-21T00:02:37","modified_gmt":"2025-10-21T00:02:37","slug":"estado-de-excepcion-cuando-el-miedo-nos-saca-de-la-constitucion","status":"publish","type":"post","link":"https:\/\/viniciojarquin.com\/blog\/estado-de-excepcion-cuando-el-miedo-nos-saca-de-la-constitucion\/","title":{"rendered":"Estado de excepci\u00f3n: cuando el miedo nos saca de la Constituci\u00f3n"},"content":{"rendered":"\n<figure class=\"wp-block-image size-full\"><img decoding=\"async\" width=\"800\" height=\"800\" data-src=\"https:\/\/viniciojarquin.com\/blog\/wp-content\/uploads\/2025\/10\/Estado-de-excepcion.png\" alt=\"\" class=\"wp-image-844 lazyload\" data-srcset=\"https:\/\/viniciojarquin.com\/blog\/wp-content\/uploads\/2025\/10\/Estado-de-excepcion.png 800w, https:\/\/viniciojarquin.com\/blog\/wp-content\/uploads\/2025\/10\/Estado-de-excepcion-300x300.png 300w, https:\/\/viniciojarquin.com\/blog\/wp-content\/uploads\/2025\/10\/Estado-de-excepcion-150x150.png 150w, https:\/\/viniciojarquin.com\/blog\/wp-content\/uploads\/2025\/10\/Estado-de-excepcion-768x768.png 768w\" data-sizes=\"(max-width: 800px) 100vw, 800px\" src=\"data:image\/svg+xml;base64,PHN2ZyB3aWR0aD0iMSIgaGVpZ2h0PSIxIiB4bWxucz0iaHR0cDovL3d3dy53My5vcmcvMjAwMC9zdmciPjwvc3ZnPg==\" style=\"--smush-placeholder-width: 800px; --smush-placeholder-aspect-ratio: 800\/800;\" \/><\/figure>\n\n\n\n<p>Cada vez que el miedo crece, la libertad se pone a prueba. Los gobiernos saben que en tiempos de incertidumbre es m\u00e1s f\u00e1cil que un pueblo angustiado acepte cualquier medida que prometa \u201corden\u201d. Pero cuando ese orden se impone suspendiendo derechos, deja de ser orden y se convierte en un retroceso hist\u00f3rico.<\/p>\n\n\n\n<p>Do\u00f1a Laura Fern\u00e1ndez sugiri\u00f3 recientemente la posibilidad de decretar un <strong>estado de excepci\u00f3n<\/strong> en Costa Rica. Para muchos, el t\u00e9rmino puede sonar t\u00e9cnico, pero en la pr\u00e1ctica significa algo muy simple y muy grave: el Estado podr\u00eda suspender temporalmente derechos fundamentales como la libertad de tr\u00e1nsito, la privacidad, la libertad de reuni\u00f3n o el respeto al domicilio.<\/p>\n\n\n\n<p>Seg\u00fan explic\u00f3 <strong>CRHoy<\/strong>, este mecanismo solo puede aplicarse con la aprobaci\u00f3n de 38 diputados. A diferencia del <strong>estado de emergencia<\/strong>, que se utiliza para atender desastres naturales o crisis sanitarias, el <strong>estado de excepci\u00f3n<\/strong> implica una suspensi\u00f3n de garant\u00edas constitucionales, lo cual equivale \u2014como dijo un jurista\u2014 a <em>\u201csacarnos de la Constituci\u00f3n durante unos d\u00edas\u201d<\/em>.<\/p>\n\n\n\n<p>Algunas personas han querido comparar esta figura con las restricciones vehiculares implementadas durante la pandemia de COVID-19, pero esa comparaci\u00f3n no es v\u00e1lida.<br>Durante aquella emergencia sanitaria, lo que se restringi\u00f3 fue <strong>el uso de veh\u00edculos en determinados horarios y zonas<\/strong>, no la libertad de movimiento de las personas. Nadie te prohib\u00eda salir a caminar, ni te pod\u00edan intervenir las llamadas o entrar a tu casa sin orden judicial. No se limitaron las reuniones familiares ni se viol\u00f3 la privacidad de las comunicaciones.<\/p>\n\n\n\n<p>El estado de excepci\u00f3n, en cambio, <strong>s\u00ed podr\u00eda hacerlo<\/strong>. Permitir\u00eda detener personas sin orden judicial, intervenir comunicaciones, restringir la movilidad y suspender la vida c\u00edvica bajo el argumento de proteger la seguridad. Y ah\u00ed est\u00e1 el riesgo: cuando una sociedad acepta sacrificar sus libertades a cambio de una falsa sensaci\u00f3n de control, abre la puerta a un tipo de poder que ya no quiere devolver lo que se le entreg\u00f3.<\/p>\n\n\n\n<p>Costa Rica no necesita suspender derechos para estar segura; necesita fortalecer las instituciones que garantizan esos derechos. La seguridad no se construye amordazando libertades, sino aplicando justicia, educaci\u00f3n y responsabilidad social.<\/p>\n\n\n\n<p>Si alguna vez te dicen que \u201cya vivimos algo parecido con el COVID-19\u201d, record\u00e1 esto: <strong>en una pandemia se intent\u00f3 salvar vidas; en un estado de excepci\u00f3n se pone en riesgo el alma de la democracia.<\/strong><\/p>\n","protected":false},"excerpt":{"rendered":"<p>Cada vez que el miedo crece, la libertad se pone a prueba. Los gobiernos saben que en tiempos de incertidumbre [&hellip;]<\/p>\n","protected":false},"author":1,"featured_media":844,"comment_status":"open","ping_status":"open","sticky":false,"template":"","format":"standard","meta":{"site-sidebar-layout":"default","site-content-layout":"","ast-site-content-layout":"","site-content-style":"default","site-sidebar-style":"default","ast-global-header-display":"","ast-banner-title-visibility":"","ast-main-header-display":"","ast-hfb-above-header-display":"","ast-hfb-below-header-display":"","ast-hfb-mobile-header-display":"","site-post-title":"","ast-breadcrumbs-content":"","ast-featured-img":"","footer-sml-layout":"","theme-transparent-header-meta":"","adv-header-id-meta":"","stick-header-meta":"","header-above-stick-meta":"","header-main-stick-meta":"","header-below-stick-meta":"","astra-migrate-meta-layouts":"default","ast-page-background-enabled":"default","ast-page-background-meta":{"desktop":{"background-color":"var(--ast-global-color-5)","background-image":"","background-repeat":"repeat","background-position":"center center","background-size":"auto","background-attachment":"scroll","background-type":"","background-media":"","overlay-type":"","overlay-color":"","overlay-opacity":"","overlay-gradient":""},"tablet":{"background-color":"","background-image":"","background-repeat":"repeat","background-position":"center center","background-size":"auto","background-attachment":"scroll","background-type":"","background-media":"","overlay-type":"","overlay-color":"","overlay-opacity":"","overlay-gradient":""},"mobile":{"background-color":"","background-image":"","background-repeat":"repeat","background-position":"center center","background-size":"auto","background-attachment":"scroll","background-type":"","background-media":"","overlay-type":"","overlay-color":"","overlay-opacity":"","overlay-gradient":""}},"ast-content-background-meta":{"desktop":{"background-color":"var(--ast-global-color-4)","background-image":"","background-repeat":"repeat","background-position":"center center","background-size":"auto","background-attachment":"scroll","background-type":"","background-media":"","overlay-type":"","overlay-color":"","overlay-opacity":"","overlay-gradient":""},"tablet":{"background-color":"var(--ast-global-color-4)","background-image":"","background-repeat":"repeat","background-position":"center center","background-size":"auto","background-attachment":"scroll","background-type":"","background-media":"","overlay-type":"","overlay-color":"","overlay-opacity":"","overlay-gradient":""},"mobile":{"background-color":"var(--ast-global-color-4)","background-image":"","background-repeat":"repeat","background-position":"center center","background-size":"auto","background-attachment":"scroll","background-type":"","background-media":"","overlay-type":"","overlay-color":"","overlay-opacity":"","overlay-gradient":""}},"footnotes":""},"categories":[17],"tags":[],"class_list":["post-850","post","type-post","status-publish","format-standard","has-post-thumbnail","hentry","category-elecciones-2026"],"yoast_head":"<!-- This site is optimized with the Yoast SEO plugin v26.0 - https:\/\/yoast.com\/wordpress\/plugins\/seo\/ -->\n<title>Estado de excepci\u00f3n: cuando el miedo nos saca de la Constituci\u00f3n - MI BLOG<\/title>\n<meta name=\"robots\" content=\"index, follow, max-snippet:-1, max-image-preview:large, max-video-preview:-1\" \/>\n<link rel=\"canonical\" href=\"https:\/\/viniciojarquin.com\/blog\/estado-de-excepcion-cuando-el-miedo-nos-saca-de-la-constitucion\/\" \/>\n<meta property=\"og:locale\" content=\"es_ES\" \/>\n<meta property=\"og:type\" content=\"article\" \/>\n<meta property=\"og:title\" content=\"Estado de excepci\u00f3n: cuando el miedo nos saca de la Constituci\u00f3n - MI BLOG\" \/>\n<meta property=\"og:description\" content=\"Cada vez que el miedo crece, la libertad se pone a prueba. Los gobiernos saben que en tiempos de incertidumbre [&hellip;]\" \/>\n<meta property=\"og:url\" content=\"https:\/\/viniciojarquin.com\/blog\/estado-de-excepcion-cuando-el-miedo-nos-saca-de-la-constitucion\/\" \/>\n<meta property=\"og:site_name\" content=\"MI BLOG\" \/>\n<meta property=\"article:publisher\" content=\"https:\/\/www.facebook.com\/vinicio.jarquin\" \/>\n<meta property=\"article:author\" content=\"https:\/\/www.facebook.com\/vinicio.jarquin\" \/>\n<meta property=\"article:published_time\" content=\"2025-10-20T23:30:08+00:00\" \/>\n<meta property=\"article:modified_time\" content=\"2025-10-21T00:02:37+00:00\" \/>\n<meta property=\"og:image\" content=\"https:\/\/viniciojarquin.com\/blog\/wp-content\/uploads\/2025\/10\/Estado-de-excepcion.png\" \/>\n\t<meta property=\"og:image:width\" content=\"800\" \/>\n\t<meta property=\"og:image:height\" content=\"800\" \/>\n\t<meta property=\"og:image:type\" content=\"image\/png\" \/>\n<meta name=\"author\" content=\"Vinicio Jarqu\u00edn\" \/>\n<meta name=\"twitter:card\" content=\"summary_large_image\" \/>\n<meta name=\"twitter:label1\" content=\"Escrito por\" \/>\n\t<meta name=\"twitter:data1\" content=\"Vinicio Jarqu\u00edn\" \/>\n\t<meta name=\"twitter:label2\" content=\"Tiempo de lectura\" \/>\n\t<meta name=\"twitter:data2\" content=\"3 minutos\" \/>\n<script type=\"application\/ld+json\" class=\"yoast-schema-graph\">{\"@context\":\"https:\/\/schema.org\",\"@graph\":[{\"@type\":\"Article\",\"@id\":\"https:\/\/viniciojarquin.com\/blog\/estado-de-excepcion-cuando-el-miedo-nos-saca-de-la-constitucion\/#article\",\"isPartOf\":{\"@id\":\"https:\/\/viniciojarquin.com\/blog\/estado-de-excepcion-cuando-el-miedo-nos-saca-de-la-constitucion\/\"},\"author\":{\"name\":\"Vinicio Jarqu\u00edn\",\"@id\":\"https:\/\/viniciojarquin.com\/blog\/#\/schema\/person\/90100c8845ae55462ec0657d3d2f8d3b\"},\"headline\":\"Estado de excepci\u00f3n: cuando el miedo nos saca de la Constituci\u00f3n\",\"datePublished\":\"2025-10-20T23:30:08+00:00\",\"dateModified\":\"2025-10-21T00:02:37+00:00\",\"mainEntityOfPage\":{\"@id\":\"https:\/\/viniciojarquin.com\/blog\/estado-de-excepcion-cuando-el-miedo-nos-saca-de-la-constitucion\/\"},\"wordCount\":427,\"commentCount\":0,\"publisher\":{\"@id\":\"https:\/\/viniciojarquin.com\/blog\/#\/schema\/person\/90100c8845ae55462ec0657d3d2f8d3b\"},\"image\":{\"@id\":\"https:\/\/viniciojarquin.com\/blog\/estado-de-excepcion-cuando-el-miedo-nos-saca-de-la-constitucion\/#primaryimage\"},\"thumbnailUrl\":\"https:\/\/viniciojarquin.com\/blog\/wp-content\/uploads\/2025\/10\/Estado-de-excepcion.png\",\"articleSection\":[\"Elecciones 2026\"],\"inLanguage\":\"es\",\"potentialAction\":[{\"@type\":\"CommentAction\",\"name\":\"Comment\",\"target\":[\"https:\/\/viniciojarquin.com\/blog\/estado-de-excepcion-cuando-el-miedo-nos-saca-de-la-constitucion\/#respond\"]}]},{\"@type\":\"WebPage\",\"@id\":\"https:\/\/viniciojarquin.com\/blog\/estado-de-excepcion-cuando-el-miedo-nos-saca-de-la-constitucion\/\",\"url\":\"https:\/\/viniciojarquin.com\/blog\/estado-de-excepcion-cuando-el-miedo-nos-saca-de-la-constitucion\/\",\"name\":\"Estado de excepci\u00f3n: cuando el miedo nos saca de la Constituci\u00f3n - MI BLOG\",\"isPartOf\":{\"@id\":\"https:\/\/viniciojarquin.com\/blog\/#website\"},\"primaryImageOfPage\":{\"@id\":\"https:\/\/viniciojarquin.com\/blog\/estado-de-excepcion-cuando-el-miedo-nos-saca-de-la-constitucion\/#primaryimage\"},\"image\":{\"@id\":\"https:\/\/viniciojarquin.com\/blog\/estado-de-excepcion-cuando-el-miedo-nos-saca-de-la-constitucion\/#primaryimage\"},\"thumbnailUrl\":\"https:\/\/viniciojarquin.com\/blog\/wp-content\/uploads\/2025\/10\/Estado-de-excepcion.png\",\"datePublished\":\"2025-10-20T23:30:08+00:00\",\"dateModified\":\"2025-10-21T00:02:37+00:00\",\"breadcrumb\":{\"@id\":\"https:\/\/viniciojarquin.com\/blog\/estado-de-excepcion-cuando-el-miedo-nos-saca-de-la-constitucion\/#breadcrumb\"},\"inLanguage\":\"es\",\"potentialAction\":[{\"@type\":\"ReadAction\",\"target\":[\"https:\/\/viniciojarquin.com\/blog\/estado-de-excepcion-cuando-el-miedo-nos-saca-de-la-constitucion\/\"]}]},{\"@type\":\"ImageObject\",\"inLanguage\":\"es\",\"@id\":\"https:\/\/viniciojarquin.com\/blog\/estado-de-excepcion-cuando-el-miedo-nos-saca-de-la-constitucion\/#primaryimage\",\"url\":\"https:\/\/viniciojarquin.com\/blog\/wp-content\/uploads\/2025\/10\/Estado-de-excepcion.png\",\"contentUrl\":\"https:\/\/viniciojarquin.com\/blog\/wp-content\/uploads\/2025\/10\/Estado-de-excepcion.png\",\"width\":800,\"height\":800},{\"@type\":\"BreadcrumbList\",\"@id\":\"https:\/\/viniciojarquin.com\/blog\/estado-de-excepcion-cuando-el-miedo-nos-saca-de-la-constitucion\/#breadcrumb\",\"itemListElement\":[{\"@type\":\"ListItem\",\"position\":1,\"name\":\"Portada\",\"item\":\"https:\/\/viniciojarquin.com\/blog\/\"},{\"@type\":\"ListItem\",\"position\":2,\"name\":\"Estado de excepci\u00f3n: cuando el miedo nos saca de la Constituci\u00f3n\"}]},{\"@type\":\"WebSite\",\"@id\":\"https:\/\/viniciojarquin.com\/blog\/#website\",\"url\":\"https:\/\/viniciojarquin.com\/blog\/\",\"name\":\"Vinicio Jarqu\u00edn BLOG\",\"description\":\"\",\"publisher\":{\"@id\":\"https:\/\/viniciojarquin.com\/blog\/#\/schema\/person\/90100c8845ae55462ec0657d3d2f8d3b\"},\"potentialAction\":[{\"@type\":\"SearchAction\",\"target\":{\"@type\":\"EntryPoint\",\"urlTemplate\":\"https:\/\/viniciojarquin.com\/blog\/?s={search_term_string}\"},\"query-input\":{\"@type\":\"PropertyValueSpecification\",\"valueRequired\":true,\"valueName\":\"search_term_string\"}}],\"inLanguage\":\"es\"},{\"@type\":[\"Person\",\"Organization\"],\"@id\":\"https:\/\/viniciojarquin.com\/blog\/#\/schema\/person\/90100c8845ae55462ec0657d3d2f8d3b\",\"name\":\"Vinicio Jarqu\u00edn\",\"image\":{\"@type\":\"ImageObject\",\"inLanguage\":\"es\",\"@id\":\"https:\/\/viniciojarquin.com\/blog\/#\/schema\/person\/image\/\",\"url\":\"https:\/\/viniciojarquin.com\/blog\/wp-content\/uploads\/2024\/10\/Logo-VinicioJarquin-original-400.png\",\"contentUrl\":\"https:\/\/viniciojarquin.com\/blog\/wp-content\/uploads\/2024\/10\/Logo-VinicioJarquin-original-400.png\",\"width\":400,\"height\":130,\"caption\":\"Vinicio Jarqu\u00edn\"},\"logo\":{\"@id\":\"https:\/\/viniciojarquin.com\/blog\/#\/schema\/person\/image\/\"},\"description\":\"Empresario textil, artista pl\u00e1stico, escritor, coach de vida y fot\u00f3grafo.\",\"sameAs\":[\"https:\/\/viniciojarquin.com\/blog\",\"https:\/\/www.facebook.com\/vinicio.jarquin\",\"https:\/\/www.instagram.com\/vinicio_jarquin\/\",\"https:\/\/www.pinterest.com\/vinnyjc\/\",\"https:\/\/www.youtube.com\/@VinicioJarquin\"],\"url\":\"https:\/\/viniciojarquin.com\/blog\/author\/admin_s02au25i\/\"}]}<\/script>\n<!-- \/ Yoast SEO plugin. -->","yoast_head_json":{"title":"Estado de excepci\u00f3n: cuando el miedo nos saca de la Constituci\u00f3n - MI BLOG","robots":{"index":"index","follow":"follow","max-snippet":"max-snippet:-1","max-image-preview":"max-image-preview:large","max-video-preview":"max-video-preview:-1"},"canonical":"https:\/\/viniciojarquin.com\/blog\/estado-de-excepcion-cuando-el-miedo-nos-saca-de-la-constitucion\/","og_locale":"es_ES","og_type":"article","og_title":"Estado de excepci\u00f3n: cuando el miedo nos saca de la Constituci\u00f3n - MI BLOG","og_description":"Cada vez que el miedo crece, la libertad se pone a prueba. Los gobiernos saben que en tiempos de incertidumbre [&hellip;]","og_url":"https:\/\/viniciojarquin.com\/blog\/estado-de-excepcion-cuando-el-miedo-nos-saca-de-la-constitucion\/","og_site_name":"MI BLOG","article_publisher":"https:\/\/www.facebook.com\/vinicio.jarquin","article_author":"https:\/\/www.facebook.com\/vinicio.jarquin","article_published_time":"2025-10-20T23:30:08+00:00","article_modified_time":"2025-10-21T00:02:37+00:00","og_image":[{"width":800,"height":800,"url":"https:\/\/viniciojarquin.com\/blog\/wp-content\/uploads\/2025\/10\/Estado-de-excepcion.png","type":"image\/png"}],"author":"Vinicio Jarqu\u00edn","twitter_card":"summary_large_image","twitter_misc":{"Escrito por":"Vinicio Jarqu\u00edn","Tiempo de lectura":"3 minutos"},"schema":{"@context":"https:\/\/schema.org","@graph":[{"@type":"Article","@id":"https:\/\/viniciojarquin.com\/blog\/estado-de-excepcion-cuando-el-miedo-nos-saca-de-la-constitucion\/#article","isPartOf":{"@id":"https:\/\/viniciojarquin.com\/blog\/estado-de-excepcion-cuando-el-miedo-nos-saca-de-la-constitucion\/"},"author":{"name":"Vinicio Jarqu\u00edn","@id":"https:\/\/viniciojarquin.com\/blog\/#\/schema\/person\/90100c8845ae55462ec0657d3d2f8d3b"},"headline":"Estado de excepci\u00f3n: cuando el miedo nos saca de la Constituci\u00f3n","datePublished":"2025-10-20T23:30:08+00:00","dateModified":"2025-10-21T00:02:37+00:00","mainEntityOfPage":{"@id":"https:\/\/viniciojarquin.com\/blog\/estado-de-excepcion-cuando-el-miedo-nos-saca-de-la-constitucion\/"},"wordCount":427,"commentCount":0,"publisher":{"@id":"https:\/\/viniciojarquin.com\/blog\/#\/schema\/person\/90100c8845ae55462ec0657d3d2f8d3b"},"image":{"@id":"https:\/\/viniciojarquin.com\/blog\/estado-de-excepcion-cuando-el-miedo-nos-saca-de-la-constitucion\/#primaryimage"},"thumbnailUrl":"https:\/\/viniciojarquin.com\/blog\/wp-content\/uploads\/2025\/10\/Estado-de-excepcion.png","articleSection":["Elecciones 2026"],"inLanguage":"es","potentialAction":[{"@type":"CommentAction","name":"Comment","target":["https:\/\/viniciojarquin.com\/blog\/estado-de-excepcion-cuando-el-miedo-nos-saca-de-la-constitucion\/#respond"]}]},{"@type":"WebPage","@id":"https:\/\/viniciojarquin.com\/blog\/estado-de-excepcion-cuando-el-miedo-nos-saca-de-la-constitucion\/","url":"https:\/\/viniciojarquin.com\/blog\/estado-de-excepcion-cuando-el-miedo-nos-saca-de-la-constitucion\/","name":"Estado de excepci\u00f3n: cuando el miedo nos saca de la Constituci\u00f3n - MI BLOG","isPartOf":{"@id":"https:\/\/viniciojarquin.com\/blog\/#website"},"primaryImageOfPage":{"@id":"https:\/\/viniciojarquin.com\/blog\/estado-de-excepcion-cuando-el-miedo-nos-saca-de-la-constitucion\/#primaryimage"},"image":{"@id":"https:\/\/viniciojarquin.com\/blog\/estado-de-excepcion-cuando-el-miedo-nos-saca-de-la-constitucion\/#primaryimage"},"thumbnailUrl":"https:\/\/viniciojarquin.com\/blog\/wp-content\/uploads\/2025\/10\/Estado-de-excepcion.png","datePublished":"2025-10-20T23:30:08+00:00","dateModified":"2025-10-21T00:02:37+00:00","breadcrumb":{"@id":"https:\/\/viniciojarquin.com\/blog\/estado-de-excepcion-cuando-el-miedo-nos-saca-de-la-constitucion\/#breadcrumb"},"inLanguage":"es","potentialAction":[{"@type":"ReadAction","target":["https:\/\/viniciojarquin.com\/blog\/estado-de-excepcion-cuando-el-miedo-nos-saca-de-la-constitucion\/"]}]},{"@type":"ImageObject","inLanguage":"es","@id":"https:\/\/viniciojarquin.com\/blog\/estado-de-excepcion-cuando-el-miedo-nos-saca-de-la-constitucion\/#primaryimage","url":"https:\/\/viniciojarquin.com\/blog\/wp-content\/uploads\/2025\/10\/Estado-de-excepcion.png","contentUrl":"https:\/\/viniciojarquin.com\/blog\/wp-content\/uploads\/2025\/10\/Estado-de-excepcion.png","width":800,"height":800},{"@type":"BreadcrumbList","@id":"https:\/\/viniciojarquin.com\/blog\/estado-de-excepcion-cuando-el-miedo-nos-saca-de-la-constitucion\/#breadcrumb","itemListElement":[{"@type":"ListItem","position":1,"name":"Portada","item":"https:\/\/viniciojarquin.com\/blog\/"},{"@type":"ListItem","position":2,"name":"Estado de excepci\u00f3n: cuando el miedo nos saca de la Constituci\u00f3n"}]},{"@type":"WebSite","@id":"https:\/\/viniciojarquin.com\/blog\/#website","url":"https:\/\/viniciojarquin.com\/blog\/","name":"Vinicio Jarqu\u00edn BLOG","description":"","publisher":{"@id":"https:\/\/viniciojarquin.com\/blog\/#\/schema\/person\/90100c8845ae55462ec0657d3d2f8d3b"},"potentialAction":[{"@type":"SearchAction","target":{"@type":"EntryPoint","urlTemplate":"https:\/\/viniciojarquin.com\/blog\/?s={search_term_string}"},"query-input":{"@type":"PropertyValueSpecification","valueRequired":true,"valueName":"search_term_string"}}],"inLanguage":"es"},{"@type":["Person","Organization"],"@id":"https:\/\/viniciojarquin.com\/blog\/#\/schema\/person\/90100c8845ae55462ec0657d3d2f8d3b","name":"Vinicio Jarqu\u00edn","image":{"@type":"ImageObject","inLanguage":"es","@id":"https:\/\/viniciojarquin.com\/blog\/#\/schema\/person\/image\/","url":"https:\/\/viniciojarquin.com\/blog\/wp-content\/uploads\/2024\/10\/Logo-VinicioJarquin-original-400.png","contentUrl":"https:\/\/viniciojarquin.com\/blog\/wp-content\/uploads\/2024\/10\/Logo-VinicioJarquin-original-400.png","width":400,"height":130,"caption":"Vinicio Jarqu\u00edn"},"logo":{"@id":"https:\/\/viniciojarquin.com\/blog\/#\/schema\/person\/image\/"},"description":"Empresario textil, artista pl\u00e1stico, escritor, coach de vida y fot\u00f3grafo.","sameAs":["https:\/\/viniciojarquin.com\/blog","https:\/\/www.facebook.com\/vinicio.jarquin","https:\/\/www.instagram.com\/vinicio_jarquin\/","https:\/\/www.pinterest.com\/vinnyjc\/","https:\/\/www.youtube.com\/@VinicioJarquin"],"url":"https:\/\/viniciojarquin.com\/blog\/author\/admin_s02au25i\/"}]}},"blog_post_layout_featured_media_urls":{"thumbnail":["https:\/\/viniciojarquin.com\/blog\/wp-content\/uploads\/2025\/10\/Estado-de-excepcion-150x150.png",150,150,true],"full":["https:\/\/viniciojarquin.com\/blog\/wp-content\/uploads\/2025\/10\/Estado-de-excepcion.png",800,800,false]},"categories_names":{"17":{"name":"Elecciones 2026","link":"https:\/\/viniciojarquin.com\/blog\/category\/elecciones-2026\/"}},"tags_names":[],"comments_number":"0","_links":{"self":[{"href":"https:\/\/viniciojarquin.com\/blog\/wp-json\/wp\/v2\/posts\/850","targetHints":{"allow":["GET"]}}],"collection":[{"href":"https:\/\/viniciojarquin.com\/blog\/wp-json\/wp\/v2\/posts"}],"about":[{"href":"https:\/\/viniciojarquin.com\/blog\/wp-json\/wp\/v2\/types\/post"}],"author":[{"embeddable":true,"href":"https:\/\/viniciojarquin.com\/blog\/wp-json\/wp\/v2\/users\/1"}],"replies":[{"embeddable":true,"href":"https:\/\/viniciojarquin.com\/blog\/wp-json\/wp\/v2\/comments?post=850"}],"version-history":[{"count":3,"href":"https:\/\/viniciojarquin.com\/blog\/wp-json\/wp\/v2\/posts\/850\/revisions"}],"predecessor-version":[{"id":857,"href":"https:\/\/viniciojarquin.com\/blog\/wp-json\/wp\/v2\/posts\/850\/revisions\/857"}],"wp:featuredmedia":[{"embeddable":true,"href":"https:\/\/viniciojarquin.com\/blog\/wp-json\/wp\/v2\/media\/844"}],"wp:attachment":[{"href":"https:\/\/viniciojarquin.com\/blog\/wp-json\/wp\/v2\/media?parent=850"}],"wp:term":[{"taxonomy":"category","embeddable":true,"href":"https:\/\/viniciojarquin.com\/blog\/wp-json\/wp\/v2\/categories?post=850"},{"taxonomy":"post_tag","embeddable":true,"href":"https:\/\/viniciojarquin.com\/blog\/wp-json\/wp\/v2\/tags?post=850"}],"curies":[{"name":"wp","href":"https:\/\/api.w.org\/{rel}","templated":true}]}}