{"id":863,"date":"2025-10-21T15:08:01","date_gmt":"2025-10-21T15:08:01","guid":{"rendered":"https:\/\/viniciojarquin.com\/blog\/?p=863"},"modified":"2025-10-21T15:08:04","modified_gmt":"2025-10-21T15:08:04","slug":"por-que-tanta-ira-con-la-pension-de-rodrigo-chaves","status":"publish","type":"post","link":"https:\/\/viniciojarquin.com\/blog\/por-que-tanta-ira-con-la-pension-de-rodrigo-chaves\/","title":{"rendered":"\u00bfPor qu\u00e9 tanta ira con la pensi\u00f3n de Rodrigo Chaves?"},"content":{"rendered":"\n<figure class=\"wp-block-image size-full\"><img decoding=\"async\" width=\"800\" height=\"800\" data-src=\"https:\/\/viniciojarquin.com\/blog\/wp-content\/uploads\/2025\/10\/0AA0373E-266A-4261-A6FE-6497DAA1574A.png\" alt=\"\" class=\"wp-image-865 lazyload\" data-srcset=\"https:\/\/viniciojarquin.com\/blog\/wp-content\/uploads\/2025\/10\/0AA0373E-266A-4261-A6FE-6497DAA1574A.png 800w, https:\/\/viniciojarquin.com\/blog\/wp-content\/uploads\/2025\/10\/0AA0373E-266A-4261-A6FE-6497DAA1574A-300x300.png 300w, https:\/\/viniciojarquin.com\/blog\/wp-content\/uploads\/2025\/10\/0AA0373E-266A-4261-A6FE-6497DAA1574A-150x150.png 150w, https:\/\/viniciojarquin.com\/blog\/wp-content\/uploads\/2025\/10\/0AA0373E-266A-4261-A6FE-6497DAA1574A-768x768.png 768w\" data-sizes=\"(max-width: 800px) 100vw, 800px\" src=\"data:image\/svg+xml;base64,PHN2ZyB3aWR0aD0iMSIgaGVpZ2h0PSIxIiB4bWxucz0iaHR0cDovL3d3dy53My5vcmcvMjAwMC9zdmciPjwvc3ZnPg==\" style=\"--smush-placeholder-width: 800px; --smush-placeholder-aspect-ratio: 800\/800;\" \/><\/figure>\n\n\n\n<p>Algunas veces exigimos m\u00e1s a los dem\u00e1s que a nosotros mismos.<\/p>\n\n\n\n<p>Y lo curioso es que muchas veces exigimos que los dem\u00e1s act\u00faen como nosotros no actuar\u00edamos. Pero esto \u2014hay que admitirlo\u2014 nos pasa solo algunas veces.<\/p>\n\n\n\n<p>Creo que muchos pol\u00edticos se lanzan a la campa\u00f1a electoral con diferentes motivaciones: algunos para ayudar, otros para aportar su granito de arena, otros por su carrera profesional, por obtener un buen salario, por ego o por muchas razones combinadas. Pero de ninguna manera el hecho de ser pol\u00edtico deber\u00eda equivaler autom\u00e1ticamente a corrupci\u00f3n o deshonestidad.<\/p>\n\n\n\n<p>En la historia de Costa Rica hemos tenido grandes pol\u00edticos que han hecho grandes cosas, y no deber\u00edamos satanizarlos ni juzgar a todos con la misma vara.<\/p>\n\n\n\n<p>Ahora bien, espec\u00edficamente hablando de las <strong>pensiones de lujo<\/strong>, este tema ha sido objeto de debate durante a\u00f1os. En distintos momentos se ha intentado reformar o eliminar este derecho, pero no se ha logrado.<\/p>\n\n\n\n<p>Rodrigo Chaves, tras haber vivido fuera del pa\u00eds durante largo tiempo, regresa, asume la Presidencia de la Rep\u00fablica y, al finalizar su mandato, adquiere el derecho a esa pensi\u00f3n. Y s\u00ed, es <strong>una pensi\u00f3n de lujo<\/strong>, pero tambi\u00e9n es su derecho.<\/p>\n\n\n\n<p>Mucha gente insiste en que podr\u00eda renunciar a ella. Sin embargo, la ley <strong>no lo permite<\/strong>: la pensi\u00f3n presidencial es irrenunciable.<\/p>\n\n\n\n<p>Algunos argumentan que podr\u00eda seguir el ejemplo de Carlos Alvarado, quien no la solicit\u00f3 ni la tramit\u00f3, y cuyo dinero qued\u00f3 en las arcas del Estado.<\/p>\n\n\n\n<p>Eso tambi\u00e9n es cierto. Rodrigo Chaves podr\u00eda hacerlo, pero <strong>no tiene por qu\u00e9 hacerlo<\/strong>.<\/p>\n\n\n\n<p>Y aqu\u00ed hago una pausa para mirarme en el espejo.<\/p>\n\n\n\n<p>Si ma\u00f1ana la Caja del Seguro Social me dijera que, por mis a\u00f1os de trabajo y mis cuotas, merezco una pensi\u00f3n de cinco millones de colones, \u00bfrenunciar\u00eda yo a ese monto pensando en Costa Rica? \u00bfIr\u00eda personalmente a pedir que me la bajen a dos millones y medio porque \u201ces demasiado\u201d?<\/p>\n\n\n\n<p>Honestamente, creo que no lo har\u00eda. Y si no lo har\u00eda yo, \u00bfpor qu\u00e9 exigirle a otro que lo haga?<\/p>\n\n\n\n<p>Por eso, creo sinceramente que Rodrigo Chaves <strong>no tiene por qu\u00e9 renunciar a esa pensi\u00f3n<\/strong>.<\/p>\n\n\n\n<p>Eso s\u00ed: tambi\u00e9n creo que el futuro gobierno y el pr\u00f3ximo presidente deber\u00edan <strong>revisar esa ley<\/strong>, modernizarla, adaptarla a los nuevos tiempos y hacerla m\u00e1s justa para el pa\u00eds.<\/p>\n\n\n\n<p>Pero mientras esa ley exista, existe.<\/p>\n\n\n\n<p>En conclusi\u00f3n, m\u00e1s que enojarnos o indignarnos, tal vez lo que nos corresponde como ciudadanos es <strong>reflexionar con calma<\/strong>, reconocer los l\u00edmites de la ley y entender que el cambio real no se logra se\u00f1alando, sino <strong>revisando, ajustando y mejorando el sistema<\/strong>.<\/p>\n","protected":false},"excerpt":{"rendered":"<p>Algunas veces exigimos m\u00e1s a los dem\u00e1s que a nosotros mismos. Y lo curioso es que muchas veces exigimos que [&hellip;]<\/p>\n","protected":false},"author":1,"featured_media":865,"comment_status":"open","ping_status":"open","sticky":false,"template":"","format":"standard","meta":{"site-sidebar-layout":"default","site-content-layout":"","ast-site-content-layout":"","site-content-style":"default","site-sidebar-style":"default","ast-global-header-display":"","ast-banner-title-visibility":"","ast-main-header-display":"","ast-hfb-above-header-display":"","ast-hfb-below-header-display":"","ast-hfb-mobile-header-display":"","site-post-title":"","ast-breadcrumbs-content":"","ast-featured-img":"","footer-sml-layout":"","theme-transparent-header-meta":"","adv-header-id-meta":"","stick-header-meta":"","header-above-stick-meta":"","header-main-stick-meta":"","header-below-stick-meta":"","astra-migrate-meta-layouts":"default","ast-page-background-enabled":"default","ast-page-background-meta":{"desktop":{"background-color":"var(--ast-global-color-5)","background-image":"","background-repeat":"repeat","background-position":"center center","background-size":"auto","background-attachment":"scroll","background-type":"","background-media":"","overlay-type":"","overlay-color":"","overlay-opacity":"","overlay-gradient":""},"tablet":{"background-color":"","background-image":"","background-repeat":"repeat","background-position":"center center","background-size":"auto","background-attachment":"scroll","background-type":"","background-media":"","overlay-type":"","overlay-color":"","overlay-opacity":"","overlay-gradient":""},"mobile":{"background-color":"","background-image":"","background-repeat":"repeat","background-position":"center center","background-size":"auto","background-attachment":"scroll","background-type":"","background-media":"","overlay-type":"","overlay-color":"","overlay-opacity":"","overlay-gradient":""}},"ast-content-background-meta":{"desktop":{"background-color":"var(--ast-global-color-4)","background-image":"","background-repeat":"repeat","background-position":"center center","background-size":"auto","background-attachment":"scroll","background-type":"","background-media":"","overlay-type":"","overlay-color":"","overlay-opacity":"","overlay-gradient":""},"tablet":{"background-color":"var(--ast-global-color-4)","background-image":"","background-repeat":"repeat","background-position":"center center","background-size":"auto","background-attachment":"scroll","background-type":"","background-media":"","overlay-type":"","overlay-color":"","overlay-opacity":"","overlay-gradient":""},"mobile":{"background-color":"var(--ast-global-color-4)","background-image":"","background-repeat":"repeat","background-position":"center center","background-size":"auto","background-attachment":"scroll","background-type":"","background-media":"","overlay-type":"","overlay-color":"","overlay-opacity":"","overlay-gradient":""}},"footnotes":""},"categories":[17],"tags":[],"class_list":["post-863","post","type-post","status-publish","format-standard","has-post-thumbnail","hentry","category-elecciones-2026"],"yoast_head":"<!-- This site is optimized with the Yoast SEO plugin v26.0 - https:\/\/yoast.com\/wordpress\/plugins\/seo\/ -->\n<title>\u00bfPor qu\u00e9 tanta ira con la pensi\u00f3n de Rodrigo Chaves? - MI BLOG<\/title>\n<meta name=\"robots\" content=\"index, follow, max-snippet:-1, max-image-preview:large, max-video-preview:-1\" \/>\n<link rel=\"canonical\" href=\"https:\/\/viniciojarquin.com\/blog\/por-que-tanta-ira-con-la-pension-de-rodrigo-chaves\/\" \/>\n<meta property=\"og:locale\" content=\"es_ES\" \/>\n<meta property=\"og:type\" content=\"article\" \/>\n<meta property=\"og:title\" content=\"\u00bfPor qu\u00e9 tanta ira con la pensi\u00f3n de Rodrigo Chaves? - MI BLOG\" \/>\n<meta property=\"og:description\" content=\"Algunas veces exigimos m\u00e1s a los dem\u00e1s que a nosotros mismos. Y lo curioso es que muchas veces exigimos que [&hellip;]\" \/>\n<meta property=\"og:url\" content=\"https:\/\/viniciojarquin.com\/blog\/por-que-tanta-ira-con-la-pension-de-rodrigo-chaves\/\" \/>\n<meta property=\"og:site_name\" content=\"MI BLOG\" \/>\n<meta property=\"article:publisher\" content=\"https:\/\/www.facebook.com\/vinicio.jarquin\" \/>\n<meta property=\"article:author\" content=\"https:\/\/www.facebook.com\/vinicio.jarquin\" \/>\n<meta property=\"article:published_time\" content=\"2025-10-21T15:08:01+00:00\" \/>\n<meta property=\"article:modified_time\" content=\"2025-10-21T15:08:04+00:00\" \/>\n<meta property=\"og:image\" content=\"https:\/\/viniciojarquin.com\/blog\/wp-content\/uploads\/2025\/10\/0AA0373E-266A-4261-A6FE-6497DAA1574A.png\" \/>\n\t<meta property=\"og:image:width\" content=\"800\" \/>\n\t<meta property=\"og:image:height\" content=\"800\" \/>\n\t<meta property=\"og:image:type\" content=\"image\/png\" \/>\n<meta name=\"author\" content=\"Vinicio Jarqu\u00edn\" \/>\n<meta name=\"twitter:card\" content=\"summary_large_image\" \/>\n<meta name=\"twitter:label1\" content=\"Escrito por\" \/>\n\t<meta name=\"twitter:data1\" content=\"Vinicio Jarqu\u00edn\" \/>\n\t<meta name=\"twitter:label2\" content=\"Tiempo de lectura\" \/>\n\t<meta name=\"twitter:data2\" content=\"3 minutos\" \/>\n<script type=\"application\/ld+json\" class=\"yoast-schema-graph\">{\"@context\":\"https:\/\/schema.org\",\"@graph\":[{\"@type\":\"Article\",\"@id\":\"https:\/\/viniciojarquin.com\/blog\/por-que-tanta-ira-con-la-pension-de-rodrigo-chaves\/#article\",\"isPartOf\":{\"@id\":\"https:\/\/viniciojarquin.com\/blog\/por-que-tanta-ira-con-la-pension-de-rodrigo-chaves\/\"},\"author\":{\"name\":\"Vinicio Jarqu\u00edn\",\"@id\":\"https:\/\/viniciojarquin.com\/blog\/#\/schema\/person\/90100c8845ae55462ec0657d3d2f8d3b\"},\"headline\":\"\u00bfPor qu\u00e9 tanta ira con la pensi\u00f3n de Rodrigo Chaves?\",\"datePublished\":\"2025-10-21T15:08:01+00:00\",\"dateModified\":\"2025-10-21T15:08:04+00:00\",\"mainEntityOfPage\":{\"@id\":\"https:\/\/viniciojarquin.com\/blog\/por-que-tanta-ira-con-la-pension-de-rodrigo-chaves\/\"},\"wordCount\":482,\"commentCount\":0,\"publisher\":{\"@id\":\"https:\/\/viniciojarquin.com\/blog\/#\/schema\/person\/90100c8845ae55462ec0657d3d2f8d3b\"},\"image\":{\"@id\":\"https:\/\/viniciojarquin.com\/blog\/por-que-tanta-ira-con-la-pension-de-rodrigo-chaves\/#primaryimage\"},\"thumbnailUrl\":\"https:\/\/viniciojarquin.com\/blog\/wp-content\/uploads\/2025\/10\/0AA0373E-266A-4261-A6FE-6497DAA1574A.png\",\"articleSection\":[\"Elecciones 2026\"],\"inLanguage\":\"es\",\"potentialAction\":[{\"@type\":\"CommentAction\",\"name\":\"Comment\",\"target\":[\"https:\/\/viniciojarquin.com\/blog\/por-que-tanta-ira-con-la-pension-de-rodrigo-chaves\/#respond\"]}]},{\"@type\":\"WebPage\",\"@id\":\"https:\/\/viniciojarquin.com\/blog\/por-que-tanta-ira-con-la-pension-de-rodrigo-chaves\/\",\"url\":\"https:\/\/viniciojarquin.com\/blog\/por-que-tanta-ira-con-la-pension-de-rodrigo-chaves\/\",\"name\":\"\u00bfPor qu\u00e9 tanta ira con la pensi\u00f3n de Rodrigo Chaves? - MI BLOG\",\"isPartOf\":{\"@id\":\"https:\/\/viniciojarquin.com\/blog\/#website\"},\"primaryImageOfPage\":{\"@id\":\"https:\/\/viniciojarquin.com\/blog\/por-que-tanta-ira-con-la-pension-de-rodrigo-chaves\/#primaryimage\"},\"image\":{\"@id\":\"https:\/\/viniciojarquin.com\/blog\/por-que-tanta-ira-con-la-pension-de-rodrigo-chaves\/#primaryimage\"},\"thumbnailUrl\":\"https:\/\/viniciojarquin.com\/blog\/wp-content\/uploads\/2025\/10\/0AA0373E-266A-4261-A6FE-6497DAA1574A.png\",\"datePublished\":\"2025-10-21T15:08:01+00:00\",\"dateModified\":\"2025-10-21T15:08:04+00:00\",\"breadcrumb\":{\"@id\":\"https:\/\/viniciojarquin.com\/blog\/por-que-tanta-ira-con-la-pension-de-rodrigo-chaves\/#breadcrumb\"},\"inLanguage\":\"es\",\"potentialAction\":[{\"@type\":\"ReadAction\",\"target\":[\"https:\/\/viniciojarquin.com\/blog\/por-que-tanta-ira-con-la-pension-de-rodrigo-chaves\/\"]}]},{\"@type\":\"ImageObject\",\"inLanguage\":\"es\",\"@id\":\"https:\/\/viniciojarquin.com\/blog\/por-que-tanta-ira-con-la-pension-de-rodrigo-chaves\/#primaryimage\",\"url\":\"https:\/\/viniciojarquin.com\/blog\/wp-content\/uploads\/2025\/10\/0AA0373E-266A-4261-A6FE-6497DAA1574A.png\",\"contentUrl\":\"https:\/\/viniciojarquin.com\/blog\/wp-content\/uploads\/2025\/10\/0AA0373E-266A-4261-A6FE-6497DAA1574A.png\",\"width\":800,\"height\":800},{\"@type\":\"BreadcrumbList\",\"@id\":\"https:\/\/viniciojarquin.com\/blog\/por-que-tanta-ira-con-la-pension-de-rodrigo-chaves\/#breadcrumb\",\"itemListElement\":[{\"@type\":\"ListItem\",\"position\":1,\"name\":\"Portada\",\"item\":\"https:\/\/viniciojarquin.com\/blog\/\"},{\"@type\":\"ListItem\",\"position\":2,\"name\":\"\u00bfPor qu\u00e9 tanta ira con la pensi\u00f3n de Rodrigo Chaves?\"}]},{\"@type\":\"WebSite\",\"@id\":\"https:\/\/viniciojarquin.com\/blog\/#website\",\"url\":\"https:\/\/viniciojarquin.com\/blog\/\",\"name\":\"Vinicio Jarqu\u00edn BLOG\",\"description\":\"\",\"publisher\":{\"@id\":\"https:\/\/viniciojarquin.com\/blog\/#\/schema\/person\/90100c8845ae55462ec0657d3d2f8d3b\"},\"potentialAction\":[{\"@type\":\"SearchAction\",\"target\":{\"@type\":\"EntryPoint\",\"urlTemplate\":\"https:\/\/viniciojarquin.com\/blog\/?s={search_term_string}\"},\"query-input\":{\"@type\":\"PropertyValueSpecification\",\"valueRequired\":true,\"valueName\":\"search_term_string\"}}],\"inLanguage\":\"es\"},{\"@type\":[\"Person\",\"Organization\"],\"@id\":\"https:\/\/viniciojarquin.com\/blog\/#\/schema\/person\/90100c8845ae55462ec0657d3d2f8d3b\",\"name\":\"Vinicio Jarqu\u00edn\",\"image\":{\"@type\":\"ImageObject\",\"inLanguage\":\"es\",\"@id\":\"https:\/\/viniciojarquin.com\/blog\/#\/schema\/person\/image\/\",\"url\":\"https:\/\/viniciojarquin.com\/blog\/wp-content\/uploads\/2024\/10\/Logo-VinicioJarquin-original-400.png\",\"contentUrl\":\"https:\/\/viniciojarquin.com\/blog\/wp-content\/uploads\/2024\/10\/Logo-VinicioJarquin-original-400.png\",\"width\":400,\"height\":130,\"caption\":\"Vinicio Jarqu\u00edn\"},\"logo\":{\"@id\":\"https:\/\/viniciojarquin.com\/blog\/#\/schema\/person\/image\/\"},\"description\":\"Empresario textil, artista pl\u00e1stico, escritor, coach de vida y fot\u00f3grafo.\",\"sameAs\":[\"https:\/\/viniciojarquin.com\/blog\",\"https:\/\/www.facebook.com\/vinicio.jarquin\",\"https:\/\/www.instagram.com\/vinicio_jarquin\/\",\"https:\/\/www.pinterest.com\/vinnyjc\/\",\"https:\/\/www.youtube.com\/@VinicioJarquin\"],\"url\":\"https:\/\/viniciojarquin.com\/blog\/author\/admin_s02au25i\/\"}]}<\/script>\n<!-- \/ Yoast SEO plugin. -->","yoast_head_json":{"title":"\u00bfPor qu\u00e9 tanta ira con la pensi\u00f3n de Rodrigo Chaves? - MI BLOG","robots":{"index":"index","follow":"follow","max-snippet":"max-snippet:-1","max-image-preview":"max-image-preview:large","max-video-preview":"max-video-preview:-1"},"canonical":"https:\/\/viniciojarquin.com\/blog\/por-que-tanta-ira-con-la-pension-de-rodrigo-chaves\/","og_locale":"es_ES","og_type":"article","og_title":"\u00bfPor qu\u00e9 tanta ira con la pensi\u00f3n de Rodrigo Chaves? - MI BLOG","og_description":"Algunas veces exigimos m\u00e1s a los dem\u00e1s que a nosotros mismos. Y lo curioso es que muchas veces exigimos que [&hellip;]","og_url":"https:\/\/viniciojarquin.com\/blog\/por-que-tanta-ira-con-la-pension-de-rodrigo-chaves\/","og_site_name":"MI BLOG","article_publisher":"https:\/\/www.facebook.com\/vinicio.jarquin","article_author":"https:\/\/www.facebook.com\/vinicio.jarquin","article_published_time":"2025-10-21T15:08:01+00:00","article_modified_time":"2025-10-21T15:08:04+00:00","og_image":[{"width":800,"height":800,"url":"https:\/\/viniciojarquin.com\/blog\/wp-content\/uploads\/2025\/10\/0AA0373E-266A-4261-A6FE-6497DAA1574A.png","type":"image\/png"}],"author":"Vinicio Jarqu\u00edn","twitter_card":"summary_large_image","twitter_misc":{"Escrito por":"Vinicio Jarqu\u00edn","Tiempo de lectura":"3 minutos"},"schema":{"@context":"https:\/\/schema.org","@graph":[{"@type":"Article","@id":"https:\/\/viniciojarquin.com\/blog\/por-que-tanta-ira-con-la-pension-de-rodrigo-chaves\/#article","isPartOf":{"@id":"https:\/\/viniciojarquin.com\/blog\/por-que-tanta-ira-con-la-pension-de-rodrigo-chaves\/"},"author":{"name":"Vinicio Jarqu\u00edn","@id":"https:\/\/viniciojarquin.com\/blog\/#\/schema\/person\/90100c8845ae55462ec0657d3d2f8d3b"},"headline":"\u00bfPor qu\u00e9 tanta ira con la pensi\u00f3n de Rodrigo Chaves?","datePublished":"2025-10-21T15:08:01+00:00","dateModified":"2025-10-21T15:08:04+00:00","mainEntityOfPage":{"@id":"https:\/\/viniciojarquin.com\/blog\/por-que-tanta-ira-con-la-pension-de-rodrigo-chaves\/"},"wordCount":482,"commentCount":0,"publisher":{"@id":"https:\/\/viniciojarquin.com\/blog\/#\/schema\/person\/90100c8845ae55462ec0657d3d2f8d3b"},"image":{"@id":"https:\/\/viniciojarquin.com\/blog\/por-que-tanta-ira-con-la-pension-de-rodrigo-chaves\/#primaryimage"},"thumbnailUrl":"https:\/\/viniciojarquin.com\/blog\/wp-content\/uploads\/2025\/10\/0AA0373E-266A-4261-A6FE-6497DAA1574A.png","articleSection":["Elecciones 2026"],"inLanguage":"es","potentialAction":[{"@type":"CommentAction","name":"Comment","target":["https:\/\/viniciojarquin.com\/blog\/por-que-tanta-ira-con-la-pension-de-rodrigo-chaves\/#respond"]}]},{"@type":"WebPage","@id":"https:\/\/viniciojarquin.com\/blog\/por-que-tanta-ira-con-la-pension-de-rodrigo-chaves\/","url":"https:\/\/viniciojarquin.com\/blog\/por-que-tanta-ira-con-la-pension-de-rodrigo-chaves\/","name":"\u00bfPor qu\u00e9 tanta ira con la pensi\u00f3n de Rodrigo Chaves? - MI BLOG","isPartOf":{"@id":"https:\/\/viniciojarquin.com\/blog\/#website"},"primaryImageOfPage":{"@id":"https:\/\/viniciojarquin.com\/blog\/por-que-tanta-ira-con-la-pension-de-rodrigo-chaves\/#primaryimage"},"image":{"@id":"https:\/\/viniciojarquin.com\/blog\/por-que-tanta-ira-con-la-pension-de-rodrigo-chaves\/#primaryimage"},"thumbnailUrl":"https:\/\/viniciojarquin.com\/blog\/wp-content\/uploads\/2025\/10\/0AA0373E-266A-4261-A6FE-6497DAA1574A.png","datePublished":"2025-10-21T15:08:01+00:00","dateModified":"2025-10-21T15:08:04+00:00","breadcrumb":{"@id":"https:\/\/viniciojarquin.com\/blog\/por-que-tanta-ira-con-la-pension-de-rodrigo-chaves\/#breadcrumb"},"inLanguage":"es","potentialAction":[{"@type":"ReadAction","target":["https:\/\/viniciojarquin.com\/blog\/por-que-tanta-ira-con-la-pension-de-rodrigo-chaves\/"]}]},{"@type":"ImageObject","inLanguage":"es","@id":"https:\/\/viniciojarquin.com\/blog\/por-que-tanta-ira-con-la-pension-de-rodrigo-chaves\/#primaryimage","url":"https:\/\/viniciojarquin.com\/blog\/wp-content\/uploads\/2025\/10\/0AA0373E-266A-4261-A6FE-6497DAA1574A.png","contentUrl":"https:\/\/viniciojarquin.com\/blog\/wp-content\/uploads\/2025\/10\/0AA0373E-266A-4261-A6FE-6497DAA1574A.png","width":800,"height":800},{"@type":"BreadcrumbList","@id":"https:\/\/viniciojarquin.com\/blog\/por-que-tanta-ira-con-la-pension-de-rodrigo-chaves\/#breadcrumb","itemListElement":[{"@type":"ListItem","position":1,"name":"Portada","item":"https:\/\/viniciojarquin.com\/blog\/"},{"@type":"ListItem","position":2,"name":"\u00bfPor qu\u00e9 tanta ira con la pensi\u00f3n de Rodrigo Chaves?"}]},{"@type":"WebSite","@id":"https:\/\/viniciojarquin.com\/blog\/#website","url":"https:\/\/viniciojarquin.com\/blog\/","name":"Vinicio Jarqu\u00edn BLOG","description":"","publisher":{"@id":"https:\/\/viniciojarquin.com\/blog\/#\/schema\/person\/90100c8845ae55462ec0657d3d2f8d3b"},"potentialAction":[{"@type":"SearchAction","target":{"@type":"EntryPoint","urlTemplate":"https:\/\/viniciojarquin.com\/blog\/?s={search_term_string}"},"query-input":{"@type":"PropertyValueSpecification","valueRequired":true,"valueName":"search_term_string"}}],"inLanguage":"es"},{"@type":["Person","Organization"],"@id":"https:\/\/viniciojarquin.com\/blog\/#\/schema\/person\/90100c8845ae55462ec0657d3d2f8d3b","name":"Vinicio Jarqu\u00edn","image":{"@type":"ImageObject","inLanguage":"es","@id":"https:\/\/viniciojarquin.com\/blog\/#\/schema\/person\/image\/","url":"https:\/\/viniciojarquin.com\/blog\/wp-content\/uploads\/2024\/10\/Logo-VinicioJarquin-original-400.png","contentUrl":"https:\/\/viniciojarquin.com\/blog\/wp-content\/uploads\/2024\/10\/Logo-VinicioJarquin-original-400.png","width":400,"height":130,"caption":"Vinicio Jarqu\u00edn"},"logo":{"@id":"https:\/\/viniciojarquin.com\/blog\/#\/schema\/person\/image\/"},"description":"Empresario textil, artista pl\u00e1stico, escritor, coach de vida y fot\u00f3grafo.","sameAs":["https:\/\/viniciojarquin.com\/blog","https:\/\/www.facebook.com\/vinicio.jarquin","https:\/\/www.instagram.com\/vinicio_jarquin\/","https:\/\/www.pinterest.com\/vinnyjc\/","https:\/\/www.youtube.com\/@VinicioJarquin"],"url":"https:\/\/viniciojarquin.com\/blog\/author\/admin_s02au25i\/"}]}},"blog_post_layout_featured_media_urls":{"thumbnail":["https:\/\/viniciojarquin.com\/blog\/wp-content\/uploads\/2025\/10\/0AA0373E-266A-4261-A6FE-6497DAA1574A-150x150.png",150,150,true],"full":["https:\/\/viniciojarquin.com\/blog\/wp-content\/uploads\/2025\/10\/0AA0373E-266A-4261-A6FE-6497DAA1574A.png",800,800,false]},"categories_names":{"17":{"name":"Elecciones 2026","link":"https:\/\/viniciojarquin.com\/blog\/category\/elecciones-2026\/"}},"tags_names":[],"comments_number":"0","_links":{"self":[{"href":"https:\/\/viniciojarquin.com\/blog\/wp-json\/wp\/v2\/posts\/863","targetHints":{"allow":["GET"]}}],"collection":[{"href":"https:\/\/viniciojarquin.com\/blog\/wp-json\/wp\/v2\/posts"}],"about":[{"href":"https:\/\/viniciojarquin.com\/blog\/wp-json\/wp\/v2\/types\/post"}],"author":[{"embeddable":true,"href":"https:\/\/viniciojarquin.com\/blog\/wp-json\/wp\/v2\/users\/1"}],"replies":[{"embeddable":true,"href":"https:\/\/viniciojarquin.com\/blog\/wp-json\/wp\/v2\/comments?post=863"}],"version-history":[{"count":1,"href":"https:\/\/viniciojarquin.com\/blog\/wp-json\/wp\/v2\/posts\/863\/revisions"}],"predecessor-version":[{"id":870,"href":"https:\/\/viniciojarquin.com\/blog\/wp-json\/wp\/v2\/posts\/863\/revisions\/870"}],"wp:featuredmedia":[{"embeddable":true,"href":"https:\/\/viniciojarquin.com\/blog\/wp-json\/wp\/v2\/media\/865"}],"wp:attachment":[{"href":"https:\/\/viniciojarquin.com\/blog\/wp-json\/wp\/v2\/media?parent=863"}],"wp:term":[{"taxonomy":"category","embeddable":true,"href":"https:\/\/viniciojarquin.com\/blog\/wp-json\/wp\/v2\/categories?post=863"},{"taxonomy":"post_tag","embeddable":true,"href":"https:\/\/viniciojarquin.com\/blog\/wp-json\/wp\/v2\/tags?post=863"}],"curies":[{"name":"wp","href":"https:\/\/api.w.org\/{rel}","templated":true}]}}