{"id":864,"date":"2025-10-21T15:06:58","date_gmt":"2025-10-21T15:06:58","guid":{"rendered":"https:\/\/viniciojarquin.com\/blog\/?p=864"},"modified":"2025-10-21T15:07:01","modified_gmt":"2025-10-21T15:07:01","slug":"rodrigo-chaves-no-esta-listo-para-entregar-el-poder","status":"publish","type":"post","link":"https:\/\/viniciojarquin.com\/blog\/rodrigo-chaves-no-esta-listo-para-entregar-el-poder\/","title":{"rendered":"Rodrigo Chaves no est\u00e1 listo para entregar el poder"},"content":{"rendered":"\n<figure class=\"wp-block-image size-full\"><img decoding=\"async\" width=\"800\" height=\"800\" data-src=\"https:\/\/viniciojarquin.com\/blog\/wp-content\/uploads\/2025\/10\/BE5829DC-B51C-44A4-B18D-5BA94EDD205C.png\" alt=\"\" class=\"wp-image-867 lazyload\" data-srcset=\"https:\/\/viniciojarquin.com\/blog\/wp-content\/uploads\/2025\/10\/BE5829DC-B51C-44A4-B18D-5BA94EDD205C.png 800w, https:\/\/viniciojarquin.com\/blog\/wp-content\/uploads\/2025\/10\/BE5829DC-B51C-44A4-B18D-5BA94EDD205C-300x300.png 300w, https:\/\/viniciojarquin.com\/blog\/wp-content\/uploads\/2025\/10\/BE5829DC-B51C-44A4-B18D-5BA94EDD205C-150x150.png 150w, https:\/\/viniciojarquin.com\/blog\/wp-content\/uploads\/2025\/10\/BE5829DC-B51C-44A4-B18D-5BA94EDD205C-768x768.png 768w\" data-sizes=\"(max-width: 800px) 100vw, 800px\" src=\"data:image\/svg+xml;base64,PHN2ZyB3aWR0aD0iMSIgaGVpZ2h0PSIxIiB4bWxucz0iaHR0cDovL3d3dy53My5vcmcvMjAwMC9zdmciPjwvc3ZnPg==\" style=\"--smush-placeholder-width: 800px; --smush-placeholder-aspect-ratio: 800\/800;\" \/><\/figure>\n\n\n\n<p>Luis Amador, exministro de Obras P\u00fablicas y Transportes en el gobierno de Rodrigo Chaves y actual candidato a la presidencia, afirm\u00f3 recientemente que existe una duda razonable: que Rodrigo Chaves no est\u00e1 listo para entregar el poder.<\/p>\n\n\n\n<p>Por su parte, el presidente respondi\u00f3 que lo har\u00e1 el 8 de mayo, como corresponde, y que su compromiso con la democracia es firme.<\/p>\n\n\n\n<p>Ahora bien, hay que ser justos.<\/p>\n\n\n\n<p><strong>Una cosa es no estar listo para entregar el poder, o no querer hacerlo, y otra muy distinta es no hacerlo.<\/strong><\/p>\n\n\n\n<p>No estar listo no significa desobediencia ni rebeld\u00eda. Es m\u00e1s bien un estado emocional y humano.<\/p>\n\n\n\n<p>Como cuando estamos de vacaciones y el viaje se acaba: no estamos listos para volver, pero igual volvemos. Y a veces, incluso, planeamos regresar al mismo destino m\u00e1s adelante.<\/p>\n\n\n\n<p>A m\u00ed me resulta evidente que Rodrigo Chaves no est\u00e1 listo para entregar el poder. Pero eso, en mi opini\u00f3n, <strong>no quiere decir que no lo vaya a hacer<\/strong>. Estoy convencido de que cumplir\u00e1 con la Constituci\u00f3n, entregar\u00e1 la banda presidencial el 8 de mayo y, despu\u00e9s, usar\u00e1 los recursos que la democracia le ofrece para seguir presente en el escenario pol\u00edtico.<\/p>\n\n\n\n<p>Podr\u00eda hacerlo como ministro, como asesor, o incluso, m\u00e1s adelante, como candidato nuevamente. &nbsp;Y eso, nos guste o no, est\u00e1 dentro de la ley.<\/p>\n\n\n\n<p>Si escudri\u00f1amos con cuidado las palabras de don Luis Amador \u2014en tono m\u00e1s de acusaci\u00f3n que de observaci\u00f3n\u2014, veremos que tiene raz\u00f3n en el fondo, pero que eso <strong>ya lo sab\u00edamos<\/strong>.<\/p>\n\n\n\n<p>No hay aqu\u00ed una violaci\u00f3n de la Constituci\u00f3n ni un atentado contra la democracia, si Rodrigo Chaves hiciera exactamente lo que parece que har\u00e1: mantenerse en movimiento, sin soltar del todo la pol\u00edtica, porque forma parte de su naturaleza.<\/p>\n\n\n\n<p>Desde la campa\u00f1a <em>Apacigua tu ser interior<\/em>, no veo motivo para el miedo.<\/p>\n\n\n\n<p>Veo, m\u00e1s bien, un recordatorio de que <strong>la democracia tambi\u00e9n permite continuar, volver, reinventarse y participar<\/strong>.<\/p>\n\n\n\n<p>Y mientras eso se haga dentro del marco de la ley, lo que corresponde no es temer\u2026 sino observar, analizar y votar con conciencia.<\/p>\n","protected":false},"excerpt":{"rendered":"<p>Luis Amador, exministro de Obras P\u00fablicas y Transportes en el gobierno de Rodrigo Chaves y actual candidato a la presidencia, [&hellip;]<\/p>\n","protected":false},"author":1,"featured_media":867,"comment_status":"open","ping_status":"open","sticky":false,"template":"","format":"standard","meta":{"site-sidebar-layout":"default","site-content-layout":"","ast-site-content-layout":"","site-content-style":"default","site-sidebar-style":"default","ast-global-header-display":"","ast-banner-title-visibility":"","ast-main-header-display":"","ast-hfb-above-header-display":"","ast-hfb-below-header-display":"","ast-hfb-mobile-header-display":"","site-post-title":"","ast-breadcrumbs-content":"","ast-featured-img":"","footer-sml-layout":"","theme-transparent-header-meta":"","adv-header-id-meta":"","stick-header-meta":"","header-above-stick-meta":"","header-main-stick-meta":"","header-below-stick-meta":"","astra-migrate-meta-layouts":"default","ast-page-background-enabled":"default","ast-page-background-meta":{"desktop":{"background-color":"var(--ast-global-color-5)","background-image":"","background-repeat":"repeat","background-position":"center center","background-size":"auto","background-attachment":"scroll","background-type":"","background-media":"","overlay-type":"","overlay-color":"","overlay-opacity":"","overlay-gradient":""},"tablet":{"background-color":"","background-image":"","background-repeat":"repeat","background-position":"center center","background-size":"auto","background-attachment":"scroll","background-type":"","background-media":"","overlay-type":"","overlay-color":"","overlay-opacity":"","overlay-gradient":""},"mobile":{"background-color":"","background-image":"","background-repeat":"repeat","background-position":"center center","background-size":"auto","background-attachment":"scroll","background-type":"","background-media":"","overlay-type":"","overlay-color":"","overlay-opacity":"","overlay-gradient":""}},"ast-content-background-meta":{"desktop":{"background-color":"var(--ast-global-color-4)","background-image":"","background-repeat":"repeat","background-position":"center center","background-size":"auto","background-attachment":"scroll","background-type":"","background-media":"","overlay-type":"","overlay-color":"","overlay-opacity":"","overlay-gradient":""},"tablet":{"background-color":"var(--ast-global-color-4)","background-image":"","background-repeat":"repeat","background-position":"center center","background-size":"auto","background-attachment":"scroll","background-type":"","background-media":"","overlay-type":"","overlay-color":"","overlay-opacity":"","overlay-gradient":""},"mobile":{"background-color":"var(--ast-global-color-4)","background-image":"","background-repeat":"repeat","background-position":"center center","background-size":"auto","background-attachment":"scroll","background-type":"","background-media":"","overlay-type":"","overlay-color":"","overlay-opacity":"","overlay-gradient":""}},"footnotes":""},"categories":[17],"tags":[],"class_list":["post-864","post","type-post","status-publish","format-standard","has-post-thumbnail","hentry","category-elecciones-2026"],"yoast_head":"<!-- This site is optimized with the Yoast SEO plugin v26.0 - https:\/\/yoast.com\/wordpress\/plugins\/seo\/ -->\n<title>Rodrigo Chaves no est\u00e1 listo para entregar el poder - MI BLOG<\/title>\n<meta name=\"robots\" content=\"index, follow, max-snippet:-1, max-image-preview:large, max-video-preview:-1\" \/>\n<link rel=\"canonical\" href=\"https:\/\/viniciojarquin.com\/blog\/rodrigo-chaves-no-esta-listo-para-entregar-el-poder\/\" \/>\n<meta property=\"og:locale\" content=\"es_ES\" \/>\n<meta property=\"og:type\" content=\"article\" \/>\n<meta property=\"og:title\" content=\"Rodrigo Chaves no est\u00e1 listo para entregar el poder - MI BLOG\" \/>\n<meta property=\"og:description\" content=\"Luis Amador, exministro de Obras P\u00fablicas y Transportes en el gobierno de Rodrigo Chaves y actual candidato a la presidencia, [&hellip;]\" \/>\n<meta property=\"og:url\" content=\"https:\/\/viniciojarquin.com\/blog\/rodrigo-chaves-no-esta-listo-para-entregar-el-poder\/\" \/>\n<meta property=\"og:site_name\" content=\"MI BLOG\" \/>\n<meta property=\"article:publisher\" content=\"https:\/\/www.facebook.com\/vinicio.jarquin\" \/>\n<meta property=\"article:author\" content=\"https:\/\/www.facebook.com\/vinicio.jarquin\" \/>\n<meta property=\"article:published_time\" content=\"2025-10-21T15:06:58+00:00\" \/>\n<meta property=\"article:modified_time\" content=\"2025-10-21T15:07:01+00:00\" \/>\n<meta property=\"og:image\" content=\"https:\/\/viniciojarquin.com\/blog\/wp-content\/uploads\/2025\/10\/BE5829DC-B51C-44A4-B18D-5BA94EDD205C.png\" \/>\n\t<meta property=\"og:image:width\" content=\"800\" \/>\n\t<meta property=\"og:image:height\" content=\"800\" \/>\n\t<meta property=\"og:image:type\" content=\"image\/png\" \/>\n<meta name=\"author\" content=\"Vinicio Jarqu\u00edn\" \/>\n<meta name=\"twitter:card\" content=\"summary_large_image\" \/>\n<meta name=\"twitter:label1\" content=\"Escrito por\" \/>\n\t<meta name=\"twitter:data1\" content=\"Vinicio Jarqu\u00edn\" \/>\n\t<meta name=\"twitter:label2\" content=\"Tiempo de lectura\" \/>\n\t<meta name=\"twitter:data2\" content=\"2 minutos\" \/>\n<script type=\"application\/ld+json\" class=\"yoast-schema-graph\">{\"@context\":\"https:\/\/schema.org\",\"@graph\":[{\"@type\":\"Article\",\"@id\":\"https:\/\/viniciojarquin.com\/blog\/rodrigo-chaves-no-esta-listo-para-entregar-el-poder\/#article\",\"isPartOf\":{\"@id\":\"https:\/\/viniciojarquin.com\/blog\/rodrigo-chaves-no-esta-listo-para-entregar-el-poder\/\"},\"author\":{\"name\":\"Vinicio Jarqu\u00edn\",\"@id\":\"https:\/\/viniciojarquin.com\/blog\/#\/schema\/person\/90100c8845ae55462ec0657d3d2f8d3b\"},\"headline\":\"Rodrigo Chaves no est\u00e1 listo para entregar el poder\",\"datePublished\":\"2025-10-21T15:06:58+00:00\",\"dateModified\":\"2025-10-21T15:07:01+00:00\",\"mainEntityOfPage\":{\"@id\":\"https:\/\/viniciojarquin.com\/blog\/rodrigo-chaves-no-esta-listo-para-entregar-el-poder\/\"},\"wordCount\":372,\"commentCount\":0,\"publisher\":{\"@id\":\"https:\/\/viniciojarquin.com\/blog\/#\/schema\/person\/90100c8845ae55462ec0657d3d2f8d3b\"},\"image\":{\"@id\":\"https:\/\/viniciojarquin.com\/blog\/rodrigo-chaves-no-esta-listo-para-entregar-el-poder\/#primaryimage\"},\"thumbnailUrl\":\"https:\/\/viniciojarquin.com\/blog\/wp-content\/uploads\/2025\/10\/BE5829DC-B51C-44A4-B18D-5BA94EDD205C.png\",\"articleSection\":[\"Elecciones 2026\"],\"inLanguage\":\"es\",\"potentialAction\":[{\"@type\":\"CommentAction\",\"name\":\"Comment\",\"target\":[\"https:\/\/viniciojarquin.com\/blog\/rodrigo-chaves-no-esta-listo-para-entregar-el-poder\/#respond\"]}]},{\"@type\":\"WebPage\",\"@id\":\"https:\/\/viniciojarquin.com\/blog\/rodrigo-chaves-no-esta-listo-para-entregar-el-poder\/\",\"url\":\"https:\/\/viniciojarquin.com\/blog\/rodrigo-chaves-no-esta-listo-para-entregar-el-poder\/\",\"name\":\"Rodrigo Chaves no est\u00e1 listo para entregar el poder - MI BLOG\",\"isPartOf\":{\"@id\":\"https:\/\/viniciojarquin.com\/blog\/#website\"},\"primaryImageOfPage\":{\"@id\":\"https:\/\/viniciojarquin.com\/blog\/rodrigo-chaves-no-esta-listo-para-entregar-el-poder\/#primaryimage\"},\"image\":{\"@id\":\"https:\/\/viniciojarquin.com\/blog\/rodrigo-chaves-no-esta-listo-para-entregar-el-poder\/#primaryimage\"},\"thumbnailUrl\":\"https:\/\/viniciojarquin.com\/blog\/wp-content\/uploads\/2025\/10\/BE5829DC-B51C-44A4-B18D-5BA94EDD205C.png\",\"datePublished\":\"2025-10-21T15:06:58+00:00\",\"dateModified\":\"2025-10-21T15:07:01+00:00\",\"breadcrumb\":{\"@id\":\"https:\/\/viniciojarquin.com\/blog\/rodrigo-chaves-no-esta-listo-para-entregar-el-poder\/#breadcrumb\"},\"inLanguage\":\"es\",\"potentialAction\":[{\"@type\":\"ReadAction\",\"target\":[\"https:\/\/viniciojarquin.com\/blog\/rodrigo-chaves-no-esta-listo-para-entregar-el-poder\/\"]}]},{\"@type\":\"ImageObject\",\"inLanguage\":\"es\",\"@id\":\"https:\/\/viniciojarquin.com\/blog\/rodrigo-chaves-no-esta-listo-para-entregar-el-poder\/#primaryimage\",\"url\":\"https:\/\/viniciojarquin.com\/blog\/wp-content\/uploads\/2025\/10\/BE5829DC-B51C-44A4-B18D-5BA94EDD205C.png\",\"contentUrl\":\"https:\/\/viniciojarquin.com\/blog\/wp-content\/uploads\/2025\/10\/BE5829DC-B51C-44A4-B18D-5BA94EDD205C.png\",\"width\":800,\"height\":800},{\"@type\":\"BreadcrumbList\",\"@id\":\"https:\/\/viniciojarquin.com\/blog\/rodrigo-chaves-no-esta-listo-para-entregar-el-poder\/#breadcrumb\",\"itemListElement\":[{\"@type\":\"ListItem\",\"position\":1,\"name\":\"Portada\",\"item\":\"https:\/\/viniciojarquin.com\/blog\/\"},{\"@type\":\"ListItem\",\"position\":2,\"name\":\"Rodrigo Chaves no est\u00e1 listo para entregar el poder\"}]},{\"@type\":\"WebSite\",\"@id\":\"https:\/\/viniciojarquin.com\/blog\/#website\",\"url\":\"https:\/\/viniciojarquin.com\/blog\/\",\"name\":\"Vinicio Jarqu\u00edn BLOG\",\"description\":\"\",\"publisher\":{\"@id\":\"https:\/\/viniciojarquin.com\/blog\/#\/schema\/person\/90100c8845ae55462ec0657d3d2f8d3b\"},\"potentialAction\":[{\"@type\":\"SearchAction\",\"target\":{\"@type\":\"EntryPoint\",\"urlTemplate\":\"https:\/\/viniciojarquin.com\/blog\/?s={search_term_string}\"},\"query-input\":{\"@type\":\"PropertyValueSpecification\",\"valueRequired\":true,\"valueName\":\"search_term_string\"}}],\"inLanguage\":\"es\"},{\"@type\":[\"Person\",\"Organization\"],\"@id\":\"https:\/\/viniciojarquin.com\/blog\/#\/schema\/person\/90100c8845ae55462ec0657d3d2f8d3b\",\"name\":\"Vinicio Jarqu\u00edn\",\"image\":{\"@type\":\"ImageObject\",\"inLanguage\":\"es\",\"@id\":\"https:\/\/viniciojarquin.com\/blog\/#\/schema\/person\/image\/\",\"url\":\"https:\/\/viniciojarquin.com\/blog\/wp-content\/uploads\/2024\/10\/Logo-VinicioJarquin-original-400.png\",\"contentUrl\":\"https:\/\/viniciojarquin.com\/blog\/wp-content\/uploads\/2024\/10\/Logo-VinicioJarquin-original-400.png\",\"width\":400,\"height\":130,\"caption\":\"Vinicio Jarqu\u00edn\"},\"logo\":{\"@id\":\"https:\/\/viniciojarquin.com\/blog\/#\/schema\/person\/image\/\"},\"description\":\"Empresario textil, artista pl\u00e1stico, escritor, coach de vida y fot\u00f3grafo.\",\"sameAs\":[\"https:\/\/viniciojarquin.com\/blog\",\"https:\/\/www.facebook.com\/vinicio.jarquin\",\"https:\/\/www.instagram.com\/vinicio_jarquin\/\",\"https:\/\/www.pinterest.com\/vinnyjc\/\",\"https:\/\/www.youtube.com\/@VinicioJarquin\"],\"url\":\"https:\/\/viniciojarquin.com\/blog\/author\/admin_s02au25i\/\"}]}<\/script>\n<!-- \/ Yoast SEO plugin. -->","yoast_head_json":{"title":"Rodrigo Chaves no est\u00e1 listo para entregar el poder - MI BLOG","robots":{"index":"index","follow":"follow","max-snippet":"max-snippet:-1","max-image-preview":"max-image-preview:large","max-video-preview":"max-video-preview:-1"},"canonical":"https:\/\/viniciojarquin.com\/blog\/rodrigo-chaves-no-esta-listo-para-entregar-el-poder\/","og_locale":"es_ES","og_type":"article","og_title":"Rodrigo Chaves no est\u00e1 listo para entregar el poder - MI BLOG","og_description":"Luis Amador, exministro de Obras P\u00fablicas y Transportes en el gobierno de Rodrigo Chaves y actual candidato a la presidencia, [&hellip;]","og_url":"https:\/\/viniciojarquin.com\/blog\/rodrigo-chaves-no-esta-listo-para-entregar-el-poder\/","og_site_name":"MI BLOG","article_publisher":"https:\/\/www.facebook.com\/vinicio.jarquin","article_author":"https:\/\/www.facebook.com\/vinicio.jarquin","article_published_time":"2025-10-21T15:06:58+00:00","article_modified_time":"2025-10-21T15:07:01+00:00","og_image":[{"width":800,"height":800,"url":"https:\/\/viniciojarquin.com\/blog\/wp-content\/uploads\/2025\/10\/BE5829DC-B51C-44A4-B18D-5BA94EDD205C.png","type":"image\/png"}],"author":"Vinicio Jarqu\u00edn","twitter_card":"summary_large_image","twitter_misc":{"Escrito por":"Vinicio Jarqu\u00edn","Tiempo de lectura":"2 minutos"},"schema":{"@context":"https:\/\/schema.org","@graph":[{"@type":"Article","@id":"https:\/\/viniciojarquin.com\/blog\/rodrigo-chaves-no-esta-listo-para-entregar-el-poder\/#article","isPartOf":{"@id":"https:\/\/viniciojarquin.com\/blog\/rodrigo-chaves-no-esta-listo-para-entregar-el-poder\/"},"author":{"name":"Vinicio Jarqu\u00edn","@id":"https:\/\/viniciojarquin.com\/blog\/#\/schema\/person\/90100c8845ae55462ec0657d3d2f8d3b"},"headline":"Rodrigo Chaves no est\u00e1 listo para entregar el poder","datePublished":"2025-10-21T15:06:58+00:00","dateModified":"2025-10-21T15:07:01+00:00","mainEntityOfPage":{"@id":"https:\/\/viniciojarquin.com\/blog\/rodrigo-chaves-no-esta-listo-para-entregar-el-poder\/"},"wordCount":372,"commentCount":0,"publisher":{"@id":"https:\/\/viniciojarquin.com\/blog\/#\/schema\/person\/90100c8845ae55462ec0657d3d2f8d3b"},"image":{"@id":"https:\/\/viniciojarquin.com\/blog\/rodrigo-chaves-no-esta-listo-para-entregar-el-poder\/#primaryimage"},"thumbnailUrl":"https:\/\/viniciojarquin.com\/blog\/wp-content\/uploads\/2025\/10\/BE5829DC-B51C-44A4-B18D-5BA94EDD205C.png","articleSection":["Elecciones 2026"],"inLanguage":"es","potentialAction":[{"@type":"CommentAction","name":"Comment","target":["https:\/\/viniciojarquin.com\/blog\/rodrigo-chaves-no-esta-listo-para-entregar-el-poder\/#respond"]}]},{"@type":"WebPage","@id":"https:\/\/viniciojarquin.com\/blog\/rodrigo-chaves-no-esta-listo-para-entregar-el-poder\/","url":"https:\/\/viniciojarquin.com\/blog\/rodrigo-chaves-no-esta-listo-para-entregar-el-poder\/","name":"Rodrigo Chaves no est\u00e1 listo para entregar el poder - MI BLOG","isPartOf":{"@id":"https:\/\/viniciojarquin.com\/blog\/#website"},"primaryImageOfPage":{"@id":"https:\/\/viniciojarquin.com\/blog\/rodrigo-chaves-no-esta-listo-para-entregar-el-poder\/#primaryimage"},"image":{"@id":"https:\/\/viniciojarquin.com\/blog\/rodrigo-chaves-no-esta-listo-para-entregar-el-poder\/#primaryimage"},"thumbnailUrl":"https:\/\/viniciojarquin.com\/blog\/wp-content\/uploads\/2025\/10\/BE5829DC-B51C-44A4-B18D-5BA94EDD205C.png","datePublished":"2025-10-21T15:06:58+00:00","dateModified":"2025-10-21T15:07:01+00:00","breadcrumb":{"@id":"https:\/\/viniciojarquin.com\/blog\/rodrigo-chaves-no-esta-listo-para-entregar-el-poder\/#breadcrumb"},"inLanguage":"es","potentialAction":[{"@type":"ReadAction","target":["https:\/\/viniciojarquin.com\/blog\/rodrigo-chaves-no-esta-listo-para-entregar-el-poder\/"]}]},{"@type":"ImageObject","inLanguage":"es","@id":"https:\/\/viniciojarquin.com\/blog\/rodrigo-chaves-no-esta-listo-para-entregar-el-poder\/#primaryimage","url":"https:\/\/viniciojarquin.com\/blog\/wp-content\/uploads\/2025\/10\/BE5829DC-B51C-44A4-B18D-5BA94EDD205C.png","contentUrl":"https:\/\/viniciojarquin.com\/blog\/wp-content\/uploads\/2025\/10\/BE5829DC-B51C-44A4-B18D-5BA94EDD205C.png","width":800,"height":800},{"@type":"BreadcrumbList","@id":"https:\/\/viniciojarquin.com\/blog\/rodrigo-chaves-no-esta-listo-para-entregar-el-poder\/#breadcrumb","itemListElement":[{"@type":"ListItem","position":1,"name":"Portada","item":"https:\/\/viniciojarquin.com\/blog\/"},{"@type":"ListItem","position":2,"name":"Rodrigo Chaves no est\u00e1 listo para entregar el poder"}]},{"@type":"WebSite","@id":"https:\/\/viniciojarquin.com\/blog\/#website","url":"https:\/\/viniciojarquin.com\/blog\/","name":"Vinicio Jarqu\u00edn BLOG","description":"","publisher":{"@id":"https:\/\/viniciojarquin.com\/blog\/#\/schema\/person\/90100c8845ae55462ec0657d3d2f8d3b"},"potentialAction":[{"@type":"SearchAction","target":{"@type":"EntryPoint","urlTemplate":"https:\/\/viniciojarquin.com\/blog\/?s={search_term_string}"},"query-input":{"@type":"PropertyValueSpecification","valueRequired":true,"valueName":"search_term_string"}}],"inLanguage":"es"},{"@type":["Person","Organization"],"@id":"https:\/\/viniciojarquin.com\/blog\/#\/schema\/person\/90100c8845ae55462ec0657d3d2f8d3b","name":"Vinicio Jarqu\u00edn","image":{"@type":"ImageObject","inLanguage":"es","@id":"https:\/\/viniciojarquin.com\/blog\/#\/schema\/person\/image\/","url":"https:\/\/viniciojarquin.com\/blog\/wp-content\/uploads\/2024\/10\/Logo-VinicioJarquin-original-400.png","contentUrl":"https:\/\/viniciojarquin.com\/blog\/wp-content\/uploads\/2024\/10\/Logo-VinicioJarquin-original-400.png","width":400,"height":130,"caption":"Vinicio Jarqu\u00edn"},"logo":{"@id":"https:\/\/viniciojarquin.com\/blog\/#\/schema\/person\/image\/"},"description":"Empresario textil, artista pl\u00e1stico, escritor, coach de vida y fot\u00f3grafo.","sameAs":["https:\/\/viniciojarquin.com\/blog","https:\/\/www.facebook.com\/vinicio.jarquin","https:\/\/www.instagram.com\/vinicio_jarquin\/","https:\/\/www.pinterest.com\/vinnyjc\/","https:\/\/www.youtube.com\/@VinicioJarquin"],"url":"https:\/\/viniciojarquin.com\/blog\/author\/admin_s02au25i\/"}]}},"blog_post_layout_featured_media_urls":{"thumbnail":["https:\/\/viniciojarquin.com\/blog\/wp-content\/uploads\/2025\/10\/BE5829DC-B51C-44A4-B18D-5BA94EDD205C-150x150.png",150,150,true],"full":["https:\/\/viniciojarquin.com\/blog\/wp-content\/uploads\/2025\/10\/BE5829DC-B51C-44A4-B18D-5BA94EDD205C.png",800,800,false]},"categories_names":{"17":{"name":"Elecciones 2026","link":"https:\/\/viniciojarquin.com\/blog\/category\/elecciones-2026\/"}},"tags_names":[],"comments_number":"0","_links":{"self":[{"href":"https:\/\/viniciojarquin.com\/blog\/wp-json\/wp\/v2\/posts\/864","targetHints":{"allow":["GET"]}}],"collection":[{"href":"https:\/\/viniciojarquin.com\/blog\/wp-json\/wp\/v2\/posts"}],"about":[{"href":"https:\/\/viniciojarquin.com\/blog\/wp-json\/wp\/v2\/types\/post"}],"author":[{"embeddable":true,"href":"https:\/\/viniciojarquin.com\/blog\/wp-json\/wp\/v2\/users\/1"}],"replies":[{"embeddable":true,"href":"https:\/\/viniciojarquin.com\/blog\/wp-json\/wp\/v2\/comments?post=864"}],"version-history":[{"count":1,"href":"https:\/\/viniciojarquin.com\/blog\/wp-json\/wp\/v2\/posts\/864\/revisions"}],"predecessor-version":[{"id":869,"href":"https:\/\/viniciojarquin.com\/blog\/wp-json\/wp\/v2\/posts\/864\/revisions\/869"}],"wp:featuredmedia":[{"embeddable":true,"href":"https:\/\/viniciojarquin.com\/blog\/wp-json\/wp\/v2\/media\/867"}],"wp:attachment":[{"href":"https:\/\/viniciojarquin.com\/blog\/wp-json\/wp\/v2\/media?parent=864"}],"wp:term":[{"taxonomy":"category","embeddable":true,"href":"https:\/\/viniciojarquin.com\/blog\/wp-json\/wp\/v2\/categories?post=864"},{"taxonomy":"post_tag","embeddable":true,"href":"https:\/\/viniciojarquin.com\/blog\/wp-json\/wp\/v2\/tags?post=864"}],"curies":[{"name":"wp","href":"https:\/\/api.w.org\/{rel}","templated":true}]}}