{"id":871,"date":"2025-10-21T15:39:13","date_gmt":"2025-10-21T15:39:13","guid":{"rendered":"https:\/\/viniciojarquin.com\/blog\/?p=871"},"modified":"2025-10-21T15:39:16","modified_gmt":"2025-10-21T15:39:16","slug":"el-ruido-y-el-silencio-podemos-volver-a-escucharnos-como-pais","status":"publish","type":"post","link":"https:\/\/viniciojarquin.com\/blog\/el-ruido-y-el-silencio-podemos-volver-a-escucharnos-como-pais\/","title":{"rendered":"El ruido y el silencio: \u00bfpodemos volver a escucharnos como pa\u00eds?"},"content":{"rendered":"\n<figure class=\"wp-block-image size-full\"><img decoding=\"async\" width=\"800\" height=\"533\" data-src=\"https:\/\/viniciojarquin.com\/blog\/wp-content\/uploads\/2025\/10\/33602506-42FC-46C5-BE55-A7EBF66F9109.png\" alt=\"\" class=\"wp-image-866 lazyload\" data-srcset=\"https:\/\/viniciojarquin.com\/blog\/wp-content\/uploads\/2025\/10\/33602506-42FC-46C5-BE55-A7EBF66F9109.png 800w, https:\/\/viniciojarquin.com\/blog\/wp-content\/uploads\/2025\/10\/33602506-42FC-46C5-BE55-A7EBF66F9109-300x200.png 300w, https:\/\/viniciojarquin.com\/blog\/wp-content\/uploads\/2025\/10\/33602506-42FC-46C5-BE55-A7EBF66F9109-768x512.png 768w\" data-sizes=\"(max-width: 800px) 100vw, 800px\" src=\"data:image\/svg+xml;base64,PHN2ZyB3aWR0aD0iMSIgaGVpZ2h0PSIxIiB4bWxucz0iaHR0cDovL3d3dy53My5vcmcvMjAwMC9zdmciPjwvc3ZnPg==\" style=\"--smush-placeholder-width: 800px; --smush-placeholder-aspect-ratio: 800\/533;\" \/><\/figure>\n\n\n\n<p>Vivimos en un pa\u00eds que alguna vez fue sin\u00f3nimo de calma. Un pa\u00eds que resolv\u00eda sus diferencias en la mesa de la cocina, en el caf\u00e9 de media tarde, en las conversaciones que duraban m\u00e1s que las discusiones. Pero hoy, pareciera que <strong>el ruido se ha adue\u00f1ado de todo<\/strong>. No solo del tr\u00e1nsito o de los parlantes que gritan promesas de campa\u00f1a: tambi\u00e9n del alma colectiva. Hay tanto ruido en las redes, en los medios, en los grupos de WhatsApp, que a veces uno siente que <strong>ya no hablamos para entendernos, sino para imponernos<\/strong>.<\/p>\n\n\n\n<p>El ruido se ha vuelto nuestra nueva forma de defensa. Si alguien piensa distinto, levantamos la voz. Si algo nos duele, hacemos m\u00e1s ruido. Si no nos escuchan, gritamos m\u00e1s fuerte. Pero en medio de todo ese estruendo se nos olvid\u00f3 lo m\u00e1s simple: <strong>cuando todos gritan, nadie escucha<\/strong>.<\/p>\n\n\n\n<p>El silencio \u2014ese espacio donde antes cab\u00eda la reflexi\u00f3n, la empat\u00eda y el respeto\u2014 parece haberse vuelto sospechoso. Hoy quien se queda callado es \u201cc\u00f3mplice\u201d, quien piensa con calma es \u201ctibio\u201d, y quien duda es \u201cenemigo\u201d. Nos acostumbramos a confundir volumen con verdad, y eso es peligroso para cualquier democracia.<\/p>\n\n\n\n<p>A veces imagino a Costa Rica como una persona que tiene los o\u00eddos saturados, el coraz\u00f3n agotado y la mente llena de ruido blanco. Un pa\u00eds que intenta pensar, pero no puede, porque el ruido no lo deja.<\/p>\n\n\n\n<p>Y me pregunto: \u00bfpodremos volver a escucharnos sin gritar? \u00bfPodremos recuperar esa forma tan nuestra de hablar bajito, con respeto, con pausa, con ternura incluso, sin que eso parezca debilidad?<\/p>\n\n\n\n<p>Tal vez el primer paso no sea callar a los dem\u00e1s, sino <strong>apaciguar nuestro propio ruido interior<\/strong>. Porque el silencio no es ausencia de palabras, sino presencia de conciencia.<\/p>\n\n\n\n<p>Solo cuando uno se calma por dentro puede escuchar de verdad lo que otro intenta decir.<\/p>\n\n\n\n<p>Y quiz\u00e1s, si aprendemos de nuevo a escucharnos, <strong>Costa Rica vuelva a sonar como lo que siempre fue: una tierra de paz, di\u00e1logo y coraz\u00f3n sereno<\/strong>.<\/p>\n","protected":false},"excerpt":{"rendered":"<p>Vivimos en un pa\u00eds que alguna vez fue sin\u00f3nimo de calma. Un pa\u00eds que resolv\u00eda sus diferencias en la mesa [&hellip;]<\/p>\n","protected":false},"author":1,"featured_media":866,"comment_status":"open","ping_status":"open","sticky":false,"template":"","format":"standard","meta":{"site-sidebar-layout":"default","site-content-layout":"","ast-site-content-layout":"","site-content-style":"default","site-sidebar-style":"default","ast-global-header-display":"","ast-banner-title-visibility":"","ast-main-header-display":"","ast-hfb-above-header-display":"","ast-hfb-below-header-display":"","ast-hfb-mobile-header-display":"","site-post-title":"","ast-breadcrumbs-content":"","ast-featured-img":"","footer-sml-layout":"","theme-transparent-header-meta":"","adv-header-id-meta":"","stick-header-meta":"","header-above-stick-meta":"","header-main-stick-meta":"","header-below-stick-meta":"","astra-migrate-meta-layouts":"default","ast-page-background-enabled":"default","ast-page-background-meta":{"desktop":{"background-color":"var(--ast-global-color-5)","background-image":"","background-repeat":"repeat","background-position":"center center","background-size":"auto","background-attachment":"scroll","background-type":"","background-media":"","overlay-type":"","overlay-color":"","overlay-opacity":"","overlay-gradient":""},"tablet":{"background-color":"","background-image":"","background-repeat":"repeat","background-position":"center center","background-size":"auto","background-attachment":"scroll","background-type":"","background-media":"","overlay-type":"","overlay-color":"","overlay-opacity":"","overlay-gradient":""},"mobile":{"background-color":"","background-image":"","background-repeat":"repeat","background-position":"center center","background-size":"auto","background-attachment":"scroll","background-type":"","background-media":"","overlay-type":"","overlay-color":"","overlay-opacity":"","overlay-gradient":""}},"ast-content-background-meta":{"desktop":{"background-color":"var(--ast-global-color-4)","background-image":"","background-repeat":"repeat","background-position":"center center","background-size":"auto","background-attachment":"scroll","background-type":"","background-media":"","overlay-type":"","overlay-color":"","overlay-opacity":"","overlay-gradient":""},"tablet":{"background-color":"var(--ast-global-color-4)","background-image":"","background-repeat":"repeat","background-position":"center center","background-size":"auto","background-attachment":"scroll","background-type":"","background-media":"","overlay-type":"","overlay-color":"","overlay-opacity":"","overlay-gradient":""},"mobile":{"background-color":"var(--ast-global-color-4)","background-image":"","background-repeat":"repeat","background-position":"center center","background-size":"auto","background-attachment":"scroll","background-type":"","background-media":"","overlay-type":"","overlay-color":"","overlay-opacity":"","overlay-gradient":""}},"footnotes":""},"categories":[17],"tags":[],"class_list":["post-871","post","type-post","status-publish","format-standard","has-post-thumbnail","hentry","category-elecciones-2026"],"yoast_head":"<!-- This site is optimized with the Yoast SEO plugin v26.0 - https:\/\/yoast.com\/wordpress\/plugins\/seo\/ -->\n<title>El ruido y el silencio: \u00bfpodemos volver a escucharnos como pa\u00eds? - MI BLOG<\/title>\n<meta name=\"robots\" content=\"index, follow, max-snippet:-1, max-image-preview:large, max-video-preview:-1\" \/>\n<link rel=\"canonical\" href=\"https:\/\/viniciojarquin.com\/blog\/el-ruido-y-el-silencio-podemos-volver-a-escucharnos-como-pais\/\" \/>\n<meta property=\"og:locale\" content=\"es_ES\" \/>\n<meta property=\"og:type\" content=\"article\" \/>\n<meta property=\"og:title\" content=\"El ruido y el silencio: \u00bfpodemos volver a escucharnos como pa\u00eds? - MI BLOG\" \/>\n<meta property=\"og:description\" content=\"Vivimos en un pa\u00eds que alguna vez fue sin\u00f3nimo de calma. Un pa\u00eds que resolv\u00eda sus diferencias en la mesa [&hellip;]\" \/>\n<meta property=\"og:url\" content=\"https:\/\/viniciojarquin.com\/blog\/el-ruido-y-el-silencio-podemos-volver-a-escucharnos-como-pais\/\" \/>\n<meta property=\"og:site_name\" content=\"MI BLOG\" \/>\n<meta property=\"article:publisher\" content=\"https:\/\/www.facebook.com\/vinicio.jarquin\" \/>\n<meta property=\"article:author\" content=\"https:\/\/www.facebook.com\/vinicio.jarquin\" \/>\n<meta property=\"article:published_time\" content=\"2025-10-21T15:39:13+00:00\" \/>\n<meta property=\"article:modified_time\" content=\"2025-10-21T15:39:16+00:00\" \/>\n<meta property=\"og:image\" content=\"https:\/\/viniciojarquin.com\/blog\/wp-content\/uploads\/2025\/10\/33602506-42FC-46C5-BE55-A7EBF66F9109.png\" \/>\n\t<meta property=\"og:image:width\" content=\"800\" \/>\n\t<meta property=\"og:image:height\" content=\"533\" \/>\n\t<meta property=\"og:image:type\" content=\"image\/png\" \/>\n<meta name=\"author\" content=\"Vinicio Jarqu\u00edn\" \/>\n<meta name=\"twitter:card\" content=\"summary_large_image\" \/>\n<meta name=\"twitter:label1\" content=\"Escrito por\" \/>\n\t<meta name=\"twitter:data1\" content=\"Vinicio Jarqu\u00edn\" \/>\n\t<meta name=\"twitter:label2\" content=\"Tiempo de lectura\" \/>\n\t<meta name=\"twitter:data2\" content=\"2 minutos\" \/>\n<script type=\"application\/ld+json\" class=\"yoast-schema-graph\">{\"@context\":\"https:\/\/schema.org\",\"@graph\":[{\"@type\":\"Article\",\"@id\":\"https:\/\/viniciojarquin.com\/blog\/el-ruido-y-el-silencio-podemos-volver-a-escucharnos-como-pais\/#article\",\"isPartOf\":{\"@id\":\"https:\/\/viniciojarquin.com\/blog\/el-ruido-y-el-silencio-podemos-volver-a-escucharnos-como-pais\/\"},\"author\":{\"name\":\"Vinicio Jarqu\u00edn\",\"@id\":\"https:\/\/viniciojarquin.com\/blog\/#\/schema\/person\/90100c8845ae55462ec0657d3d2f8d3b\"},\"headline\":\"El ruido y el silencio: \u00bfpodemos volver a escucharnos como pa\u00eds?\",\"datePublished\":\"2025-10-21T15:39:13+00:00\",\"dateModified\":\"2025-10-21T15:39:16+00:00\",\"mainEntityOfPage\":{\"@id\":\"https:\/\/viniciojarquin.com\/blog\/el-ruido-y-el-silencio-podemos-volver-a-escucharnos-como-pais\/\"},\"wordCount\":367,\"commentCount\":0,\"publisher\":{\"@id\":\"https:\/\/viniciojarquin.com\/blog\/#\/schema\/person\/90100c8845ae55462ec0657d3d2f8d3b\"},\"image\":{\"@id\":\"https:\/\/viniciojarquin.com\/blog\/el-ruido-y-el-silencio-podemos-volver-a-escucharnos-como-pais\/#primaryimage\"},\"thumbnailUrl\":\"https:\/\/viniciojarquin.com\/blog\/wp-content\/uploads\/2025\/10\/33602506-42FC-46C5-BE55-A7EBF66F9109.png\",\"articleSection\":[\"Elecciones 2026\"],\"inLanguage\":\"es\",\"potentialAction\":[{\"@type\":\"CommentAction\",\"name\":\"Comment\",\"target\":[\"https:\/\/viniciojarquin.com\/blog\/el-ruido-y-el-silencio-podemos-volver-a-escucharnos-como-pais\/#respond\"]}]},{\"@type\":\"WebPage\",\"@id\":\"https:\/\/viniciojarquin.com\/blog\/el-ruido-y-el-silencio-podemos-volver-a-escucharnos-como-pais\/\",\"url\":\"https:\/\/viniciojarquin.com\/blog\/el-ruido-y-el-silencio-podemos-volver-a-escucharnos-como-pais\/\",\"name\":\"El ruido y el silencio: \u00bfpodemos volver a escucharnos como pa\u00eds? - MI BLOG\",\"isPartOf\":{\"@id\":\"https:\/\/viniciojarquin.com\/blog\/#website\"},\"primaryImageOfPage\":{\"@id\":\"https:\/\/viniciojarquin.com\/blog\/el-ruido-y-el-silencio-podemos-volver-a-escucharnos-como-pais\/#primaryimage\"},\"image\":{\"@id\":\"https:\/\/viniciojarquin.com\/blog\/el-ruido-y-el-silencio-podemos-volver-a-escucharnos-como-pais\/#primaryimage\"},\"thumbnailUrl\":\"https:\/\/viniciojarquin.com\/blog\/wp-content\/uploads\/2025\/10\/33602506-42FC-46C5-BE55-A7EBF66F9109.png\",\"datePublished\":\"2025-10-21T15:39:13+00:00\",\"dateModified\":\"2025-10-21T15:39:16+00:00\",\"breadcrumb\":{\"@id\":\"https:\/\/viniciojarquin.com\/blog\/el-ruido-y-el-silencio-podemos-volver-a-escucharnos-como-pais\/#breadcrumb\"},\"inLanguage\":\"es\",\"potentialAction\":[{\"@type\":\"ReadAction\",\"target\":[\"https:\/\/viniciojarquin.com\/blog\/el-ruido-y-el-silencio-podemos-volver-a-escucharnos-como-pais\/\"]}]},{\"@type\":\"ImageObject\",\"inLanguage\":\"es\",\"@id\":\"https:\/\/viniciojarquin.com\/blog\/el-ruido-y-el-silencio-podemos-volver-a-escucharnos-como-pais\/#primaryimage\",\"url\":\"https:\/\/viniciojarquin.com\/blog\/wp-content\/uploads\/2025\/10\/33602506-42FC-46C5-BE55-A7EBF66F9109.png\",\"contentUrl\":\"https:\/\/viniciojarquin.com\/blog\/wp-content\/uploads\/2025\/10\/33602506-42FC-46C5-BE55-A7EBF66F9109.png\",\"width\":800,\"height\":533},{\"@type\":\"BreadcrumbList\",\"@id\":\"https:\/\/viniciojarquin.com\/blog\/el-ruido-y-el-silencio-podemos-volver-a-escucharnos-como-pais\/#breadcrumb\",\"itemListElement\":[{\"@type\":\"ListItem\",\"position\":1,\"name\":\"Portada\",\"item\":\"https:\/\/viniciojarquin.com\/blog\/\"},{\"@type\":\"ListItem\",\"position\":2,\"name\":\"El ruido y el silencio: \u00bfpodemos volver a escucharnos como pa\u00eds?\"}]},{\"@type\":\"WebSite\",\"@id\":\"https:\/\/viniciojarquin.com\/blog\/#website\",\"url\":\"https:\/\/viniciojarquin.com\/blog\/\",\"name\":\"Vinicio Jarqu\u00edn BLOG\",\"description\":\"\",\"publisher\":{\"@id\":\"https:\/\/viniciojarquin.com\/blog\/#\/schema\/person\/90100c8845ae55462ec0657d3d2f8d3b\"},\"potentialAction\":[{\"@type\":\"SearchAction\",\"target\":{\"@type\":\"EntryPoint\",\"urlTemplate\":\"https:\/\/viniciojarquin.com\/blog\/?s={search_term_string}\"},\"query-input\":{\"@type\":\"PropertyValueSpecification\",\"valueRequired\":true,\"valueName\":\"search_term_string\"}}],\"inLanguage\":\"es\"},{\"@type\":[\"Person\",\"Organization\"],\"@id\":\"https:\/\/viniciojarquin.com\/blog\/#\/schema\/person\/90100c8845ae55462ec0657d3d2f8d3b\",\"name\":\"Vinicio Jarqu\u00edn\",\"image\":{\"@type\":\"ImageObject\",\"inLanguage\":\"es\",\"@id\":\"https:\/\/viniciojarquin.com\/blog\/#\/schema\/person\/image\/\",\"url\":\"https:\/\/viniciojarquin.com\/blog\/wp-content\/uploads\/2024\/10\/Logo-VinicioJarquin-original-400.png\",\"contentUrl\":\"https:\/\/viniciojarquin.com\/blog\/wp-content\/uploads\/2024\/10\/Logo-VinicioJarquin-original-400.png\",\"width\":400,\"height\":130,\"caption\":\"Vinicio Jarqu\u00edn\"},\"logo\":{\"@id\":\"https:\/\/viniciojarquin.com\/blog\/#\/schema\/person\/image\/\"},\"description\":\"Empresario textil, artista pl\u00e1stico, escritor, coach de vida y fot\u00f3grafo.\",\"sameAs\":[\"https:\/\/viniciojarquin.com\/blog\",\"https:\/\/www.facebook.com\/vinicio.jarquin\",\"https:\/\/www.instagram.com\/vinicio_jarquin\/\",\"https:\/\/www.pinterest.com\/vinnyjc\/\",\"https:\/\/www.youtube.com\/@VinicioJarquin\"],\"url\":\"https:\/\/viniciojarquin.com\/blog\/author\/admin_s02au25i\/\"}]}<\/script>\n<!-- \/ Yoast SEO plugin. -->","yoast_head_json":{"title":"El ruido y el silencio: \u00bfpodemos volver a escucharnos como pa\u00eds? - MI BLOG","robots":{"index":"index","follow":"follow","max-snippet":"max-snippet:-1","max-image-preview":"max-image-preview:large","max-video-preview":"max-video-preview:-1"},"canonical":"https:\/\/viniciojarquin.com\/blog\/el-ruido-y-el-silencio-podemos-volver-a-escucharnos-como-pais\/","og_locale":"es_ES","og_type":"article","og_title":"El ruido y el silencio: \u00bfpodemos volver a escucharnos como pa\u00eds? - MI BLOG","og_description":"Vivimos en un pa\u00eds que alguna vez fue sin\u00f3nimo de calma. Un pa\u00eds que resolv\u00eda sus diferencias en la mesa [&hellip;]","og_url":"https:\/\/viniciojarquin.com\/blog\/el-ruido-y-el-silencio-podemos-volver-a-escucharnos-como-pais\/","og_site_name":"MI BLOG","article_publisher":"https:\/\/www.facebook.com\/vinicio.jarquin","article_author":"https:\/\/www.facebook.com\/vinicio.jarquin","article_published_time":"2025-10-21T15:39:13+00:00","article_modified_time":"2025-10-21T15:39:16+00:00","og_image":[{"width":800,"height":533,"url":"https:\/\/viniciojarquin.com\/blog\/wp-content\/uploads\/2025\/10\/33602506-42FC-46C5-BE55-A7EBF66F9109.png","type":"image\/png"}],"author":"Vinicio Jarqu\u00edn","twitter_card":"summary_large_image","twitter_misc":{"Escrito por":"Vinicio Jarqu\u00edn","Tiempo de lectura":"2 minutos"},"schema":{"@context":"https:\/\/schema.org","@graph":[{"@type":"Article","@id":"https:\/\/viniciojarquin.com\/blog\/el-ruido-y-el-silencio-podemos-volver-a-escucharnos-como-pais\/#article","isPartOf":{"@id":"https:\/\/viniciojarquin.com\/blog\/el-ruido-y-el-silencio-podemos-volver-a-escucharnos-como-pais\/"},"author":{"name":"Vinicio Jarqu\u00edn","@id":"https:\/\/viniciojarquin.com\/blog\/#\/schema\/person\/90100c8845ae55462ec0657d3d2f8d3b"},"headline":"El ruido y el silencio: \u00bfpodemos volver a escucharnos como pa\u00eds?","datePublished":"2025-10-21T15:39:13+00:00","dateModified":"2025-10-21T15:39:16+00:00","mainEntityOfPage":{"@id":"https:\/\/viniciojarquin.com\/blog\/el-ruido-y-el-silencio-podemos-volver-a-escucharnos-como-pais\/"},"wordCount":367,"commentCount":0,"publisher":{"@id":"https:\/\/viniciojarquin.com\/blog\/#\/schema\/person\/90100c8845ae55462ec0657d3d2f8d3b"},"image":{"@id":"https:\/\/viniciojarquin.com\/blog\/el-ruido-y-el-silencio-podemos-volver-a-escucharnos-como-pais\/#primaryimage"},"thumbnailUrl":"https:\/\/viniciojarquin.com\/blog\/wp-content\/uploads\/2025\/10\/33602506-42FC-46C5-BE55-A7EBF66F9109.png","articleSection":["Elecciones 2026"],"inLanguage":"es","potentialAction":[{"@type":"CommentAction","name":"Comment","target":["https:\/\/viniciojarquin.com\/blog\/el-ruido-y-el-silencio-podemos-volver-a-escucharnos-como-pais\/#respond"]}]},{"@type":"WebPage","@id":"https:\/\/viniciojarquin.com\/blog\/el-ruido-y-el-silencio-podemos-volver-a-escucharnos-como-pais\/","url":"https:\/\/viniciojarquin.com\/blog\/el-ruido-y-el-silencio-podemos-volver-a-escucharnos-como-pais\/","name":"El ruido y el silencio: \u00bfpodemos volver a escucharnos como pa\u00eds? - MI BLOG","isPartOf":{"@id":"https:\/\/viniciojarquin.com\/blog\/#website"},"primaryImageOfPage":{"@id":"https:\/\/viniciojarquin.com\/blog\/el-ruido-y-el-silencio-podemos-volver-a-escucharnos-como-pais\/#primaryimage"},"image":{"@id":"https:\/\/viniciojarquin.com\/blog\/el-ruido-y-el-silencio-podemos-volver-a-escucharnos-como-pais\/#primaryimage"},"thumbnailUrl":"https:\/\/viniciojarquin.com\/blog\/wp-content\/uploads\/2025\/10\/33602506-42FC-46C5-BE55-A7EBF66F9109.png","datePublished":"2025-10-21T15:39:13+00:00","dateModified":"2025-10-21T15:39:16+00:00","breadcrumb":{"@id":"https:\/\/viniciojarquin.com\/blog\/el-ruido-y-el-silencio-podemos-volver-a-escucharnos-como-pais\/#breadcrumb"},"inLanguage":"es","potentialAction":[{"@type":"ReadAction","target":["https:\/\/viniciojarquin.com\/blog\/el-ruido-y-el-silencio-podemos-volver-a-escucharnos-como-pais\/"]}]},{"@type":"ImageObject","inLanguage":"es","@id":"https:\/\/viniciojarquin.com\/blog\/el-ruido-y-el-silencio-podemos-volver-a-escucharnos-como-pais\/#primaryimage","url":"https:\/\/viniciojarquin.com\/blog\/wp-content\/uploads\/2025\/10\/33602506-42FC-46C5-BE55-A7EBF66F9109.png","contentUrl":"https:\/\/viniciojarquin.com\/blog\/wp-content\/uploads\/2025\/10\/33602506-42FC-46C5-BE55-A7EBF66F9109.png","width":800,"height":533},{"@type":"BreadcrumbList","@id":"https:\/\/viniciojarquin.com\/blog\/el-ruido-y-el-silencio-podemos-volver-a-escucharnos-como-pais\/#breadcrumb","itemListElement":[{"@type":"ListItem","position":1,"name":"Portada","item":"https:\/\/viniciojarquin.com\/blog\/"},{"@type":"ListItem","position":2,"name":"El ruido y el silencio: \u00bfpodemos volver a escucharnos como pa\u00eds?"}]},{"@type":"WebSite","@id":"https:\/\/viniciojarquin.com\/blog\/#website","url":"https:\/\/viniciojarquin.com\/blog\/","name":"Vinicio Jarqu\u00edn BLOG","description":"","publisher":{"@id":"https:\/\/viniciojarquin.com\/blog\/#\/schema\/person\/90100c8845ae55462ec0657d3d2f8d3b"},"potentialAction":[{"@type":"SearchAction","target":{"@type":"EntryPoint","urlTemplate":"https:\/\/viniciojarquin.com\/blog\/?s={search_term_string}"},"query-input":{"@type":"PropertyValueSpecification","valueRequired":true,"valueName":"search_term_string"}}],"inLanguage":"es"},{"@type":["Person","Organization"],"@id":"https:\/\/viniciojarquin.com\/blog\/#\/schema\/person\/90100c8845ae55462ec0657d3d2f8d3b","name":"Vinicio Jarqu\u00edn","image":{"@type":"ImageObject","inLanguage":"es","@id":"https:\/\/viniciojarquin.com\/blog\/#\/schema\/person\/image\/","url":"https:\/\/viniciojarquin.com\/blog\/wp-content\/uploads\/2024\/10\/Logo-VinicioJarquin-original-400.png","contentUrl":"https:\/\/viniciojarquin.com\/blog\/wp-content\/uploads\/2024\/10\/Logo-VinicioJarquin-original-400.png","width":400,"height":130,"caption":"Vinicio Jarqu\u00edn"},"logo":{"@id":"https:\/\/viniciojarquin.com\/blog\/#\/schema\/person\/image\/"},"description":"Empresario textil, artista pl\u00e1stico, escritor, coach de vida y fot\u00f3grafo.","sameAs":["https:\/\/viniciojarquin.com\/blog","https:\/\/www.facebook.com\/vinicio.jarquin","https:\/\/www.instagram.com\/vinicio_jarquin\/","https:\/\/www.pinterest.com\/vinnyjc\/","https:\/\/www.youtube.com\/@VinicioJarquin"],"url":"https:\/\/viniciojarquin.com\/blog\/author\/admin_s02au25i\/"}]}},"blog_post_layout_featured_media_urls":{"thumbnail":["https:\/\/viniciojarquin.com\/blog\/wp-content\/uploads\/2025\/10\/33602506-42FC-46C5-BE55-A7EBF66F9109-150x150.png",150,150,true],"full":["https:\/\/viniciojarquin.com\/blog\/wp-content\/uploads\/2025\/10\/33602506-42FC-46C5-BE55-A7EBF66F9109.png",800,533,false]},"categories_names":{"17":{"name":"Elecciones 2026","link":"https:\/\/viniciojarquin.com\/blog\/category\/elecciones-2026\/"}},"tags_names":[],"comments_number":"0","_links":{"self":[{"href":"https:\/\/viniciojarquin.com\/blog\/wp-json\/wp\/v2\/posts\/871","targetHints":{"allow":["GET"]}}],"collection":[{"href":"https:\/\/viniciojarquin.com\/blog\/wp-json\/wp\/v2\/posts"}],"about":[{"href":"https:\/\/viniciojarquin.com\/blog\/wp-json\/wp\/v2\/types\/post"}],"author":[{"embeddable":true,"href":"https:\/\/viniciojarquin.com\/blog\/wp-json\/wp\/v2\/users\/1"}],"replies":[{"embeddable":true,"href":"https:\/\/viniciojarquin.com\/blog\/wp-json\/wp\/v2\/comments?post=871"}],"version-history":[{"count":1,"href":"https:\/\/viniciojarquin.com\/blog\/wp-json\/wp\/v2\/posts\/871\/revisions"}],"predecessor-version":[{"id":873,"href":"https:\/\/viniciojarquin.com\/blog\/wp-json\/wp\/v2\/posts\/871\/revisions\/873"}],"wp:featuredmedia":[{"embeddable":true,"href":"https:\/\/viniciojarquin.com\/blog\/wp-json\/wp\/v2\/media\/866"}],"wp:attachment":[{"href":"https:\/\/viniciojarquin.com\/blog\/wp-json\/wp\/v2\/media?parent=871"}],"wp:term":[{"taxonomy":"category","embeddable":true,"href":"https:\/\/viniciojarquin.com\/blog\/wp-json\/wp\/v2\/categories?post=871"},{"taxonomy":"post_tag","embeddable":true,"href":"https:\/\/viniciojarquin.com\/blog\/wp-json\/wp\/v2\/tags?post=871"}],"curies":[{"name":"wp","href":"https:\/\/api.w.org\/{rel}","templated":true}]}}