{"id":880,"date":"2025-10-24T02:16:40","date_gmt":"2025-10-24T02:16:40","guid":{"rendered":"https:\/\/viniciojarquin.com\/blog\/?p=880"},"modified":"2025-10-24T02:16:43","modified_gmt":"2025-10-24T02:16:43","slug":"las-figuras-detras-de-los-candidatos","status":"publish","type":"post","link":"https:\/\/viniciojarquin.com\/blog\/las-figuras-detras-de-los-candidatos\/","title":{"rendered":"Las figuras detr\u00e1s de los candidatos"},"content":{"rendered":"\n<figure class=\"wp-block-image size-full\"><img decoding=\"async\" width=\"800\" height=\"800\" data-src=\"https:\/\/viniciojarquin.com\/blog\/wp-content\/uploads\/2025\/10\/7406E176-CB82-4C6C-80D2-4147BC647B0D.png\" alt=\"\" class=\"wp-image-881 lazyload\" data-srcset=\"https:\/\/viniciojarquin.com\/blog\/wp-content\/uploads\/2025\/10\/7406E176-CB82-4C6C-80D2-4147BC647B0D.png 800w, https:\/\/viniciojarquin.com\/blog\/wp-content\/uploads\/2025\/10\/7406E176-CB82-4C6C-80D2-4147BC647B0D-300x300.png 300w, https:\/\/viniciojarquin.com\/blog\/wp-content\/uploads\/2025\/10\/7406E176-CB82-4C6C-80D2-4147BC647B0D-150x150.png 150w, https:\/\/viniciojarquin.com\/blog\/wp-content\/uploads\/2025\/10\/7406E176-CB82-4C6C-80D2-4147BC647B0D-768x768.png 768w\" data-sizes=\"(max-width: 800px) 100vw, 800px\" src=\"data:image\/svg+xml;base64,PHN2ZyB3aWR0aD0iMSIgaGVpZ2h0PSIxIiB4bWxucz0iaHR0cDovL3d3dy53My5vcmcvMjAwMC9zdmciPjwvc3ZnPg==\" style=\"--smush-placeholder-width: 800px; --smush-placeholder-aspect-ratio: 800\/800;\" \/><\/figure>\n\n\n\n<p>En este momento, hay cuatro partidos pol\u00edticos con figuras fuertes que aspiran a la presidencia de la Rep\u00fablica: el Frente Amplio, con Ariel Robles; Liberaci\u00f3n Nacional, con \u00c1lvaro Ramos; el PAC, con do\u00f1a Claudia Dobles; y el partido Pueblo Soberano, con do\u00f1a Laura Fern\u00e1ndez, quien representa el continuismo del actual gobierno.<\/p>\n\n\n\n<p>Sin embargo, para este an\u00e1lisis, dejar\u00e9 por fuera a do\u00f1a Laura Fern\u00e1ndez, no por falta de m\u00e9rito, sino porque su caso es distinto. La figura que la respalda \u2014la del presidente en ejercicio\u2014 tiene prohibici\u00f3n legal de participar en campa\u00f1a, y por lo tanto ella no puede contar con ese acompa\u00f1amiento visible, aunque simb\u00f3licamente est\u00e9 presente.<\/p>\n\n\n\n<p>Por eso, centr\u00e9monos en los otros tres candidatos, cuyos partidos s\u00ed tienen figuras hist\u00f3ricas y vigentes que podr\u00edan respaldarlos de una u otra manera.<\/p>\n\n\n\n<p>Do\u00f1a Claudia Dobles cuenta con la figura de don Carlos Alvarado, su esposo y expresidente de la Rep\u00fablica.<\/p>\n\n\n\n<p>Don \u00c1lvaro Ramos, por su parte, pertenece a un partido con tres expresidentes vivos y de enorme peso pol\u00edtico: \u00d3scar Arias, Jos\u00e9 Mar\u00eda Figueres y do\u00f1a Laura Chinchilla. Y en el Frente Amplio, aunque no hubo un presidente de la Rep\u00fablica, existe la figura s\u00f3lida de Jos\u00e9 Mar\u00eda Villalta, uno de los fundadores m\u00e1s visibles y respetados del partido.<\/p>\n\n\n\n<p>Y aqu\u00ed viene mi pregunta: Si estos tres candidatos \u2014Dobles, Robles y Ramos\u2014 tienen figuras tan importantes dentro de sus filas, \u00bfpor qu\u00e9 no las utilizan m\u00e1s abiertamente en su campa\u00f1a?<\/p>\n\n\n\n<p>Si yo fuera candidato y tuviera detr\u00e1s a alguien que podr\u00eda elevar mi credibilidad, reforzar mi discurso y sumar votos dentro de mi propia corriente ideol\u00f3gica, probablemente aprovechar\u00eda ese respaldo.<\/p>\n\n\n\n<p>Pero si decido no hacerlo, \u00bfno ser\u00e1 porque creo que esa figura, lejos de ayudarme, podr\u00eda restarme apoyo?<\/p>\n\n\n\n<p>No estoy acusando a nadie, solo pienso en voz alta. Tal vez cada uno de ellos ha hecho el c\u00e1lculo estrat\u00e9gico de que, en esta coyuntura pol\u00edtica, asociarse con ciertos nombres podr\u00eda despertar m\u00e1s resistencias que simpat\u00edas.<\/p>\n\n\n\n<p>Y si as\u00ed fuera, es una decisi\u00f3n comprensible.<\/p>\n\n\n\n<p>La pol\u00edtica, al fin y al cabo, se mueve con la br\u00fajula del momento, no con la nostalgia del pasado.<\/p>\n\n\n\n<p>Sin embargo \u2014y honestamente\u2014, creo que es lo mejor que cada candidato puede hacer. Presentarse por s\u00ed mismo. Presentarse como algo nuevo, no como una continuaci\u00f3n. Presentarse con sus propios valores, con sus propios programas, con su propia idea, con su propia presencia. Es l\u00f3gico y es natural.<\/p>\n\n\n\n<p>No los estoy se\u00f1alando ni criticando. M\u00e1s bien me parece una muestra de independencia y de madurez pol\u00edtica.<\/p>\n\n\n\n<p>Cada uno debe construir su propio relato, su propia voz, su propia forma de conectar con el pa\u00eds.<\/p>\n\n\n\n<p>Es simplemente una reflexi\u00f3n sobre c\u00f3mo funciona la pol\u00edtica desde siempre y en cualquier lugar: el equilibrio entre honrar la historia y, al mismo tiempo, saber desprenderse de ella.<\/p>\n\n\n\n<p>Y aunque digo que lo mejor es presentarse sin continuismo \u2014cada uno como figura nueva, fresca y aut\u00f3noma\u2014, esta opini\u00f3n aplica para los tres candidatos que ya mencion\u00e9, pero no para do\u00f1a Laura Fern\u00e1ndez.<\/p>\n\n\n\n<p>En su caso, me parece que hace bien en intentar mostrarse como una continuaci\u00f3n del gobierno actual.<\/p>\n\n\n\n<p>Es una estrategia coherente con su posici\u00f3n y con el respaldo que la sostiene.<\/p>\n\n\n\n<p>Don Rodrigo Ch\u00e1vez conserva un nivel de popularidad importante, y ser\u00eda il\u00f3gico no aprovechar esa ventaja simb\u00f3lica.<\/p>\n\n\n\n<p>Si \u00e9l representa, para buena parte del electorado, la idea de fuerza, decisi\u00f3n o autoridad, entonces es l\u00f3gico que su imagen sirva como motor pol\u00edtico para quien fue su ministra y hoy busca sucederlo.<\/p>\n\n\n\n<p>Eso no es un error: es parte de la naturaleza del juego pol\u00edtico.<\/p>\n\n\n\n<p>Tampoco lo digo en tono de cr\u00edtica.<\/p>\n\n\n\n<p>Al contrario, me parece que cada candidato est\u00e1 haciendo exactamente lo que debe hacer seg\u00fan su realidad: los tres primeros, desmarc\u00e1ndose para proponer algo distinto; y do\u00f1a Laura, reforzando el v\u00ednculo con quien hoy ocupa la silla presidencial.<\/p>\n\n\n\n<p>En ambos casos hay l\u00f3gica, estrategia y sentido.<\/p>\n\n\n\n<p>Y en los dos casos, hay tambi\u00e9n una lectura muy precisa del pa\u00eds y de lo que, seg\u00fan sus visiones, podr\u00eda darles mejores resultados.<\/p>\n\n\n\n<p>Y sigo pensando, casi como un ejercicio de imaginaci\u00f3n pol\u00edtica, c\u00f3mo se ver\u00e1 esa noche del triunfo, cuando se conozcan los resultados de las elecciones.<\/p>\n\n\n\n<p>Me pregunto c\u00f3mo se sentir\u00e1 cada escenario posible, seg\u00fan qui\u00e9n resulte ganador.<\/p>\n\n\n\n<p>Si gana do\u00f1a Laura Fern\u00e1ndez, ciertamente el presidente actual no podr\u00e1 acompa\u00f1arla en su celebraci\u00f3n.<\/p>\n\n\n\n<p>Su presencia ser\u00eda vista como una intromisi\u00f3n o una ruptura del l\u00edmite legal que le impide hacer campa\u00f1a.<\/p>\n\n\n\n<p>Aun as\u00ed, ser\u00eda innegable que su sombra pol\u00edtica estar\u00eda en la sala, en los discursos, en las c\u00e1maras y en la mirada de quienes celebran el triunfo del continuismo.<\/p>\n\n\n\n<p>Si gana do\u00f1a Claudia Dobles, probablemente estar\u00e1 acompa\u00f1ada por don Carlos Alvarado, su esposo, expresidente de la Rep\u00fablica, en una noche que sin duda ser\u00eda hist\u00f3rica y simb\u00f3lica. No solo por el regreso del PAC, sino por el hecho de que la ex primera dama se convierta en presidenta, cerrando un ciclo pol\u00edtico y emocional que comenz\u00f3 hace a\u00f1os.<\/p>\n\n\n\n<p>Si ganara don Ariel Robles, me pregunto si Jos\u00e9 Mar\u00eda Villalta estar\u00eda a su lado en la celebraci\u00f3n.<\/p>\n\n\n\n<p>Ser\u00eda una escena poderosa: el relevo de una generaci\u00f3n dentro del Frente Amplio, con la imagen de un partido que logra mantener viva su esencia progresista y su discurso social, sin perder su identidad original.<\/p>\n\n\n\n<p>Y si ganara don \u00c1lvaro Ramos, tambi\u00e9n me pregunto si invitar\u00eda a don \u00d3scar Arias, a don Jos\u00e9 Mar\u00eda Figueres y a do\u00f1a Laura Chinchilla a esa noche tan importante.<\/p>\n\n\n\n<p>Porque si as\u00ed fuera, estar\u00edamos viendo una imagen \u00fanica: la de un partido que re\u00fane a tres expresidentes, y que de alguna manera encuentra un puente entre su pasado y su futuro.<\/p>\n","protected":false},"excerpt":{"rendered":"<p>En este momento, hay cuatro partidos pol\u00edticos con figuras fuertes que aspiran a la presidencia de la Rep\u00fablica: el Frente [&hellip;]<\/p>\n","protected":false},"author":1,"featured_media":881,"comment_status":"open","ping_status":"open","sticky":false,"template":"","format":"standard","meta":{"site-sidebar-layout":"default","site-content-layout":"","ast-site-content-layout":"","site-content-style":"default","site-sidebar-style":"default","ast-global-header-display":"","ast-banner-title-visibility":"","ast-main-header-display":"","ast-hfb-above-header-display":"","ast-hfb-below-header-display":"","ast-hfb-mobile-header-display":"","site-post-title":"","ast-breadcrumbs-content":"","ast-featured-img":"","footer-sml-layout":"","theme-transparent-header-meta":"","adv-header-id-meta":"","stick-header-meta":"","header-above-stick-meta":"","header-main-stick-meta":"","header-below-stick-meta":"","astra-migrate-meta-layouts":"default","ast-page-background-enabled":"default","ast-page-background-meta":{"desktop":{"background-color":"var(--ast-global-color-5)","background-image":"","background-repeat":"repeat","background-position":"center center","background-size":"auto","background-attachment":"scroll","background-type":"","background-media":"","overlay-type":"","overlay-color":"","overlay-opacity":"","overlay-gradient":""},"tablet":{"background-color":"","background-image":"","background-repeat":"repeat","background-position":"center center","background-size":"auto","background-attachment":"scroll","background-type":"","background-media":"","overlay-type":"","overlay-color":"","overlay-opacity":"","overlay-gradient":""},"mobile":{"background-color":"","background-image":"","background-repeat":"repeat","background-position":"center center","background-size":"auto","background-attachment":"scroll","background-type":"","background-media":"","overlay-type":"","overlay-color":"","overlay-opacity":"","overlay-gradient":""}},"ast-content-background-meta":{"desktop":{"background-color":"var(--ast-global-color-4)","background-image":"","background-repeat":"repeat","background-position":"center center","background-size":"auto","background-attachment":"scroll","background-type":"","background-media":"","overlay-type":"","overlay-color":"","overlay-opacity":"","overlay-gradient":""},"tablet":{"background-color":"var(--ast-global-color-4)","background-image":"","background-repeat":"repeat","background-position":"center center","background-size":"auto","background-attachment":"scroll","background-type":"","background-media":"","overlay-type":"","overlay-color":"","overlay-opacity":"","overlay-gradient":""},"mobile":{"background-color":"var(--ast-global-color-4)","background-image":"","background-repeat":"repeat","background-position":"center center","background-size":"auto","background-attachment":"scroll","background-type":"","background-media":"","overlay-type":"","overlay-color":"","overlay-opacity":"","overlay-gradient":""}},"footnotes":""},"categories":[17],"tags":[],"class_list":["post-880","post","type-post","status-publish","format-standard","has-post-thumbnail","hentry","category-elecciones-2026"],"yoast_head":"<!-- This site is optimized with the Yoast SEO plugin v26.0 - https:\/\/yoast.com\/wordpress\/plugins\/seo\/ -->\n<title>Las figuras detr\u00e1s de los candidatos - MI BLOG<\/title>\n<meta name=\"robots\" content=\"index, follow, max-snippet:-1, max-image-preview:large, max-video-preview:-1\" \/>\n<link rel=\"canonical\" href=\"https:\/\/viniciojarquin.com\/blog\/las-figuras-detras-de-los-candidatos\/\" \/>\n<meta property=\"og:locale\" content=\"es_ES\" \/>\n<meta property=\"og:type\" content=\"article\" \/>\n<meta property=\"og:title\" content=\"Las figuras detr\u00e1s de los candidatos - MI BLOG\" \/>\n<meta property=\"og:description\" content=\"En este momento, hay cuatro partidos pol\u00edticos con figuras fuertes que aspiran a la presidencia de la Rep\u00fablica: el Frente [&hellip;]\" \/>\n<meta property=\"og:url\" content=\"https:\/\/viniciojarquin.com\/blog\/las-figuras-detras-de-los-candidatos\/\" \/>\n<meta property=\"og:site_name\" content=\"MI BLOG\" \/>\n<meta property=\"article:publisher\" content=\"https:\/\/www.facebook.com\/vinicio.jarquin\" \/>\n<meta property=\"article:author\" content=\"https:\/\/www.facebook.com\/vinicio.jarquin\" \/>\n<meta property=\"article:published_time\" content=\"2025-10-24T02:16:40+00:00\" \/>\n<meta property=\"article:modified_time\" content=\"2025-10-24T02:16:43+00:00\" \/>\n<meta property=\"og:image\" content=\"https:\/\/viniciojarquin.com\/blog\/wp-content\/uploads\/2025\/10\/7406E176-CB82-4C6C-80D2-4147BC647B0D.png\" \/>\n\t<meta property=\"og:image:width\" content=\"800\" \/>\n\t<meta property=\"og:image:height\" content=\"800\" \/>\n\t<meta property=\"og:image:type\" content=\"image\/png\" \/>\n<meta name=\"author\" content=\"Vinicio Jarqu\u00edn\" \/>\n<meta name=\"twitter:card\" content=\"summary_large_image\" \/>\n<meta name=\"twitter:label1\" content=\"Escrito por\" \/>\n\t<meta name=\"twitter:data1\" content=\"Vinicio Jarqu\u00edn\" \/>\n\t<meta name=\"twitter:label2\" content=\"Tiempo de lectura\" \/>\n\t<meta name=\"twitter:data2\" content=\"5 minutos\" \/>\n<script type=\"application\/ld+json\" class=\"yoast-schema-graph\">{\"@context\":\"https:\/\/schema.org\",\"@graph\":[{\"@type\":\"Article\",\"@id\":\"https:\/\/viniciojarquin.com\/blog\/las-figuras-detras-de-los-candidatos\/#article\",\"isPartOf\":{\"@id\":\"https:\/\/viniciojarquin.com\/blog\/las-figuras-detras-de-los-candidatos\/\"},\"author\":{\"name\":\"Vinicio Jarqu\u00edn\",\"@id\":\"https:\/\/viniciojarquin.com\/blog\/#\/schema\/person\/90100c8845ae55462ec0657d3d2f8d3b\"},\"headline\":\"Las figuras detr\u00e1s de los candidatos\",\"datePublished\":\"2025-10-24T02:16:40+00:00\",\"dateModified\":\"2025-10-24T02:16:43+00:00\",\"mainEntityOfPage\":{\"@id\":\"https:\/\/viniciojarquin.com\/blog\/las-figuras-detras-de-los-candidatos\/\"},\"wordCount\":1063,\"commentCount\":0,\"publisher\":{\"@id\":\"https:\/\/viniciojarquin.com\/blog\/#\/schema\/person\/90100c8845ae55462ec0657d3d2f8d3b\"},\"image\":{\"@id\":\"https:\/\/viniciojarquin.com\/blog\/las-figuras-detras-de-los-candidatos\/#primaryimage\"},\"thumbnailUrl\":\"https:\/\/viniciojarquin.com\/blog\/wp-content\/uploads\/2025\/10\/7406E176-CB82-4C6C-80D2-4147BC647B0D.png\",\"articleSection\":[\"Elecciones 2026\"],\"inLanguage\":\"es\",\"potentialAction\":[{\"@type\":\"CommentAction\",\"name\":\"Comment\",\"target\":[\"https:\/\/viniciojarquin.com\/blog\/las-figuras-detras-de-los-candidatos\/#respond\"]}]},{\"@type\":\"WebPage\",\"@id\":\"https:\/\/viniciojarquin.com\/blog\/las-figuras-detras-de-los-candidatos\/\",\"url\":\"https:\/\/viniciojarquin.com\/blog\/las-figuras-detras-de-los-candidatos\/\",\"name\":\"Las figuras detr\u00e1s de los candidatos - MI BLOG\",\"isPartOf\":{\"@id\":\"https:\/\/viniciojarquin.com\/blog\/#website\"},\"primaryImageOfPage\":{\"@id\":\"https:\/\/viniciojarquin.com\/blog\/las-figuras-detras-de-los-candidatos\/#primaryimage\"},\"image\":{\"@id\":\"https:\/\/viniciojarquin.com\/blog\/las-figuras-detras-de-los-candidatos\/#primaryimage\"},\"thumbnailUrl\":\"https:\/\/viniciojarquin.com\/blog\/wp-content\/uploads\/2025\/10\/7406E176-CB82-4C6C-80D2-4147BC647B0D.png\",\"datePublished\":\"2025-10-24T02:16:40+00:00\",\"dateModified\":\"2025-10-24T02:16:43+00:00\",\"breadcrumb\":{\"@id\":\"https:\/\/viniciojarquin.com\/blog\/las-figuras-detras-de-los-candidatos\/#breadcrumb\"},\"inLanguage\":\"es\",\"potentialAction\":[{\"@type\":\"ReadAction\",\"target\":[\"https:\/\/viniciojarquin.com\/blog\/las-figuras-detras-de-los-candidatos\/\"]}]},{\"@type\":\"ImageObject\",\"inLanguage\":\"es\",\"@id\":\"https:\/\/viniciojarquin.com\/blog\/las-figuras-detras-de-los-candidatos\/#primaryimage\",\"url\":\"https:\/\/viniciojarquin.com\/blog\/wp-content\/uploads\/2025\/10\/7406E176-CB82-4C6C-80D2-4147BC647B0D.png\",\"contentUrl\":\"https:\/\/viniciojarquin.com\/blog\/wp-content\/uploads\/2025\/10\/7406E176-CB82-4C6C-80D2-4147BC647B0D.png\",\"width\":800,\"height\":800},{\"@type\":\"BreadcrumbList\",\"@id\":\"https:\/\/viniciojarquin.com\/blog\/las-figuras-detras-de-los-candidatos\/#breadcrumb\",\"itemListElement\":[{\"@type\":\"ListItem\",\"position\":1,\"name\":\"Portada\",\"item\":\"https:\/\/viniciojarquin.com\/blog\/\"},{\"@type\":\"ListItem\",\"position\":2,\"name\":\"Las figuras detr\u00e1s de los candidatos\"}]},{\"@type\":\"WebSite\",\"@id\":\"https:\/\/viniciojarquin.com\/blog\/#website\",\"url\":\"https:\/\/viniciojarquin.com\/blog\/\",\"name\":\"Vinicio Jarqu\u00edn BLOG\",\"description\":\"\",\"publisher\":{\"@id\":\"https:\/\/viniciojarquin.com\/blog\/#\/schema\/person\/90100c8845ae55462ec0657d3d2f8d3b\"},\"potentialAction\":[{\"@type\":\"SearchAction\",\"target\":{\"@type\":\"EntryPoint\",\"urlTemplate\":\"https:\/\/viniciojarquin.com\/blog\/?s={search_term_string}\"},\"query-input\":{\"@type\":\"PropertyValueSpecification\",\"valueRequired\":true,\"valueName\":\"search_term_string\"}}],\"inLanguage\":\"es\"},{\"@type\":[\"Person\",\"Organization\"],\"@id\":\"https:\/\/viniciojarquin.com\/blog\/#\/schema\/person\/90100c8845ae55462ec0657d3d2f8d3b\",\"name\":\"Vinicio Jarqu\u00edn\",\"image\":{\"@type\":\"ImageObject\",\"inLanguage\":\"es\",\"@id\":\"https:\/\/viniciojarquin.com\/blog\/#\/schema\/person\/image\/\",\"url\":\"https:\/\/viniciojarquin.com\/blog\/wp-content\/uploads\/2024\/10\/Logo-VinicioJarquin-original-400.png\",\"contentUrl\":\"https:\/\/viniciojarquin.com\/blog\/wp-content\/uploads\/2024\/10\/Logo-VinicioJarquin-original-400.png\",\"width\":400,\"height\":130,\"caption\":\"Vinicio Jarqu\u00edn\"},\"logo\":{\"@id\":\"https:\/\/viniciojarquin.com\/blog\/#\/schema\/person\/image\/\"},\"description\":\"Empresario textil, artista pl\u00e1stico, escritor, coach de vida y fot\u00f3grafo.\",\"sameAs\":[\"https:\/\/viniciojarquin.com\/blog\",\"https:\/\/www.facebook.com\/vinicio.jarquin\",\"https:\/\/www.instagram.com\/vinicio_jarquin\/\",\"https:\/\/www.pinterest.com\/vinnyjc\/\",\"https:\/\/www.youtube.com\/@VinicioJarquin\"],\"url\":\"https:\/\/viniciojarquin.com\/blog\/author\/admin_s02au25i\/\"}]}<\/script>\n<!-- \/ Yoast SEO plugin. -->","yoast_head_json":{"title":"Las figuras detr\u00e1s de los candidatos - MI BLOG","robots":{"index":"index","follow":"follow","max-snippet":"max-snippet:-1","max-image-preview":"max-image-preview:large","max-video-preview":"max-video-preview:-1"},"canonical":"https:\/\/viniciojarquin.com\/blog\/las-figuras-detras-de-los-candidatos\/","og_locale":"es_ES","og_type":"article","og_title":"Las figuras detr\u00e1s de los candidatos - MI BLOG","og_description":"En este momento, hay cuatro partidos pol\u00edticos con figuras fuertes que aspiran a la presidencia de la Rep\u00fablica: el Frente [&hellip;]","og_url":"https:\/\/viniciojarquin.com\/blog\/las-figuras-detras-de-los-candidatos\/","og_site_name":"MI BLOG","article_publisher":"https:\/\/www.facebook.com\/vinicio.jarquin","article_author":"https:\/\/www.facebook.com\/vinicio.jarquin","article_published_time":"2025-10-24T02:16:40+00:00","article_modified_time":"2025-10-24T02:16:43+00:00","og_image":[{"width":800,"height":800,"url":"https:\/\/viniciojarquin.com\/blog\/wp-content\/uploads\/2025\/10\/7406E176-CB82-4C6C-80D2-4147BC647B0D.png","type":"image\/png"}],"author":"Vinicio Jarqu\u00edn","twitter_card":"summary_large_image","twitter_misc":{"Escrito por":"Vinicio Jarqu\u00edn","Tiempo de lectura":"5 minutos"},"schema":{"@context":"https:\/\/schema.org","@graph":[{"@type":"Article","@id":"https:\/\/viniciojarquin.com\/blog\/las-figuras-detras-de-los-candidatos\/#article","isPartOf":{"@id":"https:\/\/viniciojarquin.com\/blog\/las-figuras-detras-de-los-candidatos\/"},"author":{"name":"Vinicio Jarqu\u00edn","@id":"https:\/\/viniciojarquin.com\/blog\/#\/schema\/person\/90100c8845ae55462ec0657d3d2f8d3b"},"headline":"Las figuras detr\u00e1s de los candidatos","datePublished":"2025-10-24T02:16:40+00:00","dateModified":"2025-10-24T02:16:43+00:00","mainEntityOfPage":{"@id":"https:\/\/viniciojarquin.com\/blog\/las-figuras-detras-de-los-candidatos\/"},"wordCount":1063,"commentCount":0,"publisher":{"@id":"https:\/\/viniciojarquin.com\/blog\/#\/schema\/person\/90100c8845ae55462ec0657d3d2f8d3b"},"image":{"@id":"https:\/\/viniciojarquin.com\/blog\/las-figuras-detras-de-los-candidatos\/#primaryimage"},"thumbnailUrl":"https:\/\/viniciojarquin.com\/blog\/wp-content\/uploads\/2025\/10\/7406E176-CB82-4C6C-80D2-4147BC647B0D.png","articleSection":["Elecciones 2026"],"inLanguage":"es","potentialAction":[{"@type":"CommentAction","name":"Comment","target":["https:\/\/viniciojarquin.com\/blog\/las-figuras-detras-de-los-candidatos\/#respond"]}]},{"@type":"WebPage","@id":"https:\/\/viniciojarquin.com\/blog\/las-figuras-detras-de-los-candidatos\/","url":"https:\/\/viniciojarquin.com\/blog\/las-figuras-detras-de-los-candidatos\/","name":"Las figuras detr\u00e1s de los candidatos - MI BLOG","isPartOf":{"@id":"https:\/\/viniciojarquin.com\/blog\/#website"},"primaryImageOfPage":{"@id":"https:\/\/viniciojarquin.com\/blog\/las-figuras-detras-de-los-candidatos\/#primaryimage"},"image":{"@id":"https:\/\/viniciojarquin.com\/blog\/las-figuras-detras-de-los-candidatos\/#primaryimage"},"thumbnailUrl":"https:\/\/viniciojarquin.com\/blog\/wp-content\/uploads\/2025\/10\/7406E176-CB82-4C6C-80D2-4147BC647B0D.png","datePublished":"2025-10-24T02:16:40+00:00","dateModified":"2025-10-24T02:16:43+00:00","breadcrumb":{"@id":"https:\/\/viniciojarquin.com\/blog\/las-figuras-detras-de-los-candidatos\/#breadcrumb"},"inLanguage":"es","potentialAction":[{"@type":"ReadAction","target":["https:\/\/viniciojarquin.com\/blog\/las-figuras-detras-de-los-candidatos\/"]}]},{"@type":"ImageObject","inLanguage":"es","@id":"https:\/\/viniciojarquin.com\/blog\/las-figuras-detras-de-los-candidatos\/#primaryimage","url":"https:\/\/viniciojarquin.com\/blog\/wp-content\/uploads\/2025\/10\/7406E176-CB82-4C6C-80D2-4147BC647B0D.png","contentUrl":"https:\/\/viniciojarquin.com\/blog\/wp-content\/uploads\/2025\/10\/7406E176-CB82-4C6C-80D2-4147BC647B0D.png","width":800,"height":800},{"@type":"BreadcrumbList","@id":"https:\/\/viniciojarquin.com\/blog\/las-figuras-detras-de-los-candidatos\/#breadcrumb","itemListElement":[{"@type":"ListItem","position":1,"name":"Portada","item":"https:\/\/viniciojarquin.com\/blog\/"},{"@type":"ListItem","position":2,"name":"Las figuras detr\u00e1s de los candidatos"}]},{"@type":"WebSite","@id":"https:\/\/viniciojarquin.com\/blog\/#website","url":"https:\/\/viniciojarquin.com\/blog\/","name":"Vinicio Jarqu\u00edn BLOG","description":"","publisher":{"@id":"https:\/\/viniciojarquin.com\/blog\/#\/schema\/person\/90100c8845ae55462ec0657d3d2f8d3b"},"potentialAction":[{"@type":"SearchAction","target":{"@type":"EntryPoint","urlTemplate":"https:\/\/viniciojarquin.com\/blog\/?s={search_term_string}"},"query-input":{"@type":"PropertyValueSpecification","valueRequired":true,"valueName":"search_term_string"}}],"inLanguage":"es"},{"@type":["Person","Organization"],"@id":"https:\/\/viniciojarquin.com\/blog\/#\/schema\/person\/90100c8845ae55462ec0657d3d2f8d3b","name":"Vinicio Jarqu\u00edn","image":{"@type":"ImageObject","inLanguage":"es","@id":"https:\/\/viniciojarquin.com\/blog\/#\/schema\/person\/image\/","url":"https:\/\/viniciojarquin.com\/blog\/wp-content\/uploads\/2024\/10\/Logo-VinicioJarquin-original-400.png","contentUrl":"https:\/\/viniciojarquin.com\/blog\/wp-content\/uploads\/2024\/10\/Logo-VinicioJarquin-original-400.png","width":400,"height":130,"caption":"Vinicio Jarqu\u00edn"},"logo":{"@id":"https:\/\/viniciojarquin.com\/blog\/#\/schema\/person\/image\/"},"description":"Empresario textil, artista pl\u00e1stico, escritor, coach de vida y fot\u00f3grafo.","sameAs":["https:\/\/viniciojarquin.com\/blog","https:\/\/www.facebook.com\/vinicio.jarquin","https:\/\/www.instagram.com\/vinicio_jarquin\/","https:\/\/www.pinterest.com\/vinnyjc\/","https:\/\/www.youtube.com\/@VinicioJarquin"],"url":"https:\/\/viniciojarquin.com\/blog\/author\/admin_s02au25i\/"}]}},"blog_post_layout_featured_media_urls":{"thumbnail":["https:\/\/viniciojarquin.com\/blog\/wp-content\/uploads\/2025\/10\/7406E176-CB82-4C6C-80D2-4147BC647B0D-150x150.png",150,150,true],"full":["https:\/\/viniciojarquin.com\/blog\/wp-content\/uploads\/2025\/10\/7406E176-CB82-4C6C-80D2-4147BC647B0D.png",800,800,false]},"categories_names":{"17":{"name":"Elecciones 2026","link":"https:\/\/viniciojarquin.com\/blog\/category\/elecciones-2026\/"}},"tags_names":[],"comments_number":"0","_links":{"self":[{"href":"https:\/\/viniciojarquin.com\/blog\/wp-json\/wp\/v2\/posts\/880","targetHints":{"allow":["GET"]}}],"collection":[{"href":"https:\/\/viniciojarquin.com\/blog\/wp-json\/wp\/v2\/posts"}],"about":[{"href":"https:\/\/viniciojarquin.com\/blog\/wp-json\/wp\/v2\/types\/post"}],"author":[{"embeddable":true,"href":"https:\/\/viniciojarquin.com\/blog\/wp-json\/wp\/v2\/users\/1"}],"replies":[{"embeddable":true,"href":"https:\/\/viniciojarquin.com\/blog\/wp-json\/wp\/v2\/comments?post=880"}],"version-history":[{"count":1,"href":"https:\/\/viniciojarquin.com\/blog\/wp-json\/wp\/v2\/posts\/880\/revisions"}],"predecessor-version":[{"id":882,"href":"https:\/\/viniciojarquin.com\/blog\/wp-json\/wp\/v2\/posts\/880\/revisions\/882"}],"wp:featuredmedia":[{"embeddable":true,"href":"https:\/\/viniciojarquin.com\/blog\/wp-json\/wp\/v2\/media\/881"}],"wp:attachment":[{"href":"https:\/\/viniciojarquin.com\/blog\/wp-json\/wp\/v2\/media?parent=880"}],"wp:term":[{"taxonomy":"category","embeddable":true,"href":"https:\/\/viniciojarquin.com\/blog\/wp-json\/wp\/v2\/categories?post=880"},{"taxonomy":"post_tag","embeddable":true,"href":"https:\/\/viniciojarquin.com\/blog\/wp-json\/wp\/v2\/tags?post=880"}],"curies":[{"name":"wp","href":"https:\/\/api.w.org\/{rel}","templated":true}]}}