{"id":883,"date":"2025-10-24T02:24:29","date_gmt":"2025-10-24T02:24:29","guid":{"rendered":"https:\/\/viniciojarquin.com\/blog\/?p=883"},"modified":"2025-10-24T02:24:32","modified_gmt":"2025-10-24T02:24:32","slug":"el-equilibrio-invisible","status":"publish","type":"post","link":"https:\/\/viniciojarquin.com\/blog\/el-equilibrio-invisible\/","title":{"rendered":"El equilibrio invisible"},"content":{"rendered":"\n<figure class=\"wp-block-image size-large\"><img decoding=\"async\" width=\"771\" height=\"1024\" data-src=\"https:\/\/viniciojarquin.com\/blog\/wp-content\/uploads\/2025\/10\/571158617_10166972677179554_8648986208788762585_n-771x1024.jpg\" alt=\"\" class=\"wp-image-884 lazyload\" data-srcset=\"https:\/\/viniciojarquin.com\/blog\/wp-content\/uploads\/2025\/10\/571158617_10166972677179554_8648986208788762585_n-771x1024.jpg 771w, https:\/\/viniciojarquin.com\/blog\/wp-content\/uploads\/2025\/10\/571158617_10166972677179554_8648986208788762585_n-226x300.jpg 226w, https:\/\/viniciojarquin.com\/blog\/wp-content\/uploads\/2025\/10\/571158617_10166972677179554_8648986208788762585_n-768x1019.jpg 768w, https:\/\/viniciojarquin.com\/blog\/wp-content\/uploads\/2025\/10\/571158617_10166972677179554_8648986208788762585_n-1157x1536.jpg 1157w, https:\/\/viniciojarquin.com\/blog\/wp-content\/uploads\/2025\/10\/571158617_10166972677179554_8648986208788762585_n.jpg 1170w\" data-sizes=\"(max-width: 771px) 100vw, 771px\" src=\"data:image\/svg+xml;base64,PHN2ZyB3aWR0aD0iMSIgaGVpZ2h0PSIxIiB4bWxucz0iaHR0cDovL3d3dy53My5vcmcvMjAwMC9zdmciPjwvc3ZnPg==\" style=\"--smush-placeholder-width: 771px; --smush-placeholder-aspect-ratio: 771\/1024;\" \/><\/figure>\n\n\n\n<p>La \u00faltima encuesta del <strong>CIEP-UCR<\/strong> confirma algo que ven\u00edamos intuyendo: el resultado de las elecciones del 2026 no lo definir\u00e1n los m\u00e1s ruidosos, sino los m\u00e1s silenciosos.<\/p>\n\n\n\n<p>Un <strong>55 % de personas indecisas<\/strong> sigue marcando la diferencia, y ese porcentaje podr\u00eda cambiar el rumbo del pa\u00eds.<\/p>\n\n\n\n<p>Mientras <strong>Laura Fern\u00e1ndez<\/strong> (Pueblo Soberano) lidera la intenci\u00f3n de voto con <strong>25 %<\/strong>, seguida por <strong>\u00c1lvaro Ramos<\/strong> (Liberaci\u00f3n Nacional) con <strong>7 %<\/strong>, <strong>Claudia Dobles<\/strong> (PAC, en coalici\u00f3n) y <strong>Ariel Robles<\/strong> (Frente Amplio) empatan con <strong>3 %<\/strong> cada uno, y los dem\u00e1s candidatos aparecen con m\u00e1rgenes m\u00ednimos. Pero m\u00e1s all\u00e1 de los n\u00fameros, el dato realmente poderoso es ese 55 % que todav\u00eda no ha decidido.<\/p>\n\n\n\n<p>Ese grupo de personas indecisas \u2014o tal vez cansadas, desilusionadas o confundidas\u2014 ser\u00e1 el que elija al pr\u00f3ximo presidente. Y por eso, <strong>no tiene sentido que los costarricenses sigamos peleando entre nosotros<\/strong>.<\/p>\n\n\n\n<p>Las discusiones en redes no convencen a nadie: solo desgastan, alejan y hieren.<\/p>\n\n\n\n<p>Si queremos un cambio, si queremos convencer, <strong>es con serenidad y respeto como podremos hacerlo<\/strong>. Los insultos y la agresi\u00f3n no suman votos; los alejan.<\/p>\n\n\n\n<p>Tu comentario calmado, tu reflexi\u00f3n sincera o tu manera de escribir con educaci\u00f3n, podr\u00edan ser m\u00e1s influyentes que mil gritos juntos.<\/p>\n\n\n\n<p>Tambi\u00e9n debemos notar que, muy probablemente, dentro de ese 55 % de indecisos se encuentra buena parte del abstencionismo.<\/p>\n\n\n\n<p>Si deseas convencer a alguien seg\u00fan lo que t\u00fa crees mejor, hazlo con altura.<\/p>\n\n\n\n<p>Solo as\u00ed podr\u00edas lograrlo. Comparte en tus redes mensajes y art\u00edculos que llamen a la paz, la armon\u00eda y el respeto.<\/p>\n\n\n\n<p>Esta encuesta, m\u00e1s que un retrato pol\u00edtico, es una se\u00f1al de oportunidad.<\/p>\n\n\n\n<p><strong>El movimiento \u201cApacigua tu ser interior, para que Costa Rica pueda respirar en paz\u201d tiene sentido y prop\u00f3sito.<\/strong> Porque si cada uno de nosotros baja el volumen del enojo y sube el tono de la conciencia, podr\u00edamos estar ayudando, sin darnos cuenta, a construir el pa\u00eds que todos decimos amar.<\/p>\n","protected":false},"excerpt":{"rendered":"<p>La \u00faltima encuesta del CIEP-UCR confirma algo que ven\u00edamos intuyendo: el resultado de las elecciones del 2026 no lo definir\u00e1n [&hellip;]<\/p>\n","protected":false},"author":1,"featured_media":884,"comment_status":"open","ping_status":"open","sticky":false,"template":"","format":"standard","meta":{"site-sidebar-layout":"default","site-content-layout":"","ast-site-content-layout":"","site-content-style":"default","site-sidebar-style":"default","ast-global-header-display":"","ast-banner-title-visibility":"","ast-main-header-display":"","ast-hfb-above-header-display":"","ast-hfb-below-header-display":"","ast-hfb-mobile-header-display":"","site-post-title":"","ast-breadcrumbs-content":"","ast-featured-img":"","footer-sml-layout":"","theme-transparent-header-meta":"","adv-header-id-meta":"","stick-header-meta":"","header-above-stick-meta":"","header-main-stick-meta":"","header-below-stick-meta":"","astra-migrate-meta-layouts":"default","ast-page-background-enabled":"default","ast-page-background-meta":{"desktop":{"background-color":"var(--ast-global-color-5)","background-image":"","background-repeat":"repeat","background-position":"center center","background-size":"auto","background-attachment":"scroll","background-type":"","background-media":"","overlay-type":"","overlay-color":"","overlay-opacity":"","overlay-gradient":""},"tablet":{"background-color":"","background-image":"","background-repeat":"repeat","background-position":"center center","background-size":"auto","background-attachment":"scroll","background-type":"","background-media":"","overlay-type":"","overlay-color":"","overlay-opacity":"","overlay-gradient":""},"mobile":{"background-color":"","background-image":"","background-repeat":"repeat","background-position":"center center","background-size":"auto","background-attachment":"scroll","background-type":"","background-media":"","overlay-type":"","overlay-color":"","overlay-opacity":"","overlay-gradient":""}},"ast-content-background-meta":{"desktop":{"background-color":"var(--ast-global-color-4)","background-image":"","background-repeat":"repeat","background-position":"center center","background-size":"auto","background-attachment":"scroll","background-type":"","background-media":"","overlay-type":"","overlay-color":"","overlay-opacity":"","overlay-gradient":""},"tablet":{"background-color":"var(--ast-global-color-4)","background-image":"","background-repeat":"repeat","background-position":"center center","background-size":"auto","background-attachment":"scroll","background-type":"","background-media":"","overlay-type":"","overlay-color":"","overlay-opacity":"","overlay-gradient":""},"mobile":{"background-color":"var(--ast-global-color-4)","background-image":"","background-repeat":"repeat","background-position":"center center","background-size":"auto","background-attachment":"scroll","background-type":"","background-media":"","overlay-type":"","overlay-color":"","overlay-opacity":"","overlay-gradient":""}},"footnotes":""},"categories":[17],"tags":[],"class_list":["post-883","post","type-post","status-publish","format-standard","has-post-thumbnail","hentry","category-elecciones-2026"],"yoast_head":"<!-- This site is optimized with the Yoast SEO plugin v26.0 - https:\/\/yoast.com\/wordpress\/plugins\/seo\/ -->\n<title>El equilibrio invisible - MI BLOG<\/title>\n<meta name=\"robots\" content=\"index, follow, max-snippet:-1, max-image-preview:large, max-video-preview:-1\" \/>\n<link rel=\"canonical\" href=\"https:\/\/viniciojarquin.com\/blog\/el-equilibrio-invisible\/\" \/>\n<meta property=\"og:locale\" content=\"es_ES\" \/>\n<meta property=\"og:type\" content=\"article\" \/>\n<meta property=\"og:title\" content=\"El equilibrio invisible - MI BLOG\" \/>\n<meta property=\"og:description\" content=\"La \u00faltima encuesta del CIEP-UCR confirma algo que ven\u00edamos intuyendo: el resultado de las elecciones del 2026 no lo definir\u00e1n [&hellip;]\" \/>\n<meta property=\"og:url\" content=\"https:\/\/viniciojarquin.com\/blog\/el-equilibrio-invisible\/\" \/>\n<meta property=\"og:site_name\" content=\"MI BLOG\" \/>\n<meta property=\"article:publisher\" content=\"https:\/\/www.facebook.com\/vinicio.jarquin\" \/>\n<meta property=\"article:author\" content=\"https:\/\/www.facebook.com\/vinicio.jarquin\" \/>\n<meta property=\"article:published_time\" content=\"2025-10-24T02:24:29+00:00\" \/>\n<meta property=\"article:modified_time\" content=\"2025-10-24T02:24:32+00:00\" \/>\n<meta property=\"og:image\" content=\"https:\/\/viniciojarquin.com\/blog\/wp-content\/uploads\/2025\/10\/571158617_10166972677179554_8648986208788762585_n.jpg\" \/>\n\t<meta property=\"og:image:width\" content=\"1170\" \/>\n\t<meta property=\"og:image:height\" content=\"1553\" \/>\n\t<meta property=\"og:image:type\" content=\"image\/jpeg\" \/>\n<meta name=\"author\" content=\"Vinicio Jarqu\u00edn\" \/>\n<meta name=\"twitter:card\" content=\"summary_large_image\" \/>\n<meta name=\"twitter:label1\" content=\"Escrito por\" \/>\n\t<meta name=\"twitter:data1\" content=\"Vinicio Jarqu\u00edn\" \/>\n\t<meta name=\"twitter:label2\" content=\"Tiempo de lectura\" \/>\n\t<meta name=\"twitter:data2\" content=\"2 minutos\" \/>\n<script type=\"application\/ld+json\" class=\"yoast-schema-graph\">{\"@context\":\"https:\/\/schema.org\",\"@graph\":[{\"@type\":\"Article\",\"@id\":\"https:\/\/viniciojarquin.com\/blog\/el-equilibrio-invisible\/#article\",\"isPartOf\":{\"@id\":\"https:\/\/viniciojarquin.com\/blog\/el-equilibrio-invisible\/\"},\"author\":{\"name\":\"Vinicio Jarqu\u00edn\",\"@id\":\"https:\/\/viniciojarquin.com\/blog\/#\/schema\/person\/90100c8845ae55462ec0657d3d2f8d3b\"},\"headline\":\"El equilibrio invisible\",\"datePublished\":\"2025-10-24T02:24:29+00:00\",\"dateModified\":\"2025-10-24T02:24:32+00:00\",\"mainEntityOfPage\":{\"@id\":\"https:\/\/viniciojarquin.com\/blog\/el-equilibrio-invisible\/\"},\"wordCount\":341,\"commentCount\":0,\"publisher\":{\"@id\":\"https:\/\/viniciojarquin.com\/blog\/#\/schema\/person\/90100c8845ae55462ec0657d3d2f8d3b\"},\"image\":{\"@id\":\"https:\/\/viniciojarquin.com\/blog\/el-equilibrio-invisible\/#primaryimage\"},\"thumbnailUrl\":\"https:\/\/viniciojarquin.com\/blog\/wp-content\/uploads\/2025\/10\/571158617_10166972677179554_8648986208788762585_n.jpg\",\"articleSection\":[\"Elecciones 2026\"],\"inLanguage\":\"es\",\"potentialAction\":[{\"@type\":\"CommentAction\",\"name\":\"Comment\",\"target\":[\"https:\/\/viniciojarquin.com\/blog\/el-equilibrio-invisible\/#respond\"]}]},{\"@type\":\"WebPage\",\"@id\":\"https:\/\/viniciojarquin.com\/blog\/el-equilibrio-invisible\/\",\"url\":\"https:\/\/viniciojarquin.com\/blog\/el-equilibrio-invisible\/\",\"name\":\"El equilibrio invisible - MI BLOG\",\"isPartOf\":{\"@id\":\"https:\/\/viniciojarquin.com\/blog\/#website\"},\"primaryImageOfPage\":{\"@id\":\"https:\/\/viniciojarquin.com\/blog\/el-equilibrio-invisible\/#primaryimage\"},\"image\":{\"@id\":\"https:\/\/viniciojarquin.com\/blog\/el-equilibrio-invisible\/#primaryimage\"},\"thumbnailUrl\":\"https:\/\/viniciojarquin.com\/blog\/wp-content\/uploads\/2025\/10\/571158617_10166972677179554_8648986208788762585_n.jpg\",\"datePublished\":\"2025-10-24T02:24:29+00:00\",\"dateModified\":\"2025-10-24T02:24:32+00:00\",\"breadcrumb\":{\"@id\":\"https:\/\/viniciojarquin.com\/blog\/el-equilibrio-invisible\/#breadcrumb\"},\"inLanguage\":\"es\",\"potentialAction\":[{\"@type\":\"ReadAction\",\"target\":[\"https:\/\/viniciojarquin.com\/blog\/el-equilibrio-invisible\/\"]}]},{\"@type\":\"ImageObject\",\"inLanguage\":\"es\",\"@id\":\"https:\/\/viniciojarquin.com\/blog\/el-equilibrio-invisible\/#primaryimage\",\"url\":\"https:\/\/viniciojarquin.com\/blog\/wp-content\/uploads\/2025\/10\/571158617_10166972677179554_8648986208788762585_n.jpg\",\"contentUrl\":\"https:\/\/viniciojarquin.com\/blog\/wp-content\/uploads\/2025\/10\/571158617_10166972677179554_8648986208788762585_n.jpg\",\"width\":1170,\"height\":1553},{\"@type\":\"BreadcrumbList\",\"@id\":\"https:\/\/viniciojarquin.com\/blog\/el-equilibrio-invisible\/#breadcrumb\",\"itemListElement\":[{\"@type\":\"ListItem\",\"position\":1,\"name\":\"Portada\",\"item\":\"https:\/\/viniciojarquin.com\/blog\/\"},{\"@type\":\"ListItem\",\"position\":2,\"name\":\"El equilibrio invisible\"}]},{\"@type\":\"WebSite\",\"@id\":\"https:\/\/viniciojarquin.com\/blog\/#website\",\"url\":\"https:\/\/viniciojarquin.com\/blog\/\",\"name\":\"Vinicio Jarqu\u00edn BLOG\",\"description\":\"\",\"publisher\":{\"@id\":\"https:\/\/viniciojarquin.com\/blog\/#\/schema\/person\/90100c8845ae55462ec0657d3d2f8d3b\"},\"potentialAction\":[{\"@type\":\"SearchAction\",\"target\":{\"@type\":\"EntryPoint\",\"urlTemplate\":\"https:\/\/viniciojarquin.com\/blog\/?s={search_term_string}\"},\"query-input\":{\"@type\":\"PropertyValueSpecification\",\"valueRequired\":true,\"valueName\":\"search_term_string\"}}],\"inLanguage\":\"es\"},{\"@type\":[\"Person\",\"Organization\"],\"@id\":\"https:\/\/viniciojarquin.com\/blog\/#\/schema\/person\/90100c8845ae55462ec0657d3d2f8d3b\",\"name\":\"Vinicio Jarqu\u00edn\",\"image\":{\"@type\":\"ImageObject\",\"inLanguage\":\"es\",\"@id\":\"https:\/\/viniciojarquin.com\/blog\/#\/schema\/person\/image\/\",\"url\":\"https:\/\/viniciojarquin.com\/blog\/wp-content\/uploads\/2024\/10\/Logo-VinicioJarquin-original-400.png\",\"contentUrl\":\"https:\/\/viniciojarquin.com\/blog\/wp-content\/uploads\/2024\/10\/Logo-VinicioJarquin-original-400.png\",\"width\":400,\"height\":130,\"caption\":\"Vinicio Jarqu\u00edn\"},\"logo\":{\"@id\":\"https:\/\/viniciojarquin.com\/blog\/#\/schema\/person\/image\/\"},\"description\":\"Empresario textil, artista pl\u00e1stico, escritor, coach de vida y fot\u00f3grafo.\",\"sameAs\":[\"https:\/\/viniciojarquin.com\/blog\",\"https:\/\/www.facebook.com\/vinicio.jarquin\",\"https:\/\/www.instagram.com\/vinicio_jarquin\/\",\"https:\/\/www.pinterest.com\/vinnyjc\/\",\"https:\/\/www.youtube.com\/@VinicioJarquin\"],\"url\":\"https:\/\/viniciojarquin.com\/blog\/author\/admin_s02au25i\/\"}]}<\/script>\n<!-- \/ Yoast SEO plugin. -->","yoast_head_json":{"title":"El equilibrio invisible - MI BLOG","robots":{"index":"index","follow":"follow","max-snippet":"max-snippet:-1","max-image-preview":"max-image-preview:large","max-video-preview":"max-video-preview:-1"},"canonical":"https:\/\/viniciojarquin.com\/blog\/el-equilibrio-invisible\/","og_locale":"es_ES","og_type":"article","og_title":"El equilibrio invisible - MI BLOG","og_description":"La \u00faltima encuesta del CIEP-UCR confirma algo que ven\u00edamos intuyendo: el resultado de las elecciones del 2026 no lo definir\u00e1n [&hellip;]","og_url":"https:\/\/viniciojarquin.com\/blog\/el-equilibrio-invisible\/","og_site_name":"MI BLOG","article_publisher":"https:\/\/www.facebook.com\/vinicio.jarquin","article_author":"https:\/\/www.facebook.com\/vinicio.jarquin","article_published_time":"2025-10-24T02:24:29+00:00","article_modified_time":"2025-10-24T02:24:32+00:00","og_image":[{"width":1170,"height":1553,"url":"https:\/\/viniciojarquin.com\/blog\/wp-content\/uploads\/2025\/10\/571158617_10166972677179554_8648986208788762585_n.jpg","type":"image\/jpeg"}],"author":"Vinicio Jarqu\u00edn","twitter_card":"summary_large_image","twitter_misc":{"Escrito por":"Vinicio Jarqu\u00edn","Tiempo de lectura":"2 minutos"},"schema":{"@context":"https:\/\/schema.org","@graph":[{"@type":"Article","@id":"https:\/\/viniciojarquin.com\/blog\/el-equilibrio-invisible\/#article","isPartOf":{"@id":"https:\/\/viniciojarquin.com\/blog\/el-equilibrio-invisible\/"},"author":{"name":"Vinicio Jarqu\u00edn","@id":"https:\/\/viniciojarquin.com\/blog\/#\/schema\/person\/90100c8845ae55462ec0657d3d2f8d3b"},"headline":"El equilibrio invisible","datePublished":"2025-10-24T02:24:29+00:00","dateModified":"2025-10-24T02:24:32+00:00","mainEntityOfPage":{"@id":"https:\/\/viniciojarquin.com\/blog\/el-equilibrio-invisible\/"},"wordCount":341,"commentCount":0,"publisher":{"@id":"https:\/\/viniciojarquin.com\/blog\/#\/schema\/person\/90100c8845ae55462ec0657d3d2f8d3b"},"image":{"@id":"https:\/\/viniciojarquin.com\/blog\/el-equilibrio-invisible\/#primaryimage"},"thumbnailUrl":"https:\/\/viniciojarquin.com\/blog\/wp-content\/uploads\/2025\/10\/571158617_10166972677179554_8648986208788762585_n.jpg","articleSection":["Elecciones 2026"],"inLanguage":"es","potentialAction":[{"@type":"CommentAction","name":"Comment","target":["https:\/\/viniciojarquin.com\/blog\/el-equilibrio-invisible\/#respond"]}]},{"@type":"WebPage","@id":"https:\/\/viniciojarquin.com\/blog\/el-equilibrio-invisible\/","url":"https:\/\/viniciojarquin.com\/blog\/el-equilibrio-invisible\/","name":"El equilibrio invisible - MI BLOG","isPartOf":{"@id":"https:\/\/viniciojarquin.com\/blog\/#website"},"primaryImageOfPage":{"@id":"https:\/\/viniciojarquin.com\/blog\/el-equilibrio-invisible\/#primaryimage"},"image":{"@id":"https:\/\/viniciojarquin.com\/blog\/el-equilibrio-invisible\/#primaryimage"},"thumbnailUrl":"https:\/\/viniciojarquin.com\/blog\/wp-content\/uploads\/2025\/10\/571158617_10166972677179554_8648986208788762585_n.jpg","datePublished":"2025-10-24T02:24:29+00:00","dateModified":"2025-10-24T02:24:32+00:00","breadcrumb":{"@id":"https:\/\/viniciojarquin.com\/blog\/el-equilibrio-invisible\/#breadcrumb"},"inLanguage":"es","potentialAction":[{"@type":"ReadAction","target":["https:\/\/viniciojarquin.com\/blog\/el-equilibrio-invisible\/"]}]},{"@type":"ImageObject","inLanguage":"es","@id":"https:\/\/viniciojarquin.com\/blog\/el-equilibrio-invisible\/#primaryimage","url":"https:\/\/viniciojarquin.com\/blog\/wp-content\/uploads\/2025\/10\/571158617_10166972677179554_8648986208788762585_n.jpg","contentUrl":"https:\/\/viniciojarquin.com\/blog\/wp-content\/uploads\/2025\/10\/571158617_10166972677179554_8648986208788762585_n.jpg","width":1170,"height":1553},{"@type":"BreadcrumbList","@id":"https:\/\/viniciojarquin.com\/blog\/el-equilibrio-invisible\/#breadcrumb","itemListElement":[{"@type":"ListItem","position":1,"name":"Portada","item":"https:\/\/viniciojarquin.com\/blog\/"},{"@type":"ListItem","position":2,"name":"El equilibrio invisible"}]},{"@type":"WebSite","@id":"https:\/\/viniciojarquin.com\/blog\/#website","url":"https:\/\/viniciojarquin.com\/blog\/","name":"Vinicio Jarqu\u00edn BLOG","description":"","publisher":{"@id":"https:\/\/viniciojarquin.com\/blog\/#\/schema\/person\/90100c8845ae55462ec0657d3d2f8d3b"},"potentialAction":[{"@type":"SearchAction","target":{"@type":"EntryPoint","urlTemplate":"https:\/\/viniciojarquin.com\/blog\/?s={search_term_string}"},"query-input":{"@type":"PropertyValueSpecification","valueRequired":true,"valueName":"search_term_string"}}],"inLanguage":"es"},{"@type":["Person","Organization"],"@id":"https:\/\/viniciojarquin.com\/blog\/#\/schema\/person\/90100c8845ae55462ec0657d3d2f8d3b","name":"Vinicio Jarqu\u00edn","image":{"@type":"ImageObject","inLanguage":"es","@id":"https:\/\/viniciojarquin.com\/blog\/#\/schema\/person\/image\/","url":"https:\/\/viniciojarquin.com\/blog\/wp-content\/uploads\/2024\/10\/Logo-VinicioJarquin-original-400.png","contentUrl":"https:\/\/viniciojarquin.com\/blog\/wp-content\/uploads\/2024\/10\/Logo-VinicioJarquin-original-400.png","width":400,"height":130,"caption":"Vinicio Jarqu\u00edn"},"logo":{"@id":"https:\/\/viniciojarquin.com\/blog\/#\/schema\/person\/image\/"},"description":"Empresario textil, artista pl\u00e1stico, escritor, coach de vida y fot\u00f3grafo.","sameAs":["https:\/\/viniciojarquin.com\/blog","https:\/\/www.facebook.com\/vinicio.jarquin","https:\/\/www.instagram.com\/vinicio_jarquin\/","https:\/\/www.pinterest.com\/vinnyjc\/","https:\/\/www.youtube.com\/@VinicioJarquin"],"url":"https:\/\/viniciojarquin.com\/blog\/author\/admin_s02au25i\/"}]}},"blog_post_layout_featured_media_urls":{"thumbnail":["https:\/\/viniciojarquin.com\/blog\/wp-content\/uploads\/2025\/10\/571158617_10166972677179554_8648986208788762585_n-150x150.jpg",150,150,true],"full":["https:\/\/viniciojarquin.com\/blog\/wp-content\/uploads\/2025\/10\/571158617_10166972677179554_8648986208788762585_n.jpg",1170,1553,false]},"categories_names":{"17":{"name":"Elecciones 2026","link":"https:\/\/viniciojarquin.com\/blog\/category\/elecciones-2026\/"}},"tags_names":[],"comments_number":"0","_links":{"self":[{"href":"https:\/\/viniciojarquin.com\/blog\/wp-json\/wp\/v2\/posts\/883","targetHints":{"allow":["GET"]}}],"collection":[{"href":"https:\/\/viniciojarquin.com\/blog\/wp-json\/wp\/v2\/posts"}],"about":[{"href":"https:\/\/viniciojarquin.com\/blog\/wp-json\/wp\/v2\/types\/post"}],"author":[{"embeddable":true,"href":"https:\/\/viniciojarquin.com\/blog\/wp-json\/wp\/v2\/users\/1"}],"replies":[{"embeddable":true,"href":"https:\/\/viniciojarquin.com\/blog\/wp-json\/wp\/v2\/comments?post=883"}],"version-history":[{"count":1,"href":"https:\/\/viniciojarquin.com\/blog\/wp-json\/wp\/v2\/posts\/883\/revisions"}],"predecessor-version":[{"id":885,"href":"https:\/\/viniciojarquin.com\/blog\/wp-json\/wp\/v2\/posts\/883\/revisions\/885"}],"wp:featuredmedia":[{"embeddable":true,"href":"https:\/\/viniciojarquin.com\/blog\/wp-json\/wp\/v2\/media\/884"}],"wp:attachment":[{"href":"https:\/\/viniciojarquin.com\/blog\/wp-json\/wp\/v2\/media?parent=883"}],"wp:term":[{"taxonomy":"category","embeddable":true,"href":"https:\/\/viniciojarquin.com\/blog\/wp-json\/wp\/v2\/categories?post=883"},{"taxonomy":"post_tag","embeddable":true,"href":"https:\/\/viniciojarquin.com\/blog\/wp-json\/wp\/v2\/tags?post=883"}],"curies":[{"name":"wp","href":"https:\/\/api.w.org\/{rel}","templated":true}]}}