{"id":912,"date":"2025-10-24T18:51:28","date_gmt":"2025-10-24T18:51:28","guid":{"rendered":"https:\/\/viniciojarquin.com\/blog\/?p=912"},"modified":"2025-10-28T03:27:14","modified_gmt":"2025-10-28T03:27:14","slug":"el-peso-de-los-indecisos","status":"publish","type":"post","link":"https:\/\/viniciojarquin.com\/blog\/el-peso-de-los-indecisos\/","title":{"rendered":"El peso de los indecisos"},"content":{"rendered":"\n<figure class=\"wp-block-image size-full\"><img decoding=\"async\" width=\"800\" height=\"800\" data-src=\"https:\/\/viniciojarquin.com\/blog\/wp-content\/uploads\/2025\/10\/el-peso-de-los-indecisos.png\" alt=\"\" class=\"wp-image-1005 lazyload\" data-srcset=\"https:\/\/viniciojarquin.com\/blog\/wp-content\/uploads\/2025\/10\/el-peso-de-los-indecisos.png 800w, https:\/\/viniciojarquin.com\/blog\/wp-content\/uploads\/2025\/10\/el-peso-de-los-indecisos-300x300.png 300w, https:\/\/viniciojarquin.com\/blog\/wp-content\/uploads\/2025\/10\/el-peso-de-los-indecisos-150x150.png 150w, https:\/\/viniciojarquin.com\/blog\/wp-content\/uploads\/2025\/10\/el-peso-de-los-indecisos-768x768.png 768w\" data-sizes=\"(max-width: 800px) 100vw, 800px\" src=\"data:image\/svg+xml;base64,PHN2ZyB3aWR0aD0iMSIgaGVpZ2h0PSIxIiB4bWxucz0iaHR0cDovL3d3dy53My5vcmcvMjAwMC9zdmciPjwvc3ZnPg==\" style=\"--smush-placeholder-width: 800px; --smush-placeholder-aspect-ratio: 800\/800;\" \/><\/figure>\n\n\n\n<p>Recientemente, la encuesta del Centro de Investigaci\u00f3n y Estudios Pol\u00edticos de la Universidad de Costa Rica reflej\u00f3 un dato que no podemos pasar por alto: un alt\u00edsimo porcentaje de personas asegura que s\u00ed ir\u00e1 a votar, pero todav\u00eda no sabe por qui\u00e9n. Ese grupo \u2014los indecisos\u2014 es, en este momento, el verdadero protagonista de la campa\u00f1a.<\/p>\n\n\n\n<p>Si estas personas tuvieran clara su intenci\u00f3n de apoyar el continuismo, muy probablemente lo habr\u00edan manifestado ya a favor de <strong>do\u00f1a Laura Fern\u00e1ndez<\/strong>, quien aparece con una ventaja significativa en la encuesta. Pero el hecho de que no lo hayan hecho podr\u00eda interpretarse de otra manera: que su inclinaci\u00f3n, consciente o no, es <strong>no seguir con el actual rumbo<\/strong>, aunque todav\u00eda no sepan a qui\u00e9n darle su voto.<\/p>\n\n\n\n<p>Desde esa lectura, el pa\u00eds parece debatirse entre dos pulsos emocionales: continuar con lo conocido, representado por do\u00f1a Laura y el peso pol\u00edtico del presidente Rodrigo Chaves, o buscar una alternativa entre la amplia lista de opciones que est\u00e1n al otro lado del espectro electoral.<\/p>\n\n\n\n<p>Y entonces, si la encuesta es correcta, y mi an\u00e1lisis es medianamente correcto, quiere decir que en este momento do\u00f1a Laura Fern\u00e1ndez tendr\u00eda una intenci\u00f3n de voto de aproximadamente un <strong>25% del electorado<\/strong>, y el restante <strong>75%<\/strong> estar\u00eda dividido entre todos los dem\u00e1s candidatos.<\/p>\n\n\n\n<p>Eso, como ya lo dije, si el proceso llegara a una segunda ronda, podr\u00eda cambiar completamente el panorama. Pero tambi\u00e9n es importante decirlo con humildad: puedo estar perfectamente equivocado.<\/p>\n\n\n\n<p>Si do\u00f1a Laura Fern\u00e1ndez logra en la primera ronda alcanzar el porcentaje suficiente para ganar la presidencia, el debate se habr\u00e1 cerrado: la mayor\u00eda decidi\u00f3 seguir con el continuismo, y esa es la expresi\u00f3n leg\u00edtima de la voluntad popular.<\/p>\n\n\n\n<p>Pero si no lo logra, el panorama cambia por completo. En una segunda ronda, el terreno ser\u00eda m\u00e1s complicado. Es probable que muchos de los indecisos \u2014que hoy representan una cifra alt\u00edsima\u2014 terminen escogiendo entre los otros candidatos. Y eso har\u00eda la contienda mucho m\u00e1s re\u00f1ida.<\/p>\n\n\n\n<p>Y si la cosa es as\u00ed, entonces creo que <strong>quienes est\u00e1n a favor del continuismo<\/strong> tendr\u00e1n que trabajar muy duro para atraer votantes y lograr que do\u00f1a Laura Fern\u00e1ndez gane en la primera ronda, donde le resultar\u00e1 m\u00e1s f\u00e1cil que en una segunda, porque ese 75% estar\u00eda repartido entre todos los dem\u00e1s candidatos y ella ya tendr\u00eda su 25% asegurado, supuestamente.<br>Mientras tanto, <strong>quienes no est\u00e1n a favor del continuismo<\/strong> \u2014o simplemente desean un cambio\u2014 deber\u00edan considerar apoyar al candidato no oficialista que tenga m\u00e1s posibilidades de dar una buena lucha, de manera que se pueda llegar a una segunda ronda.<\/p>\n\n\n\n<p>Pero bueno, ya veremos qu\u00e9 sucede. Lo cierto es que esta elecci\u00f3n se perfila como una de las m\u00e1s interesantes en a\u00f1os, con varios candidatos que, al menos en sus planes de gobierno, parecen realmente tener la intenci\u00f3n de hacer algo bueno por el pa\u00eds.<\/p>\n","protected":false},"excerpt":{"rendered":"<p>Recientemente, la encuesta del Centro de Investigaci\u00f3n y Estudios Pol\u00edticos de la Universidad de Costa Rica reflej\u00f3 un dato que [&hellip;]<\/p>\n","protected":false},"author":1,"featured_media":1005,"comment_status":"open","ping_status":"open","sticky":false,"template":"","format":"standard","meta":{"site-sidebar-layout":"default","site-content-layout":"","ast-site-content-layout":"","site-content-style":"default","site-sidebar-style":"default","ast-global-header-display":"","ast-banner-title-visibility":"","ast-main-header-display":"","ast-hfb-above-header-display":"","ast-hfb-below-header-display":"","ast-hfb-mobile-header-display":"","site-post-title":"","ast-breadcrumbs-content":"","ast-featured-img":"","footer-sml-layout":"","theme-transparent-header-meta":"","adv-header-id-meta":"","stick-header-meta":"","header-above-stick-meta":"","header-main-stick-meta":"","header-below-stick-meta":"","astra-migrate-meta-layouts":"default","ast-page-background-enabled":"default","ast-page-background-meta":{"desktop":{"background-color":"var(--ast-global-color-5)","background-image":"","background-repeat":"repeat","background-position":"center center","background-size":"auto","background-attachment":"scroll","background-type":"","background-media":"","overlay-type":"","overlay-color":"","overlay-opacity":"","overlay-gradient":""},"tablet":{"background-color":"","background-image":"","background-repeat":"repeat","background-position":"center center","background-size":"auto","background-attachment":"scroll","background-type":"","background-media":"","overlay-type":"","overlay-color":"","overlay-opacity":"","overlay-gradient":""},"mobile":{"background-color":"","background-image":"","background-repeat":"repeat","background-position":"center center","background-size":"auto","background-attachment":"scroll","background-type":"","background-media":"","overlay-type":"","overlay-color":"","overlay-opacity":"","overlay-gradient":""}},"ast-content-background-meta":{"desktop":{"background-color":"var(--ast-global-color-4)","background-image":"","background-repeat":"repeat","background-position":"center center","background-size":"auto","background-attachment":"scroll","background-type":"","background-media":"","overlay-type":"","overlay-color":"","overlay-opacity":"","overlay-gradient":""},"tablet":{"background-color":"var(--ast-global-color-4)","background-image":"","background-repeat":"repeat","background-position":"center center","background-size":"auto","background-attachment":"scroll","background-type":"","background-media":"","overlay-type":"","overlay-color":"","overlay-opacity":"","overlay-gradient":""},"mobile":{"background-color":"var(--ast-global-color-4)","background-image":"","background-repeat":"repeat","background-position":"center center","background-size":"auto","background-attachment":"scroll","background-type":"","background-media":"","overlay-type":"","overlay-color":"","overlay-opacity":"","overlay-gradient":""}},"footnotes":""},"categories":[17],"tags":[],"class_list":["post-912","post","type-post","status-publish","format-standard","has-post-thumbnail","hentry","category-elecciones-2026"],"yoast_head":"<!-- This site is optimized with the Yoast SEO plugin v26.0 - https:\/\/yoast.com\/wordpress\/plugins\/seo\/ -->\n<title>El peso de los indecisos - MI BLOG<\/title>\n<meta name=\"robots\" content=\"index, follow, max-snippet:-1, max-image-preview:large, max-video-preview:-1\" \/>\n<link rel=\"canonical\" href=\"https:\/\/viniciojarquin.com\/blog\/el-peso-de-los-indecisos\/\" \/>\n<meta property=\"og:locale\" content=\"es_ES\" \/>\n<meta property=\"og:type\" content=\"article\" \/>\n<meta property=\"og:title\" content=\"El peso de los indecisos - MI BLOG\" \/>\n<meta property=\"og:description\" content=\"Recientemente, la encuesta del Centro de Investigaci\u00f3n y Estudios Pol\u00edticos de la Universidad de Costa Rica reflej\u00f3 un dato que [&hellip;]\" \/>\n<meta property=\"og:url\" content=\"https:\/\/viniciojarquin.com\/blog\/el-peso-de-los-indecisos\/\" \/>\n<meta property=\"og:site_name\" content=\"MI BLOG\" \/>\n<meta property=\"article:publisher\" content=\"https:\/\/www.facebook.com\/vinicio.jarquin\" \/>\n<meta property=\"article:author\" content=\"https:\/\/www.facebook.com\/vinicio.jarquin\" \/>\n<meta property=\"article:published_time\" content=\"2025-10-24T18:51:28+00:00\" \/>\n<meta property=\"article:modified_time\" content=\"2025-10-28T03:27:14+00:00\" \/>\n<meta property=\"og:image\" content=\"https:\/\/viniciojarquin.com\/blog\/wp-content\/uploads\/2025\/10\/el-peso-de-los-indecisos.png\" \/>\n\t<meta property=\"og:image:width\" content=\"800\" \/>\n\t<meta property=\"og:image:height\" content=\"800\" \/>\n\t<meta property=\"og:image:type\" content=\"image\/png\" \/>\n<meta name=\"author\" content=\"Vinicio Jarqu\u00edn\" \/>\n<meta name=\"twitter:card\" content=\"summary_large_image\" \/>\n<meta name=\"twitter:label1\" content=\"Escrito por\" \/>\n\t<meta name=\"twitter:data1\" content=\"Vinicio Jarqu\u00edn\" \/>\n\t<meta name=\"twitter:label2\" content=\"Tiempo de lectura\" \/>\n\t<meta name=\"twitter:data2\" content=\"3 minutos\" \/>\n<script type=\"application\/ld+json\" class=\"yoast-schema-graph\">{\"@context\":\"https:\/\/schema.org\",\"@graph\":[{\"@type\":\"Article\",\"@id\":\"https:\/\/viniciojarquin.com\/blog\/el-peso-de-los-indecisos\/#article\",\"isPartOf\":{\"@id\":\"https:\/\/viniciojarquin.com\/blog\/el-peso-de-los-indecisos\/\"},\"author\":{\"name\":\"Vinicio Jarqu\u00edn\",\"@id\":\"https:\/\/viniciojarquin.com\/blog\/#\/schema\/person\/90100c8845ae55462ec0657d3d2f8d3b\"},\"headline\":\"El peso de los indecisos\",\"datePublished\":\"2025-10-24T18:51:28+00:00\",\"dateModified\":\"2025-10-28T03:27:14+00:00\",\"mainEntityOfPage\":{\"@id\":\"https:\/\/viniciojarquin.com\/blog\/el-peso-de-los-indecisos\/\"},\"wordCount\":529,\"commentCount\":0,\"publisher\":{\"@id\":\"https:\/\/viniciojarquin.com\/blog\/#\/schema\/person\/90100c8845ae55462ec0657d3d2f8d3b\"},\"image\":{\"@id\":\"https:\/\/viniciojarquin.com\/blog\/el-peso-de-los-indecisos\/#primaryimage\"},\"thumbnailUrl\":\"https:\/\/viniciojarquin.com\/blog\/wp-content\/uploads\/2025\/10\/el-peso-de-los-indecisos.png\",\"articleSection\":[\"Elecciones 2026\"],\"inLanguage\":\"es\",\"potentialAction\":[{\"@type\":\"CommentAction\",\"name\":\"Comment\",\"target\":[\"https:\/\/viniciojarquin.com\/blog\/el-peso-de-los-indecisos\/#respond\"]}]},{\"@type\":\"WebPage\",\"@id\":\"https:\/\/viniciojarquin.com\/blog\/el-peso-de-los-indecisos\/\",\"url\":\"https:\/\/viniciojarquin.com\/blog\/el-peso-de-los-indecisos\/\",\"name\":\"El peso de los indecisos - MI BLOG\",\"isPartOf\":{\"@id\":\"https:\/\/viniciojarquin.com\/blog\/#website\"},\"primaryImageOfPage\":{\"@id\":\"https:\/\/viniciojarquin.com\/blog\/el-peso-de-los-indecisos\/#primaryimage\"},\"image\":{\"@id\":\"https:\/\/viniciojarquin.com\/blog\/el-peso-de-los-indecisos\/#primaryimage\"},\"thumbnailUrl\":\"https:\/\/viniciojarquin.com\/blog\/wp-content\/uploads\/2025\/10\/el-peso-de-los-indecisos.png\",\"datePublished\":\"2025-10-24T18:51:28+00:00\",\"dateModified\":\"2025-10-28T03:27:14+00:00\",\"breadcrumb\":{\"@id\":\"https:\/\/viniciojarquin.com\/blog\/el-peso-de-los-indecisos\/#breadcrumb\"},\"inLanguage\":\"es\",\"potentialAction\":[{\"@type\":\"ReadAction\",\"target\":[\"https:\/\/viniciojarquin.com\/blog\/el-peso-de-los-indecisos\/\"]}]},{\"@type\":\"ImageObject\",\"inLanguage\":\"es\",\"@id\":\"https:\/\/viniciojarquin.com\/blog\/el-peso-de-los-indecisos\/#primaryimage\",\"url\":\"https:\/\/viniciojarquin.com\/blog\/wp-content\/uploads\/2025\/10\/el-peso-de-los-indecisos.png\",\"contentUrl\":\"https:\/\/viniciojarquin.com\/blog\/wp-content\/uploads\/2025\/10\/el-peso-de-los-indecisos.png\",\"width\":800,\"height\":800},{\"@type\":\"BreadcrumbList\",\"@id\":\"https:\/\/viniciojarquin.com\/blog\/el-peso-de-los-indecisos\/#breadcrumb\",\"itemListElement\":[{\"@type\":\"ListItem\",\"position\":1,\"name\":\"Portada\",\"item\":\"https:\/\/viniciojarquin.com\/blog\/\"},{\"@type\":\"ListItem\",\"position\":2,\"name\":\"El peso de los indecisos\"}]},{\"@type\":\"WebSite\",\"@id\":\"https:\/\/viniciojarquin.com\/blog\/#website\",\"url\":\"https:\/\/viniciojarquin.com\/blog\/\",\"name\":\"Vinicio Jarqu\u00edn BLOG\",\"description\":\"\",\"publisher\":{\"@id\":\"https:\/\/viniciojarquin.com\/blog\/#\/schema\/person\/90100c8845ae55462ec0657d3d2f8d3b\"},\"potentialAction\":[{\"@type\":\"SearchAction\",\"target\":{\"@type\":\"EntryPoint\",\"urlTemplate\":\"https:\/\/viniciojarquin.com\/blog\/?s={search_term_string}\"},\"query-input\":{\"@type\":\"PropertyValueSpecification\",\"valueRequired\":true,\"valueName\":\"search_term_string\"}}],\"inLanguage\":\"es\"},{\"@type\":[\"Person\",\"Organization\"],\"@id\":\"https:\/\/viniciojarquin.com\/blog\/#\/schema\/person\/90100c8845ae55462ec0657d3d2f8d3b\",\"name\":\"Vinicio Jarqu\u00edn\",\"image\":{\"@type\":\"ImageObject\",\"inLanguage\":\"es\",\"@id\":\"https:\/\/viniciojarquin.com\/blog\/#\/schema\/person\/image\/\",\"url\":\"https:\/\/viniciojarquin.com\/blog\/wp-content\/uploads\/2024\/10\/Logo-VinicioJarquin-original-400.png\",\"contentUrl\":\"https:\/\/viniciojarquin.com\/blog\/wp-content\/uploads\/2024\/10\/Logo-VinicioJarquin-original-400.png\",\"width\":400,\"height\":130,\"caption\":\"Vinicio Jarqu\u00edn\"},\"logo\":{\"@id\":\"https:\/\/viniciojarquin.com\/blog\/#\/schema\/person\/image\/\"},\"description\":\"Empresario textil, artista pl\u00e1stico, escritor, coach de vida y fot\u00f3grafo.\",\"sameAs\":[\"https:\/\/viniciojarquin.com\/blog\",\"https:\/\/www.facebook.com\/vinicio.jarquin\",\"https:\/\/www.instagram.com\/vinicio_jarquin\/\",\"https:\/\/www.pinterest.com\/vinnyjc\/\",\"https:\/\/www.youtube.com\/@VinicioJarquin\"],\"url\":\"https:\/\/viniciojarquin.com\/blog\/author\/admin_s02au25i\/\"}]}<\/script>\n<!-- \/ Yoast SEO plugin. -->","yoast_head_json":{"title":"El peso de los indecisos - MI BLOG","robots":{"index":"index","follow":"follow","max-snippet":"max-snippet:-1","max-image-preview":"max-image-preview:large","max-video-preview":"max-video-preview:-1"},"canonical":"https:\/\/viniciojarquin.com\/blog\/el-peso-de-los-indecisos\/","og_locale":"es_ES","og_type":"article","og_title":"El peso de los indecisos - MI BLOG","og_description":"Recientemente, la encuesta del Centro de Investigaci\u00f3n y Estudios Pol\u00edticos de la Universidad de Costa Rica reflej\u00f3 un dato que [&hellip;]","og_url":"https:\/\/viniciojarquin.com\/blog\/el-peso-de-los-indecisos\/","og_site_name":"MI BLOG","article_publisher":"https:\/\/www.facebook.com\/vinicio.jarquin","article_author":"https:\/\/www.facebook.com\/vinicio.jarquin","article_published_time":"2025-10-24T18:51:28+00:00","article_modified_time":"2025-10-28T03:27:14+00:00","og_image":[{"width":800,"height":800,"url":"https:\/\/viniciojarquin.com\/blog\/wp-content\/uploads\/2025\/10\/el-peso-de-los-indecisos.png","type":"image\/png"}],"author":"Vinicio Jarqu\u00edn","twitter_card":"summary_large_image","twitter_misc":{"Escrito por":"Vinicio Jarqu\u00edn","Tiempo de lectura":"3 minutos"},"schema":{"@context":"https:\/\/schema.org","@graph":[{"@type":"Article","@id":"https:\/\/viniciojarquin.com\/blog\/el-peso-de-los-indecisos\/#article","isPartOf":{"@id":"https:\/\/viniciojarquin.com\/blog\/el-peso-de-los-indecisos\/"},"author":{"name":"Vinicio Jarqu\u00edn","@id":"https:\/\/viniciojarquin.com\/blog\/#\/schema\/person\/90100c8845ae55462ec0657d3d2f8d3b"},"headline":"El peso de los indecisos","datePublished":"2025-10-24T18:51:28+00:00","dateModified":"2025-10-28T03:27:14+00:00","mainEntityOfPage":{"@id":"https:\/\/viniciojarquin.com\/blog\/el-peso-de-los-indecisos\/"},"wordCount":529,"commentCount":0,"publisher":{"@id":"https:\/\/viniciojarquin.com\/blog\/#\/schema\/person\/90100c8845ae55462ec0657d3d2f8d3b"},"image":{"@id":"https:\/\/viniciojarquin.com\/blog\/el-peso-de-los-indecisos\/#primaryimage"},"thumbnailUrl":"https:\/\/viniciojarquin.com\/blog\/wp-content\/uploads\/2025\/10\/el-peso-de-los-indecisos.png","articleSection":["Elecciones 2026"],"inLanguage":"es","potentialAction":[{"@type":"CommentAction","name":"Comment","target":["https:\/\/viniciojarquin.com\/blog\/el-peso-de-los-indecisos\/#respond"]}]},{"@type":"WebPage","@id":"https:\/\/viniciojarquin.com\/blog\/el-peso-de-los-indecisos\/","url":"https:\/\/viniciojarquin.com\/blog\/el-peso-de-los-indecisos\/","name":"El peso de los indecisos - MI BLOG","isPartOf":{"@id":"https:\/\/viniciojarquin.com\/blog\/#website"},"primaryImageOfPage":{"@id":"https:\/\/viniciojarquin.com\/blog\/el-peso-de-los-indecisos\/#primaryimage"},"image":{"@id":"https:\/\/viniciojarquin.com\/blog\/el-peso-de-los-indecisos\/#primaryimage"},"thumbnailUrl":"https:\/\/viniciojarquin.com\/blog\/wp-content\/uploads\/2025\/10\/el-peso-de-los-indecisos.png","datePublished":"2025-10-24T18:51:28+00:00","dateModified":"2025-10-28T03:27:14+00:00","breadcrumb":{"@id":"https:\/\/viniciojarquin.com\/blog\/el-peso-de-los-indecisos\/#breadcrumb"},"inLanguage":"es","potentialAction":[{"@type":"ReadAction","target":["https:\/\/viniciojarquin.com\/blog\/el-peso-de-los-indecisos\/"]}]},{"@type":"ImageObject","inLanguage":"es","@id":"https:\/\/viniciojarquin.com\/blog\/el-peso-de-los-indecisos\/#primaryimage","url":"https:\/\/viniciojarquin.com\/blog\/wp-content\/uploads\/2025\/10\/el-peso-de-los-indecisos.png","contentUrl":"https:\/\/viniciojarquin.com\/blog\/wp-content\/uploads\/2025\/10\/el-peso-de-los-indecisos.png","width":800,"height":800},{"@type":"BreadcrumbList","@id":"https:\/\/viniciojarquin.com\/blog\/el-peso-de-los-indecisos\/#breadcrumb","itemListElement":[{"@type":"ListItem","position":1,"name":"Portada","item":"https:\/\/viniciojarquin.com\/blog\/"},{"@type":"ListItem","position":2,"name":"El peso de los indecisos"}]},{"@type":"WebSite","@id":"https:\/\/viniciojarquin.com\/blog\/#website","url":"https:\/\/viniciojarquin.com\/blog\/","name":"Vinicio Jarqu\u00edn BLOG","description":"","publisher":{"@id":"https:\/\/viniciojarquin.com\/blog\/#\/schema\/person\/90100c8845ae55462ec0657d3d2f8d3b"},"potentialAction":[{"@type":"SearchAction","target":{"@type":"EntryPoint","urlTemplate":"https:\/\/viniciojarquin.com\/blog\/?s={search_term_string}"},"query-input":{"@type":"PropertyValueSpecification","valueRequired":true,"valueName":"search_term_string"}}],"inLanguage":"es"},{"@type":["Person","Organization"],"@id":"https:\/\/viniciojarquin.com\/blog\/#\/schema\/person\/90100c8845ae55462ec0657d3d2f8d3b","name":"Vinicio Jarqu\u00edn","image":{"@type":"ImageObject","inLanguage":"es","@id":"https:\/\/viniciojarquin.com\/blog\/#\/schema\/person\/image\/","url":"https:\/\/viniciojarquin.com\/blog\/wp-content\/uploads\/2024\/10\/Logo-VinicioJarquin-original-400.png","contentUrl":"https:\/\/viniciojarquin.com\/blog\/wp-content\/uploads\/2024\/10\/Logo-VinicioJarquin-original-400.png","width":400,"height":130,"caption":"Vinicio Jarqu\u00edn"},"logo":{"@id":"https:\/\/viniciojarquin.com\/blog\/#\/schema\/person\/image\/"},"description":"Empresario textil, artista pl\u00e1stico, escritor, coach de vida y fot\u00f3grafo.","sameAs":["https:\/\/viniciojarquin.com\/blog","https:\/\/www.facebook.com\/vinicio.jarquin","https:\/\/www.instagram.com\/vinicio_jarquin\/","https:\/\/www.pinterest.com\/vinnyjc\/","https:\/\/www.youtube.com\/@VinicioJarquin"],"url":"https:\/\/viniciojarquin.com\/blog\/author\/admin_s02au25i\/"}]}},"blog_post_layout_featured_media_urls":{"thumbnail":["https:\/\/viniciojarquin.com\/blog\/wp-content\/uploads\/2025\/10\/el-peso-de-los-indecisos-150x150.png",150,150,true],"full":["https:\/\/viniciojarquin.com\/blog\/wp-content\/uploads\/2025\/10\/el-peso-de-los-indecisos.png",800,800,false]},"categories_names":{"17":{"name":"Elecciones 2026","link":"https:\/\/viniciojarquin.com\/blog\/category\/elecciones-2026\/"}},"tags_names":[],"comments_number":"0","_links":{"self":[{"href":"https:\/\/viniciojarquin.com\/blog\/wp-json\/wp\/v2\/posts\/912","targetHints":{"allow":["GET"]}}],"collection":[{"href":"https:\/\/viniciojarquin.com\/blog\/wp-json\/wp\/v2\/posts"}],"about":[{"href":"https:\/\/viniciojarquin.com\/blog\/wp-json\/wp\/v2\/types\/post"}],"author":[{"embeddable":true,"href":"https:\/\/viniciojarquin.com\/blog\/wp-json\/wp\/v2\/users\/1"}],"replies":[{"embeddable":true,"href":"https:\/\/viniciojarquin.com\/blog\/wp-json\/wp\/v2\/comments?post=912"}],"version-history":[{"count":2,"href":"https:\/\/viniciojarquin.com\/blog\/wp-json\/wp\/v2\/posts\/912\/revisions"}],"predecessor-version":[{"id":1007,"href":"https:\/\/viniciojarquin.com\/blog\/wp-json\/wp\/v2\/posts\/912\/revisions\/1007"}],"wp:featuredmedia":[{"embeddable":true,"href":"https:\/\/viniciojarquin.com\/blog\/wp-json\/wp\/v2\/media\/1005"}],"wp:attachment":[{"href":"https:\/\/viniciojarquin.com\/blog\/wp-json\/wp\/v2\/media?parent=912"}],"wp:term":[{"taxonomy":"category","embeddable":true,"href":"https:\/\/viniciojarquin.com\/blog\/wp-json\/wp\/v2\/categories?post=912"},{"taxonomy":"post_tag","embeddable":true,"href":"https:\/\/viniciojarquin.com\/blog\/wp-json\/wp\/v2\/tags?post=912"}],"curies":[{"name":"wp","href":"https:\/\/api.w.org\/{rel}","templated":true}]}}