{"id":914,"date":"2025-10-24T18:53:25","date_gmt":"2025-10-24T18:53:25","guid":{"rendered":"https:\/\/viniciojarquin.com\/blog\/?p=914"},"modified":"2025-10-26T04:01:47","modified_gmt":"2025-10-26T04:01:47","slug":"mientras-ellos-ponen-las-armas-nosotros-ponemos-los-muertos","status":"publish","type":"post","link":"https:\/\/viniciojarquin.com\/blog\/mientras-ellos-ponen-las-armas-nosotros-ponemos-los-muertos\/","title":{"rendered":"Mientras ellos ponen las armas, nosotros ponemos los muertos"},"content":{"rendered":"\n<figure class=\"wp-block-image size-full\"><img decoding=\"async\" width=\"800\" height=\"800\" data-src=\"https:\/\/viniciojarquin.com\/blog\/wp-content\/uploads\/2025\/10\/Nosotros-poneoms-los-muertos.png\" alt=\"\" class=\"wp-image-996 lazyload\" data-srcset=\"https:\/\/viniciojarquin.com\/blog\/wp-content\/uploads\/2025\/10\/Nosotros-poneoms-los-muertos.png 800w, https:\/\/viniciojarquin.com\/blog\/wp-content\/uploads\/2025\/10\/Nosotros-poneoms-los-muertos-300x300.png 300w, https:\/\/viniciojarquin.com\/blog\/wp-content\/uploads\/2025\/10\/Nosotros-poneoms-los-muertos-150x150.png 150w, https:\/\/viniciojarquin.com\/blog\/wp-content\/uploads\/2025\/10\/Nosotros-poneoms-los-muertos-768x768.png 768w\" data-sizes=\"(max-width: 800px) 100vw, 800px\" src=\"data:image\/svg+xml;base64,PHN2ZyB3aWR0aD0iMSIgaGVpZ2h0PSIxIiB4bWxucz0iaHR0cDovL3d3dy53My5vcmcvMjAwMC9zdmciPjwvc3ZnPg==\" style=\"--smush-placeholder-width: 800px; --smush-placeholder-aspect-ratio: 800\/800;\" \/><\/figure>\n\n\n\n<p>Mientras ellos est\u00e1n dispuestos a poner, entre comillas, las armas, nosotros ponemos los muertos.<\/p>\n\n\n\n<p>Esa frase me golpe\u00f3 como un estallido en la madrugada: breve, cruda, dif\u00edcil de olvidar. No la tomo como eslogan; la tomo como una fotograf\u00eda en blanco y negro de las consecuencias que nunca aparecen en los titulares cuando el ruido y la furia se convierten en pol\u00edtica cotidiana.<\/p>\n\n\n\n<p>No hablo de conspiraciones ni apunto dedos a nombres. Hablo de un mecanismo humano y viejo como la historia: cuando la ret\u00f3rica se transforma en licencia, cuando la palabra es usada para encender y no para explicar, hay quienes terminan pagando con su vida. Cuando el poder legitima el desprecio, cuando se normaliza la agresi\u00f3n verbal contra instituciones y personas, el tejido social se tensa hasta romperse. Y cuando se rompe, aparecen los muertos.<\/p>\n\n\n\n<p>Hay varias maneras en que esa tragedia se instala. Una es la desidia: permitir que la seguridad se deteriore, que las redes de crimen se fortalezcan, que los recursos fluyan hacia la apariencia y no hacia la prevenci\u00f3n. Otra, igual de letal, es la banalizaci\u00f3n del odio: repetir consignas que deshumanizan al \u201cotro\u201d, convertir al vecino en sospechoso por su forma de pensar o por su origen. Y una tercera \u2014no menos peligrosa\u2014 es el vaciado de confianza en los guardianes de la ley: sembrar dudas sistem\u00e1ticamente sobre el trabajo de tribunales, polic\u00edas y organismos de control hasta que la gente deja de creer en la justicia y busca sus propias soluciones.<\/p>\n\n\n\n<p>No es necesario que nada de esto se diga en voz alta para que ocurra. Basta con el gesto, la mirada que desestima, la frase que excusa una pr\u00e1ctica irregular. El resultado es el mismo: una sociedad m\u00e1s d\u00e9bil, m\u00e1s asustada, m\u00e1s propensa a la revancha. Y en esa ecuaci\u00f3n, los muertos no son n\u00fameros fr\u00edos; son madres sin abrazo, hijos sin padre, comunidades que pierden la confianza en s\u00ed mismas.<\/p>\n\n\n\n<p>Si queremos evitar que la frase se convierta en profec\u00eda, hay que actuar en tres frentes.<\/p>\n\n\n\n<p>Primero: restaurar la institucionalidad real. No en ret\u00f3rica, sino en presupuesto, gente preparada y transparencia. Las instituciones no son sagradas por decreto; lo son por su capacidad de resolver y proteger. Si las debilitamos con acusaciones sin pruebas o las usamos como chivos expiatorios, estamos dejando el pa\u00eds a la intemperie.<\/p>\n\n\n\n<p>Segundo: bajar el volumen. El ruido nos anestesia. Cuando todo se expresa como guerra, ni se escucha ni se piensa. Recuperar el di\u00e1logo \u2014ese que no busca aniquilar al contrario sino entenderlo y, cuando hace falta, convencerlo con razones\u2014 es una urgencia c\u00edvica. La pol\u00edtica necesita menos gritos y m\u00e1s argumentos; requiere menos aplausos en masa y m\u00e1s respuestas verificables.<\/p>\n\n\n\n<p>Tercero: priorizar la vida por encima del eslogan. Toda propuesta de seguridad, de reforma o de cambio debe medir su impacto en la vida cotidiana: \u00bfesto salva a alguien? \u00bfesto protege a un barrio? \u00bfesto previene que otro joven caiga en la delincuencia? Si la respuesta no pasa por la persona concreta y su bienestar, la medida merece revisarse.<\/p>\n\n\n\n<p>No pretendo la ingenuidad de creer que la palabra sola basta para todo. Hay problemas estructurales \u2014econom\u00eda, educaci\u00f3n, desigualdad\u2014 que requieren pol\u00edticas complejas y compromisos largos. Pero la palabra forma el terreno donde esas pol\u00edticas se plantan. Si ese terreno es hostil, cualquier semilla tendr\u00e1 menos posibilidades de crecer.<\/p>\n\n\n\n<p>Por eso insisto en la responsabilidad personal y colectiva: votar, informarse, exigir cuentas, participar en lo local, apoyar a las v\u00edctimas, promover programas de prevenci\u00f3n y reinserci\u00f3n. Nada de eso es espectacular; todo eso salva vidas. Y cuando la pol\u00edtica deje de ser un ring de pelea y vuelva a ser, de nuevo, un taller donde se construyen soluciones, habremos dado el paso m\u00e1s decisivo.<\/p>\n\n\n\n<p>Termino con una petici\u00f3n sencilla: si alguna vez te enciende el impulso de aplaudir a alguien solo por la forma en que grita, detente un segundo. Preg\u00fantate qu\u00e9 hay detr\u00e1s del grito. \u00bfHay planes, capacidades, equipos? \u00bfO solo un ruido que te consuela moment\u00e1neamente? Porque mientras nosotros aplaudimos \u2014o guardamos silencio\u2014, hay familias que esperan que la pol\u00edtica recuerde su nombre antes que su eslogan.<\/p>\n\n\n\n<p>No pongamos m\u00e1s muertos en el camino. Hagamos que la pol\u00edtica vuelva a ser el arte de preservar la vida.<\/p>\n","protected":false},"excerpt":{"rendered":"<p>Mientras ellos est\u00e1n dispuestos a poner, entre comillas, las armas, nosotros ponemos los muertos. Esa frase me golpe\u00f3 como un [&hellip;]<\/p>\n","protected":false},"author":1,"featured_media":996,"comment_status":"open","ping_status":"open","sticky":false,"template":"","format":"standard","meta":{"site-sidebar-layout":"default","site-content-layout":"","ast-site-content-layout":"","site-content-style":"default","site-sidebar-style":"default","ast-global-header-display":"","ast-banner-title-visibility":"","ast-main-header-display":"","ast-hfb-above-header-display":"","ast-hfb-below-header-display":"","ast-hfb-mobile-header-display":"","site-post-title":"","ast-breadcrumbs-content":"","ast-featured-img":"","footer-sml-layout":"","theme-transparent-header-meta":"","adv-header-id-meta":"","stick-header-meta":"","header-above-stick-meta":"","header-main-stick-meta":"","header-below-stick-meta":"","astra-migrate-meta-layouts":"default","ast-page-background-enabled":"default","ast-page-background-meta":{"desktop":{"background-color":"var(--ast-global-color-5)","background-image":"","background-repeat":"repeat","background-position":"center center","background-size":"auto","background-attachment":"scroll","background-type":"","background-media":"","overlay-type":"","overlay-color":"","overlay-opacity":"","overlay-gradient":""},"tablet":{"background-color":"","background-image":"","background-repeat":"repeat","background-position":"center center","background-size":"auto","background-attachment":"scroll","background-type":"","background-media":"","overlay-type":"","overlay-color":"","overlay-opacity":"","overlay-gradient":""},"mobile":{"background-color":"","background-image":"","background-repeat":"repeat","background-position":"center center","background-size":"auto","background-attachment":"scroll","background-type":"","background-media":"","overlay-type":"","overlay-color":"","overlay-opacity":"","overlay-gradient":""}},"ast-content-background-meta":{"desktop":{"background-color":"var(--ast-global-color-4)","background-image":"","background-repeat":"repeat","background-position":"center center","background-size":"auto","background-attachment":"scroll","background-type":"","background-media":"","overlay-type":"","overlay-color":"","overlay-opacity":"","overlay-gradient":""},"tablet":{"background-color":"var(--ast-global-color-4)","background-image":"","background-repeat":"repeat","background-position":"center center","background-size":"auto","background-attachment":"scroll","background-type":"","background-media":"","overlay-type":"","overlay-color":"","overlay-opacity":"","overlay-gradient":""},"mobile":{"background-color":"var(--ast-global-color-4)","background-image":"","background-repeat":"repeat","background-position":"center center","background-size":"auto","background-attachment":"scroll","background-type":"","background-media":"","overlay-type":"","overlay-color":"","overlay-opacity":"","overlay-gradient":""}},"footnotes":""},"categories":[17],"tags":[],"class_list":["post-914","post","type-post","status-publish","format-standard","has-post-thumbnail","hentry","category-elecciones-2026"],"yoast_head":"<!-- This site is optimized with the Yoast SEO plugin v26.0 - https:\/\/yoast.com\/wordpress\/plugins\/seo\/ -->\n<title>Mientras ellos ponen las armas, nosotros ponemos los muertos - MI BLOG<\/title>\n<meta name=\"robots\" content=\"index, follow, max-snippet:-1, max-image-preview:large, max-video-preview:-1\" \/>\n<link rel=\"canonical\" href=\"https:\/\/viniciojarquin.com\/blog\/mientras-ellos-ponen-las-armas-nosotros-ponemos-los-muertos\/\" \/>\n<meta property=\"og:locale\" content=\"es_ES\" \/>\n<meta property=\"og:type\" content=\"article\" \/>\n<meta property=\"og:title\" content=\"Mientras ellos ponen las armas, nosotros ponemos los muertos - MI BLOG\" \/>\n<meta property=\"og:description\" content=\"Mientras ellos est\u00e1n dispuestos a poner, entre comillas, las armas, nosotros ponemos los muertos. Esa frase me golpe\u00f3 como un [&hellip;]\" \/>\n<meta property=\"og:url\" content=\"https:\/\/viniciojarquin.com\/blog\/mientras-ellos-ponen-las-armas-nosotros-ponemos-los-muertos\/\" \/>\n<meta property=\"og:site_name\" content=\"MI BLOG\" \/>\n<meta property=\"article:publisher\" content=\"https:\/\/www.facebook.com\/vinicio.jarquin\" \/>\n<meta property=\"article:author\" content=\"https:\/\/www.facebook.com\/vinicio.jarquin\" \/>\n<meta property=\"article:published_time\" content=\"2025-10-24T18:53:25+00:00\" \/>\n<meta property=\"article:modified_time\" content=\"2025-10-26T04:01:47+00:00\" \/>\n<meta property=\"og:image\" content=\"https:\/\/viniciojarquin.com\/blog\/wp-content\/uploads\/2025\/10\/Nosotros-poneoms-los-muertos.png\" \/>\n\t<meta property=\"og:image:width\" content=\"800\" \/>\n\t<meta property=\"og:image:height\" content=\"800\" \/>\n\t<meta property=\"og:image:type\" content=\"image\/png\" \/>\n<meta name=\"author\" content=\"Vinicio Jarqu\u00edn\" \/>\n<meta name=\"twitter:card\" content=\"summary_large_image\" \/>\n<meta name=\"twitter:label1\" content=\"Escrito por\" \/>\n\t<meta name=\"twitter:data1\" content=\"Vinicio Jarqu\u00edn\" \/>\n\t<meta name=\"twitter:label2\" content=\"Tiempo de lectura\" \/>\n\t<meta name=\"twitter:data2\" content=\"4 minutos\" \/>\n<script type=\"application\/ld+json\" class=\"yoast-schema-graph\">{\"@context\":\"https:\/\/schema.org\",\"@graph\":[{\"@type\":\"Article\",\"@id\":\"https:\/\/viniciojarquin.com\/blog\/mientras-ellos-ponen-las-armas-nosotros-ponemos-los-muertos\/#article\",\"isPartOf\":{\"@id\":\"https:\/\/viniciojarquin.com\/blog\/mientras-ellos-ponen-las-armas-nosotros-ponemos-los-muertos\/\"},\"author\":{\"name\":\"Vinicio Jarqu\u00edn\",\"@id\":\"https:\/\/viniciojarquin.com\/blog\/#\/schema\/person\/90100c8845ae55462ec0657d3d2f8d3b\"},\"headline\":\"Mientras ellos ponen las armas, nosotros ponemos los muertos\",\"datePublished\":\"2025-10-24T18:53:25+00:00\",\"dateModified\":\"2025-10-26T04:01:47+00:00\",\"mainEntityOfPage\":{\"@id\":\"https:\/\/viniciojarquin.com\/blog\/mientras-ellos-ponen-las-armas-nosotros-ponemos-los-muertos\/\"},\"wordCount\":756,\"commentCount\":0,\"publisher\":{\"@id\":\"https:\/\/viniciojarquin.com\/blog\/#\/schema\/person\/90100c8845ae55462ec0657d3d2f8d3b\"},\"image\":{\"@id\":\"https:\/\/viniciojarquin.com\/blog\/mientras-ellos-ponen-las-armas-nosotros-ponemos-los-muertos\/#primaryimage\"},\"thumbnailUrl\":\"https:\/\/viniciojarquin.com\/blog\/wp-content\/uploads\/2025\/10\/Nosotros-poneoms-los-muertos.png\",\"articleSection\":[\"Elecciones 2026\"],\"inLanguage\":\"es\",\"potentialAction\":[{\"@type\":\"CommentAction\",\"name\":\"Comment\",\"target\":[\"https:\/\/viniciojarquin.com\/blog\/mientras-ellos-ponen-las-armas-nosotros-ponemos-los-muertos\/#respond\"]}]},{\"@type\":\"WebPage\",\"@id\":\"https:\/\/viniciojarquin.com\/blog\/mientras-ellos-ponen-las-armas-nosotros-ponemos-los-muertos\/\",\"url\":\"https:\/\/viniciojarquin.com\/blog\/mientras-ellos-ponen-las-armas-nosotros-ponemos-los-muertos\/\",\"name\":\"Mientras ellos ponen las armas, nosotros ponemos los muertos - MI BLOG\",\"isPartOf\":{\"@id\":\"https:\/\/viniciojarquin.com\/blog\/#website\"},\"primaryImageOfPage\":{\"@id\":\"https:\/\/viniciojarquin.com\/blog\/mientras-ellos-ponen-las-armas-nosotros-ponemos-los-muertos\/#primaryimage\"},\"image\":{\"@id\":\"https:\/\/viniciojarquin.com\/blog\/mientras-ellos-ponen-las-armas-nosotros-ponemos-los-muertos\/#primaryimage\"},\"thumbnailUrl\":\"https:\/\/viniciojarquin.com\/blog\/wp-content\/uploads\/2025\/10\/Nosotros-poneoms-los-muertos.png\",\"datePublished\":\"2025-10-24T18:53:25+00:00\",\"dateModified\":\"2025-10-26T04:01:47+00:00\",\"breadcrumb\":{\"@id\":\"https:\/\/viniciojarquin.com\/blog\/mientras-ellos-ponen-las-armas-nosotros-ponemos-los-muertos\/#breadcrumb\"},\"inLanguage\":\"es\",\"potentialAction\":[{\"@type\":\"ReadAction\",\"target\":[\"https:\/\/viniciojarquin.com\/blog\/mientras-ellos-ponen-las-armas-nosotros-ponemos-los-muertos\/\"]}]},{\"@type\":\"ImageObject\",\"inLanguage\":\"es\",\"@id\":\"https:\/\/viniciojarquin.com\/blog\/mientras-ellos-ponen-las-armas-nosotros-ponemos-los-muertos\/#primaryimage\",\"url\":\"https:\/\/viniciojarquin.com\/blog\/wp-content\/uploads\/2025\/10\/Nosotros-poneoms-los-muertos.png\",\"contentUrl\":\"https:\/\/viniciojarquin.com\/blog\/wp-content\/uploads\/2025\/10\/Nosotros-poneoms-los-muertos.png\",\"width\":800,\"height\":800},{\"@type\":\"BreadcrumbList\",\"@id\":\"https:\/\/viniciojarquin.com\/blog\/mientras-ellos-ponen-las-armas-nosotros-ponemos-los-muertos\/#breadcrumb\",\"itemListElement\":[{\"@type\":\"ListItem\",\"position\":1,\"name\":\"Portada\",\"item\":\"https:\/\/viniciojarquin.com\/blog\/\"},{\"@type\":\"ListItem\",\"position\":2,\"name\":\"Mientras ellos ponen las armas, nosotros ponemos los muertos\"}]},{\"@type\":\"WebSite\",\"@id\":\"https:\/\/viniciojarquin.com\/blog\/#website\",\"url\":\"https:\/\/viniciojarquin.com\/blog\/\",\"name\":\"Vinicio Jarqu\u00edn BLOG\",\"description\":\"\",\"publisher\":{\"@id\":\"https:\/\/viniciojarquin.com\/blog\/#\/schema\/person\/90100c8845ae55462ec0657d3d2f8d3b\"},\"potentialAction\":[{\"@type\":\"SearchAction\",\"target\":{\"@type\":\"EntryPoint\",\"urlTemplate\":\"https:\/\/viniciojarquin.com\/blog\/?s={search_term_string}\"},\"query-input\":{\"@type\":\"PropertyValueSpecification\",\"valueRequired\":true,\"valueName\":\"search_term_string\"}}],\"inLanguage\":\"es\"},{\"@type\":[\"Person\",\"Organization\"],\"@id\":\"https:\/\/viniciojarquin.com\/blog\/#\/schema\/person\/90100c8845ae55462ec0657d3d2f8d3b\",\"name\":\"Vinicio Jarqu\u00edn\",\"image\":{\"@type\":\"ImageObject\",\"inLanguage\":\"es\",\"@id\":\"https:\/\/viniciojarquin.com\/blog\/#\/schema\/person\/image\/\",\"url\":\"https:\/\/viniciojarquin.com\/blog\/wp-content\/uploads\/2024\/10\/Logo-VinicioJarquin-original-400.png\",\"contentUrl\":\"https:\/\/viniciojarquin.com\/blog\/wp-content\/uploads\/2024\/10\/Logo-VinicioJarquin-original-400.png\",\"width\":400,\"height\":130,\"caption\":\"Vinicio Jarqu\u00edn\"},\"logo\":{\"@id\":\"https:\/\/viniciojarquin.com\/blog\/#\/schema\/person\/image\/\"},\"description\":\"Empresario textil, artista pl\u00e1stico, escritor, coach de vida y fot\u00f3grafo.\",\"sameAs\":[\"https:\/\/viniciojarquin.com\/blog\",\"https:\/\/www.facebook.com\/vinicio.jarquin\",\"https:\/\/www.instagram.com\/vinicio_jarquin\/\",\"https:\/\/www.pinterest.com\/vinnyjc\/\",\"https:\/\/www.youtube.com\/@VinicioJarquin\"],\"url\":\"https:\/\/viniciojarquin.com\/blog\/author\/admin_s02au25i\/\"}]}<\/script>\n<!-- \/ Yoast SEO plugin. -->","yoast_head_json":{"title":"Mientras ellos ponen las armas, nosotros ponemos los muertos - MI BLOG","robots":{"index":"index","follow":"follow","max-snippet":"max-snippet:-1","max-image-preview":"max-image-preview:large","max-video-preview":"max-video-preview:-1"},"canonical":"https:\/\/viniciojarquin.com\/blog\/mientras-ellos-ponen-las-armas-nosotros-ponemos-los-muertos\/","og_locale":"es_ES","og_type":"article","og_title":"Mientras ellos ponen las armas, nosotros ponemos los muertos - MI BLOG","og_description":"Mientras ellos est\u00e1n dispuestos a poner, entre comillas, las armas, nosotros ponemos los muertos. Esa frase me golpe\u00f3 como un [&hellip;]","og_url":"https:\/\/viniciojarquin.com\/blog\/mientras-ellos-ponen-las-armas-nosotros-ponemos-los-muertos\/","og_site_name":"MI BLOG","article_publisher":"https:\/\/www.facebook.com\/vinicio.jarquin","article_author":"https:\/\/www.facebook.com\/vinicio.jarquin","article_published_time":"2025-10-24T18:53:25+00:00","article_modified_time":"2025-10-26T04:01:47+00:00","og_image":[{"width":800,"height":800,"url":"https:\/\/viniciojarquin.com\/blog\/wp-content\/uploads\/2025\/10\/Nosotros-poneoms-los-muertos.png","type":"image\/png"}],"author":"Vinicio Jarqu\u00edn","twitter_card":"summary_large_image","twitter_misc":{"Escrito por":"Vinicio Jarqu\u00edn","Tiempo de lectura":"4 minutos"},"schema":{"@context":"https:\/\/schema.org","@graph":[{"@type":"Article","@id":"https:\/\/viniciojarquin.com\/blog\/mientras-ellos-ponen-las-armas-nosotros-ponemos-los-muertos\/#article","isPartOf":{"@id":"https:\/\/viniciojarquin.com\/blog\/mientras-ellos-ponen-las-armas-nosotros-ponemos-los-muertos\/"},"author":{"name":"Vinicio Jarqu\u00edn","@id":"https:\/\/viniciojarquin.com\/blog\/#\/schema\/person\/90100c8845ae55462ec0657d3d2f8d3b"},"headline":"Mientras ellos ponen las armas, nosotros ponemos los muertos","datePublished":"2025-10-24T18:53:25+00:00","dateModified":"2025-10-26T04:01:47+00:00","mainEntityOfPage":{"@id":"https:\/\/viniciojarquin.com\/blog\/mientras-ellos-ponen-las-armas-nosotros-ponemos-los-muertos\/"},"wordCount":756,"commentCount":0,"publisher":{"@id":"https:\/\/viniciojarquin.com\/blog\/#\/schema\/person\/90100c8845ae55462ec0657d3d2f8d3b"},"image":{"@id":"https:\/\/viniciojarquin.com\/blog\/mientras-ellos-ponen-las-armas-nosotros-ponemos-los-muertos\/#primaryimage"},"thumbnailUrl":"https:\/\/viniciojarquin.com\/blog\/wp-content\/uploads\/2025\/10\/Nosotros-poneoms-los-muertos.png","articleSection":["Elecciones 2026"],"inLanguage":"es","potentialAction":[{"@type":"CommentAction","name":"Comment","target":["https:\/\/viniciojarquin.com\/blog\/mientras-ellos-ponen-las-armas-nosotros-ponemos-los-muertos\/#respond"]}]},{"@type":"WebPage","@id":"https:\/\/viniciojarquin.com\/blog\/mientras-ellos-ponen-las-armas-nosotros-ponemos-los-muertos\/","url":"https:\/\/viniciojarquin.com\/blog\/mientras-ellos-ponen-las-armas-nosotros-ponemos-los-muertos\/","name":"Mientras ellos ponen las armas, nosotros ponemos los muertos - MI BLOG","isPartOf":{"@id":"https:\/\/viniciojarquin.com\/blog\/#website"},"primaryImageOfPage":{"@id":"https:\/\/viniciojarquin.com\/blog\/mientras-ellos-ponen-las-armas-nosotros-ponemos-los-muertos\/#primaryimage"},"image":{"@id":"https:\/\/viniciojarquin.com\/blog\/mientras-ellos-ponen-las-armas-nosotros-ponemos-los-muertos\/#primaryimage"},"thumbnailUrl":"https:\/\/viniciojarquin.com\/blog\/wp-content\/uploads\/2025\/10\/Nosotros-poneoms-los-muertos.png","datePublished":"2025-10-24T18:53:25+00:00","dateModified":"2025-10-26T04:01:47+00:00","breadcrumb":{"@id":"https:\/\/viniciojarquin.com\/blog\/mientras-ellos-ponen-las-armas-nosotros-ponemos-los-muertos\/#breadcrumb"},"inLanguage":"es","potentialAction":[{"@type":"ReadAction","target":["https:\/\/viniciojarquin.com\/blog\/mientras-ellos-ponen-las-armas-nosotros-ponemos-los-muertos\/"]}]},{"@type":"ImageObject","inLanguage":"es","@id":"https:\/\/viniciojarquin.com\/blog\/mientras-ellos-ponen-las-armas-nosotros-ponemos-los-muertos\/#primaryimage","url":"https:\/\/viniciojarquin.com\/blog\/wp-content\/uploads\/2025\/10\/Nosotros-poneoms-los-muertos.png","contentUrl":"https:\/\/viniciojarquin.com\/blog\/wp-content\/uploads\/2025\/10\/Nosotros-poneoms-los-muertos.png","width":800,"height":800},{"@type":"BreadcrumbList","@id":"https:\/\/viniciojarquin.com\/blog\/mientras-ellos-ponen-las-armas-nosotros-ponemos-los-muertos\/#breadcrumb","itemListElement":[{"@type":"ListItem","position":1,"name":"Portada","item":"https:\/\/viniciojarquin.com\/blog\/"},{"@type":"ListItem","position":2,"name":"Mientras ellos ponen las armas, nosotros ponemos los muertos"}]},{"@type":"WebSite","@id":"https:\/\/viniciojarquin.com\/blog\/#website","url":"https:\/\/viniciojarquin.com\/blog\/","name":"Vinicio Jarqu\u00edn BLOG","description":"","publisher":{"@id":"https:\/\/viniciojarquin.com\/blog\/#\/schema\/person\/90100c8845ae55462ec0657d3d2f8d3b"},"potentialAction":[{"@type":"SearchAction","target":{"@type":"EntryPoint","urlTemplate":"https:\/\/viniciojarquin.com\/blog\/?s={search_term_string}"},"query-input":{"@type":"PropertyValueSpecification","valueRequired":true,"valueName":"search_term_string"}}],"inLanguage":"es"},{"@type":["Person","Organization"],"@id":"https:\/\/viniciojarquin.com\/blog\/#\/schema\/person\/90100c8845ae55462ec0657d3d2f8d3b","name":"Vinicio Jarqu\u00edn","image":{"@type":"ImageObject","inLanguage":"es","@id":"https:\/\/viniciojarquin.com\/blog\/#\/schema\/person\/image\/","url":"https:\/\/viniciojarquin.com\/blog\/wp-content\/uploads\/2024\/10\/Logo-VinicioJarquin-original-400.png","contentUrl":"https:\/\/viniciojarquin.com\/blog\/wp-content\/uploads\/2024\/10\/Logo-VinicioJarquin-original-400.png","width":400,"height":130,"caption":"Vinicio Jarqu\u00edn"},"logo":{"@id":"https:\/\/viniciojarquin.com\/blog\/#\/schema\/person\/image\/"},"description":"Empresario textil, artista pl\u00e1stico, escritor, coach de vida y fot\u00f3grafo.","sameAs":["https:\/\/viniciojarquin.com\/blog","https:\/\/www.facebook.com\/vinicio.jarquin","https:\/\/www.instagram.com\/vinicio_jarquin\/","https:\/\/www.pinterest.com\/vinnyjc\/","https:\/\/www.youtube.com\/@VinicioJarquin"],"url":"https:\/\/viniciojarquin.com\/blog\/author\/admin_s02au25i\/"}]}},"blog_post_layout_featured_media_urls":{"thumbnail":["https:\/\/viniciojarquin.com\/blog\/wp-content\/uploads\/2025\/10\/Nosotros-poneoms-los-muertos-150x150.png",150,150,true],"full":["https:\/\/viniciojarquin.com\/blog\/wp-content\/uploads\/2025\/10\/Nosotros-poneoms-los-muertos.png",800,800,false]},"categories_names":{"17":{"name":"Elecciones 2026","link":"https:\/\/viniciojarquin.com\/blog\/category\/elecciones-2026\/"}},"tags_names":[],"comments_number":"0","_links":{"self":[{"href":"https:\/\/viniciojarquin.com\/blog\/wp-json\/wp\/v2\/posts\/914","targetHints":{"allow":["GET"]}}],"collection":[{"href":"https:\/\/viniciojarquin.com\/blog\/wp-json\/wp\/v2\/posts"}],"about":[{"href":"https:\/\/viniciojarquin.com\/blog\/wp-json\/wp\/v2\/types\/post"}],"author":[{"embeddable":true,"href":"https:\/\/viniciojarquin.com\/blog\/wp-json\/wp\/v2\/users\/1"}],"replies":[{"embeddable":true,"href":"https:\/\/viniciojarquin.com\/blog\/wp-json\/wp\/v2\/comments?post=914"}],"version-history":[{"count":2,"href":"https:\/\/viniciojarquin.com\/blog\/wp-json\/wp\/v2\/posts\/914\/revisions"}],"predecessor-version":[{"id":998,"href":"https:\/\/viniciojarquin.com\/blog\/wp-json\/wp\/v2\/posts\/914\/revisions\/998"}],"wp:featuredmedia":[{"embeddable":true,"href":"https:\/\/viniciojarquin.com\/blog\/wp-json\/wp\/v2\/media\/996"}],"wp:attachment":[{"href":"https:\/\/viniciojarquin.com\/blog\/wp-json\/wp\/v2\/media?parent=914"}],"wp:term":[{"taxonomy":"category","embeddable":true,"href":"https:\/\/viniciojarquin.com\/blog\/wp-json\/wp\/v2\/categories?post=914"},{"taxonomy":"post_tag","embeddable":true,"href":"https:\/\/viniciojarquin.com\/blog\/wp-json\/wp\/v2\/tags?post=914"}],"curies":[{"name":"wp","href":"https:\/\/api.w.org\/{rel}","templated":true}]}}