{"id":918,"date":"2025-10-24T18:58:18","date_gmt":"2025-10-24T18:58:18","guid":{"rendered":"https:\/\/viniciojarquin.com\/blog\/?p=918"},"modified":"2025-10-26T03:53:58","modified_gmt":"2025-10-26T03:53:58","slug":"costa-rica-entre-el-ruido-y-la-ceguera","status":"publish","type":"post","link":"https:\/\/viniciojarquin.com\/blog\/costa-rica-entre-el-ruido-y-la-ceguera\/","title":{"rendered":"Costa Rica, Entre el ruido y la ceguera"},"content":{"rendered":"\n<figure class=\"wp-block-image size-full\"><img decoding=\"async\" width=\"800\" height=\"533\" data-src=\"https:\/\/viniciojarquin.com\/blog\/wp-content\/uploads\/2025\/10\/entre-el-ruido-y-la-ceguera.png\" alt=\"\" class=\"wp-image-994 lazyload\" data-srcset=\"https:\/\/viniciojarquin.com\/blog\/wp-content\/uploads\/2025\/10\/entre-el-ruido-y-la-ceguera.png 800w, https:\/\/viniciojarquin.com\/blog\/wp-content\/uploads\/2025\/10\/entre-el-ruido-y-la-ceguera-300x200.png 300w, https:\/\/viniciojarquin.com\/blog\/wp-content\/uploads\/2025\/10\/entre-el-ruido-y-la-ceguera-768x512.png 768w\" data-sizes=\"(max-width: 800px) 100vw, 800px\" src=\"data:image\/svg+xml;base64,PHN2ZyB3aWR0aD0iMSIgaGVpZ2h0PSIxIiB4bWxucz0iaHR0cDovL3d3dy53My5vcmcvMjAwMC9zdmciPjwvc3ZnPg==\" style=\"--smush-placeholder-width: 800px; --smush-placeholder-aspect-ratio: 800\/533;\" \/><\/figure>\n\n\n\n<p>Costa Rica fue, durante d\u00e9cadas, un ejemplo de estabilidad, de civismo, de respeto. Un pa\u00eds donde la palabra \u201cpaz\u201d no era una etiqueta tur\u00edstica, sino una forma de vida. Pero hoy el espejo est\u00e1 agrietado.<\/p>\n\n\n\n<p>Seg\u00fan un reciente art\u00edculo del peri\u00f3dico <em>Le Monde<\/em>, nuestra naci\u00f3n enfrenta una crisis creciente de narcotr\u00e1fico y violencia: ya no somos solo pa\u00eds de tr\u00e1nsito, sino tambi\u00e9n de exportaci\u00f3n, con cifras alarmantes de homicidios ligados al crimen organizado.<br>\u00bfC\u00f3mo llegamos hasta aqu\u00ed? \u00bfPor descuido? \u00bfPor omisi\u00f3n? \u00bfO por esa peligrosa indiferencia que se disfraza de normalidad?<\/p>\n\n\n\n<p>No se trata de buscar culpables con nombre y apellido, sino de mirar hacia dentro y reconocer que algo profundo se rompi\u00f3 en el alma nacional.<\/p>\n\n\n\n<p>Mientras los pol\u00edticos se atacan entre s\u00ed, mientras los l\u00edderes religiosos callan o se acomodan, mientras los ciudadanos se insultan en redes como si eso fuera patriotismo, el pa\u00eds que conocimos \u2014el pa\u00eds que fue modelo de educaci\u00f3n, justicia y sensatez\u2014 se nos est\u00e1 deshaciendo entre los dedos.<\/p>\n\n\n\n<p>Y mientras tanto, muchos gritan \u2014sin leer, sin saber, sin investigar, sin entender, sin conciencia\u2014 que estamos mejor que nunca. Que hemos \u201cabierto los ojos\u201d, que \u201cvamos para adelante\u201d, que \u201cestamos creciendo\u201d. Ignorancia de ignorancias. Sumidos y cautivados por un tono y por un discurso, sin notar que bajo sus pies todo se tambalea y se pudre.<\/p>\n\n\n\n<p>No ven que dentro de unos a\u00f1os podr\u00eda no quedar nada de lo que hoy a\u00fan tenemos, o que el paisaje que conocemos se habr\u00e1 transformado en algo irreconocible. Pero s\u00ed, dicen que vamos hacia adelante, que despertamos, que ahora vemos la verdad. \u00bfAbierto los ojos a qu\u00e9? Pamplinas, fantoches.<\/p>\n\n\n\n<p>Y s\u00ed, lo s\u00e9: no me salgan con que \u201cfinalmente hemos abierto los ojos a la corrupci\u00f3n\u201d, porque no hemos abierto los ojos a nada. Tenemos cuarenta a\u00f1os de conocerla. Hoy aparece quien grita en micr\u00f3fonos y pantallas sobre la corrupci\u00f3n y todos le aplauden. No se trata de decirlo ni de aplaudirlo, ni de que vengan a repetirnos lo que ya sab\u00edamos: <strong>se trata de actuar<\/strong>, de hacer el trabajo para el que los contratamos, para el que <strong>le pagamos nosotros<\/strong>, no \u201cotros\u201d.<br>\u00bfQue \u201cqued\u00f3 evidenciada\u201d? \u00bfQu\u00e9 hemos hecho contra la corrupci\u00f3n en casi cuatro a\u00f1os? Nada. \u00bfQued\u00f3 \u201cevidenciada\u201d? No. \u00bfYa lo sab\u00edamos o viv\u00edan en un planeta paralelo? Se nos ofrece un gran discurso de 30, 40, 50, 70 a\u00f1os de corrupci\u00f3n\u2026 que no resolvi\u00f3 nada.<br>Y mientras tanto, todos aplauden a quien declara lo que ya sab\u00edamos, mientras <strong>por debajo a Costa Rica se la lleva el ca\u00f1o<\/strong>.<\/p>\n\n\n\n<p>No me veng\u00e1s con insultos ni con comentarios insolentes: us\u00e1 ese tiempo para investigar <strong>c\u00f3mo est\u00e1n<\/strong> los niveles de seguridad, el narcotr\u00e1fico, el consumo de drogas, el Ministerio de Educaci\u00f3n, la calidad educativa, la salud, la cultura. No perd\u00e1s el tiempo insultando, porque igual te voy a bloquear. Si ten\u00e9s un m\u00ednimo de curiosidad, and\u00e1 y verific\u00e1 c\u00f3mo est\u00e1 Costa Rica; entonces s\u00ed, con <strong>orgullo y responsabilidad<\/strong>, vas y marc\u00e1s una X por quien te parezca que <strong>de veras<\/strong> puede sacarnos del punto en el que estamos.<\/p>\n\n\n\n<p>No repit\u00e1s que esta es tu patria amada mientras actu\u00e1s desde el resentimiento; lo que te seduce no es la verdad, es el tono: te identific\u00e1s con el que grita como te gustar\u00eda gritar, y as\u00ed mismo ven\u00eds a comentar.<\/p>\n\n\n\n<p>Costa Rica no necesita m\u00e1s gritos, necesita conciencia. Necesita ciudadanos que cuestionen, que lean, que investiguen, que exijan <strong>sin odio<\/strong>. Porque la democracia no muere cuando gana el equivocado: muere cuando el pueblo deja de pensar, y aplaude sin entender lo que aplaude.<\/p>\n\n\n\n<p><strong>Su ignorancia los hace c\u00f3mplices. <\/strong>Porque el derecho al voto no es un juego de simpat\u00edas ni de frases f\u00e1ciles: es una <strong>responsabilidad sagrada<\/strong>. Cada voto puede ser un ladrillo en la reconstrucci\u00f3n o un golpe m\u00e1s contra los cimientos del pa\u00eds.<\/p>\n\n\n\n<p>No podemos seguirnos detr\u00e1s de aquel que grita m\u00e1s fuerte o \u201chabla como la calle\u201d como si la simpleza bastara para gobernar. Deber\u00edamos seguir a quien, con preparaci\u00f3n, serenidad y amor por esta tierra, <strong>pueda salvar la Costa Rica que tuvimos<\/strong>. Esa Costa Rica que a\u00fan late debajo del ruido, esperando que alguien la despierte con conciencia.<\/p>\n","protected":false},"excerpt":{"rendered":"<p>Costa Rica fue, durante d\u00e9cadas, un ejemplo de estabilidad, de civismo, de respeto. Un pa\u00eds donde la palabra \u201cpaz\u201d no [&hellip;]<\/p>\n","protected":false},"author":1,"featured_media":994,"comment_status":"open","ping_status":"open","sticky":false,"template":"","format":"standard","meta":{"site-sidebar-layout":"default","site-content-layout":"","ast-site-content-layout":"","site-content-style":"default","site-sidebar-style":"default","ast-global-header-display":"","ast-banner-title-visibility":"","ast-main-header-display":"","ast-hfb-above-header-display":"","ast-hfb-below-header-display":"","ast-hfb-mobile-header-display":"","site-post-title":"","ast-breadcrumbs-content":"","ast-featured-img":"","footer-sml-layout":"","theme-transparent-header-meta":"","adv-header-id-meta":"","stick-header-meta":"","header-above-stick-meta":"","header-main-stick-meta":"","header-below-stick-meta":"","astra-migrate-meta-layouts":"default","ast-page-background-enabled":"default","ast-page-background-meta":{"desktop":{"background-color":"var(--ast-global-color-5)","background-image":"","background-repeat":"repeat","background-position":"center center","background-size":"auto","background-attachment":"scroll","background-type":"","background-media":"","overlay-type":"","overlay-color":"","overlay-opacity":"","overlay-gradient":""},"tablet":{"background-color":"","background-image":"","background-repeat":"repeat","background-position":"center center","background-size":"auto","background-attachment":"scroll","background-type":"","background-media":"","overlay-type":"","overlay-color":"","overlay-opacity":"","overlay-gradient":""},"mobile":{"background-color":"","background-image":"","background-repeat":"repeat","background-position":"center center","background-size":"auto","background-attachment":"scroll","background-type":"","background-media":"","overlay-type":"","overlay-color":"","overlay-opacity":"","overlay-gradient":""}},"ast-content-background-meta":{"desktop":{"background-color":"var(--ast-global-color-4)","background-image":"","background-repeat":"repeat","background-position":"center center","background-size":"auto","background-attachment":"scroll","background-type":"","background-media":"","overlay-type":"","overlay-color":"","overlay-opacity":"","overlay-gradient":""},"tablet":{"background-color":"var(--ast-global-color-4)","background-image":"","background-repeat":"repeat","background-position":"center center","background-size":"auto","background-attachment":"scroll","background-type":"","background-media":"","overlay-type":"","overlay-color":"","overlay-opacity":"","overlay-gradient":""},"mobile":{"background-color":"var(--ast-global-color-4)","background-image":"","background-repeat":"repeat","background-position":"center center","background-size":"auto","background-attachment":"scroll","background-type":"","background-media":"","overlay-type":"","overlay-color":"","overlay-opacity":"","overlay-gradient":""}},"footnotes":""},"categories":[17],"tags":[],"class_list":["post-918","post","type-post","status-publish","format-standard","has-post-thumbnail","hentry","category-elecciones-2026"],"yoast_head":"<!-- This site is optimized with the Yoast SEO plugin v26.0 - https:\/\/yoast.com\/wordpress\/plugins\/seo\/ -->\n<title>Costa Rica, Entre el ruido y la ceguera - MI BLOG<\/title>\n<meta name=\"robots\" content=\"index, follow, max-snippet:-1, max-image-preview:large, max-video-preview:-1\" \/>\n<link rel=\"canonical\" href=\"https:\/\/viniciojarquin.com\/blog\/costa-rica-entre-el-ruido-y-la-ceguera\/\" \/>\n<meta property=\"og:locale\" content=\"es_ES\" \/>\n<meta property=\"og:type\" content=\"article\" \/>\n<meta property=\"og:title\" content=\"Costa Rica, Entre el ruido y la ceguera - MI BLOG\" \/>\n<meta property=\"og:description\" content=\"Costa Rica fue, durante d\u00e9cadas, un ejemplo de estabilidad, de civismo, de respeto. Un pa\u00eds donde la palabra \u201cpaz\u201d no [&hellip;]\" \/>\n<meta property=\"og:url\" content=\"https:\/\/viniciojarquin.com\/blog\/costa-rica-entre-el-ruido-y-la-ceguera\/\" \/>\n<meta property=\"og:site_name\" content=\"MI BLOG\" \/>\n<meta property=\"article:publisher\" content=\"https:\/\/www.facebook.com\/vinicio.jarquin\" \/>\n<meta property=\"article:author\" content=\"https:\/\/www.facebook.com\/vinicio.jarquin\" \/>\n<meta property=\"article:published_time\" content=\"2025-10-24T18:58:18+00:00\" \/>\n<meta property=\"article:modified_time\" content=\"2025-10-26T03:53:58+00:00\" \/>\n<meta property=\"og:image\" content=\"https:\/\/viniciojarquin.com\/blog\/wp-content\/uploads\/2025\/10\/entre-el-ruido-y-la-ceguera.png\" \/>\n\t<meta property=\"og:image:width\" content=\"800\" \/>\n\t<meta property=\"og:image:height\" content=\"533\" \/>\n\t<meta property=\"og:image:type\" content=\"image\/png\" \/>\n<meta name=\"author\" content=\"Vinicio Jarqu\u00edn\" \/>\n<meta name=\"twitter:card\" content=\"summary_large_image\" \/>\n<meta name=\"twitter:label1\" content=\"Escrito por\" \/>\n\t<meta name=\"twitter:data1\" content=\"Vinicio Jarqu\u00edn\" \/>\n\t<meta name=\"twitter:label2\" content=\"Tiempo de lectura\" \/>\n\t<meta name=\"twitter:data2\" content=\"4 minutos\" \/>\n<script type=\"application\/ld+json\" class=\"yoast-schema-graph\">{\"@context\":\"https:\/\/schema.org\",\"@graph\":[{\"@type\":\"Article\",\"@id\":\"https:\/\/viniciojarquin.com\/blog\/costa-rica-entre-el-ruido-y-la-ceguera\/#article\",\"isPartOf\":{\"@id\":\"https:\/\/viniciojarquin.com\/blog\/costa-rica-entre-el-ruido-y-la-ceguera\/\"},\"author\":{\"name\":\"Vinicio Jarqu\u00edn\",\"@id\":\"https:\/\/viniciojarquin.com\/blog\/#\/schema\/person\/90100c8845ae55462ec0657d3d2f8d3b\"},\"headline\":\"Costa Rica, Entre el ruido y la ceguera\",\"datePublished\":\"2025-10-24T18:58:18+00:00\",\"dateModified\":\"2025-10-26T03:53:58+00:00\",\"mainEntityOfPage\":{\"@id\":\"https:\/\/viniciojarquin.com\/blog\/costa-rica-entre-el-ruido-y-la-ceguera\/\"},\"wordCount\":758,\"commentCount\":0,\"publisher\":{\"@id\":\"https:\/\/viniciojarquin.com\/blog\/#\/schema\/person\/90100c8845ae55462ec0657d3d2f8d3b\"},\"image\":{\"@id\":\"https:\/\/viniciojarquin.com\/blog\/costa-rica-entre-el-ruido-y-la-ceguera\/#primaryimage\"},\"thumbnailUrl\":\"https:\/\/viniciojarquin.com\/blog\/wp-content\/uploads\/2025\/10\/entre-el-ruido-y-la-ceguera.png\",\"articleSection\":[\"Elecciones 2026\"],\"inLanguage\":\"es\",\"potentialAction\":[{\"@type\":\"CommentAction\",\"name\":\"Comment\",\"target\":[\"https:\/\/viniciojarquin.com\/blog\/costa-rica-entre-el-ruido-y-la-ceguera\/#respond\"]}]},{\"@type\":\"WebPage\",\"@id\":\"https:\/\/viniciojarquin.com\/blog\/costa-rica-entre-el-ruido-y-la-ceguera\/\",\"url\":\"https:\/\/viniciojarquin.com\/blog\/costa-rica-entre-el-ruido-y-la-ceguera\/\",\"name\":\"Costa Rica, Entre el ruido y la ceguera - MI BLOG\",\"isPartOf\":{\"@id\":\"https:\/\/viniciojarquin.com\/blog\/#website\"},\"primaryImageOfPage\":{\"@id\":\"https:\/\/viniciojarquin.com\/blog\/costa-rica-entre-el-ruido-y-la-ceguera\/#primaryimage\"},\"image\":{\"@id\":\"https:\/\/viniciojarquin.com\/blog\/costa-rica-entre-el-ruido-y-la-ceguera\/#primaryimage\"},\"thumbnailUrl\":\"https:\/\/viniciojarquin.com\/blog\/wp-content\/uploads\/2025\/10\/entre-el-ruido-y-la-ceguera.png\",\"datePublished\":\"2025-10-24T18:58:18+00:00\",\"dateModified\":\"2025-10-26T03:53:58+00:00\",\"breadcrumb\":{\"@id\":\"https:\/\/viniciojarquin.com\/blog\/costa-rica-entre-el-ruido-y-la-ceguera\/#breadcrumb\"},\"inLanguage\":\"es\",\"potentialAction\":[{\"@type\":\"ReadAction\",\"target\":[\"https:\/\/viniciojarquin.com\/blog\/costa-rica-entre-el-ruido-y-la-ceguera\/\"]}]},{\"@type\":\"ImageObject\",\"inLanguage\":\"es\",\"@id\":\"https:\/\/viniciojarquin.com\/blog\/costa-rica-entre-el-ruido-y-la-ceguera\/#primaryimage\",\"url\":\"https:\/\/viniciojarquin.com\/blog\/wp-content\/uploads\/2025\/10\/entre-el-ruido-y-la-ceguera.png\",\"contentUrl\":\"https:\/\/viniciojarquin.com\/blog\/wp-content\/uploads\/2025\/10\/entre-el-ruido-y-la-ceguera.png\",\"width\":800,\"height\":533},{\"@type\":\"BreadcrumbList\",\"@id\":\"https:\/\/viniciojarquin.com\/blog\/costa-rica-entre-el-ruido-y-la-ceguera\/#breadcrumb\",\"itemListElement\":[{\"@type\":\"ListItem\",\"position\":1,\"name\":\"Portada\",\"item\":\"https:\/\/viniciojarquin.com\/blog\/\"},{\"@type\":\"ListItem\",\"position\":2,\"name\":\"Costa Rica, Entre el ruido y la ceguera\"}]},{\"@type\":\"WebSite\",\"@id\":\"https:\/\/viniciojarquin.com\/blog\/#website\",\"url\":\"https:\/\/viniciojarquin.com\/blog\/\",\"name\":\"Vinicio Jarqu\u00edn BLOG\",\"description\":\"\",\"publisher\":{\"@id\":\"https:\/\/viniciojarquin.com\/blog\/#\/schema\/person\/90100c8845ae55462ec0657d3d2f8d3b\"},\"potentialAction\":[{\"@type\":\"SearchAction\",\"target\":{\"@type\":\"EntryPoint\",\"urlTemplate\":\"https:\/\/viniciojarquin.com\/blog\/?s={search_term_string}\"},\"query-input\":{\"@type\":\"PropertyValueSpecification\",\"valueRequired\":true,\"valueName\":\"search_term_string\"}}],\"inLanguage\":\"es\"},{\"@type\":[\"Person\",\"Organization\"],\"@id\":\"https:\/\/viniciojarquin.com\/blog\/#\/schema\/person\/90100c8845ae55462ec0657d3d2f8d3b\",\"name\":\"Vinicio Jarqu\u00edn\",\"image\":{\"@type\":\"ImageObject\",\"inLanguage\":\"es\",\"@id\":\"https:\/\/viniciojarquin.com\/blog\/#\/schema\/person\/image\/\",\"url\":\"https:\/\/viniciojarquin.com\/blog\/wp-content\/uploads\/2024\/10\/Logo-VinicioJarquin-original-400.png\",\"contentUrl\":\"https:\/\/viniciojarquin.com\/blog\/wp-content\/uploads\/2024\/10\/Logo-VinicioJarquin-original-400.png\",\"width\":400,\"height\":130,\"caption\":\"Vinicio Jarqu\u00edn\"},\"logo\":{\"@id\":\"https:\/\/viniciojarquin.com\/blog\/#\/schema\/person\/image\/\"},\"description\":\"Empresario textil, artista pl\u00e1stico, escritor, coach de vida y fot\u00f3grafo.\",\"sameAs\":[\"https:\/\/viniciojarquin.com\/blog\",\"https:\/\/www.facebook.com\/vinicio.jarquin\",\"https:\/\/www.instagram.com\/vinicio_jarquin\/\",\"https:\/\/www.pinterest.com\/vinnyjc\/\",\"https:\/\/www.youtube.com\/@VinicioJarquin\"],\"url\":\"https:\/\/viniciojarquin.com\/blog\/author\/admin_s02au25i\/\"}]}<\/script>\n<!-- \/ Yoast SEO plugin. -->","yoast_head_json":{"title":"Costa Rica, Entre el ruido y la ceguera - MI BLOG","robots":{"index":"index","follow":"follow","max-snippet":"max-snippet:-1","max-image-preview":"max-image-preview:large","max-video-preview":"max-video-preview:-1"},"canonical":"https:\/\/viniciojarquin.com\/blog\/costa-rica-entre-el-ruido-y-la-ceguera\/","og_locale":"es_ES","og_type":"article","og_title":"Costa Rica, Entre el ruido y la ceguera - MI BLOG","og_description":"Costa Rica fue, durante d\u00e9cadas, un ejemplo de estabilidad, de civismo, de respeto. Un pa\u00eds donde la palabra \u201cpaz\u201d no [&hellip;]","og_url":"https:\/\/viniciojarquin.com\/blog\/costa-rica-entre-el-ruido-y-la-ceguera\/","og_site_name":"MI BLOG","article_publisher":"https:\/\/www.facebook.com\/vinicio.jarquin","article_author":"https:\/\/www.facebook.com\/vinicio.jarquin","article_published_time":"2025-10-24T18:58:18+00:00","article_modified_time":"2025-10-26T03:53:58+00:00","og_image":[{"width":800,"height":533,"url":"https:\/\/viniciojarquin.com\/blog\/wp-content\/uploads\/2025\/10\/entre-el-ruido-y-la-ceguera.png","type":"image\/png"}],"author":"Vinicio Jarqu\u00edn","twitter_card":"summary_large_image","twitter_misc":{"Escrito por":"Vinicio Jarqu\u00edn","Tiempo de lectura":"4 minutos"},"schema":{"@context":"https:\/\/schema.org","@graph":[{"@type":"Article","@id":"https:\/\/viniciojarquin.com\/blog\/costa-rica-entre-el-ruido-y-la-ceguera\/#article","isPartOf":{"@id":"https:\/\/viniciojarquin.com\/blog\/costa-rica-entre-el-ruido-y-la-ceguera\/"},"author":{"name":"Vinicio Jarqu\u00edn","@id":"https:\/\/viniciojarquin.com\/blog\/#\/schema\/person\/90100c8845ae55462ec0657d3d2f8d3b"},"headline":"Costa Rica, Entre el ruido y la ceguera","datePublished":"2025-10-24T18:58:18+00:00","dateModified":"2025-10-26T03:53:58+00:00","mainEntityOfPage":{"@id":"https:\/\/viniciojarquin.com\/blog\/costa-rica-entre-el-ruido-y-la-ceguera\/"},"wordCount":758,"commentCount":0,"publisher":{"@id":"https:\/\/viniciojarquin.com\/blog\/#\/schema\/person\/90100c8845ae55462ec0657d3d2f8d3b"},"image":{"@id":"https:\/\/viniciojarquin.com\/blog\/costa-rica-entre-el-ruido-y-la-ceguera\/#primaryimage"},"thumbnailUrl":"https:\/\/viniciojarquin.com\/blog\/wp-content\/uploads\/2025\/10\/entre-el-ruido-y-la-ceguera.png","articleSection":["Elecciones 2026"],"inLanguage":"es","potentialAction":[{"@type":"CommentAction","name":"Comment","target":["https:\/\/viniciojarquin.com\/blog\/costa-rica-entre-el-ruido-y-la-ceguera\/#respond"]}]},{"@type":"WebPage","@id":"https:\/\/viniciojarquin.com\/blog\/costa-rica-entre-el-ruido-y-la-ceguera\/","url":"https:\/\/viniciojarquin.com\/blog\/costa-rica-entre-el-ruido-y-la-ceguera\/","name":"Costa Rica, Entre el ruido y la ceguera - MI BLOG","isPartOf":{"@id":"https:\/\/viniciojarquin.com\/blog\/#website"},"primaryImageOfPage":{"@id":"https:\/\/viniciojarquin.com\/blog\/costa-rica-entre-el-ruido-y-la-ceguera\/#primaryimage"},"image":{"@id":"https:\/\/viniciojarquin.com\/blog\/costa-rica-entre-el-ruido-y-la-ceguera\/#primaryimage"},"thumbnailUrl":"https:\/\/viniciojarquin.com\/blog\/wp-content\/uploads\/2025\/10\/entre-el-ruido-y-la-ceguera.png","datePublished":"2025-10-24T18:58:18+00:00","dateModified":"2025-10-26T03:53:58+00:00","breadcrumb":{"@id":"https:\/\/viniciojarquin.com\/blog\/costa-rica-entre-el-ruido-y-la-ceguera\/#breadcrumb"},"inLanguage":"es","potentialAction":[{"@type":"ReadAction","target":["https:\/\/viniciojarquin.com\/blog\/costa-rica-entre-el-ruido-y-la-ceguera\/"]}]},{"@type":"ImageObject","inLanguage":"es","@id":"https:\/\/viniciojarquin.com\/blog\/costa-rica-entre-el-ruido-y-la-ceguera\/#primaryimage","url":"https:\/\/viniciojarquin.com\/blog\/wp-content\/uploads\/2025\/10\/entre-el-ruido-y-la-ceguera.png","contentUrl":"https:\/\/viniciojarquin.com\/blog\/wp-content\/uploads\/2025\/10\/entre-el-ruido-y-la-ceguera.png","width":800,"height":533},{"@type":"BreadcrumbList","@id":"https:\/\/viniciojarquin.com\/blog\/costa-rica-entre-el-ruido-y-la-ceguera\/#breadcrumb","itemListElement":[{"@type":"ListItem","position":1,"name":"Portada","item":"https:\/\/viniciojarquin.com\/blog\/"},{"@type":"ListItem","position":2,"name":"Costa Rica, Entre el ruido y la ceguera"}]},{"@type":"WebSite","@id":"https:\/\/viniciojarquin.com\/blog\/#website","url":"https:\/\/viniciojarquin.com\/blog\/","name":"Vinicio Jarqu\u00edn BLOG","description":"","publisher":{"@id":"https:\/\/viniciojarquin.com\/blog\/#\/schema\/person\/90100c8845ae55462ec0657d3d2f8d3b"},"potentialAction":[{"@type":"SearchAction","target":{"@type":"EntryPoint","urlTemplate":"https:\/\/viniciojarquin.com\/blog\/?s={search_term_string}"},"query-input":{"@type":"PropertyValueSpecification","valueRequired":true,"valueName":"search_term_string"}}],"inLanguage":"es"},{"@type":["Person","Organization"],"@id":"https:\/\/viniciojarquin.com\/blog\/#\/schema\/person\/90100c8845ae55462ec0657d3d2f8d3b","name":"Vinicio Jarqu\u00edn","image":{"@type":"ImageObject","inLanguage":"es","@id":"https:\/\/viniciojarquin.com\/blog\/#\/schema\/person\/image\/","url":"https:\/\/viniciojarquin.com\/blog\/wp-content\/uploads\/2024\/10\/Logo-VinicioJarquin-original-400.png","contentUrl":"https:\/\/viniciojarquin.com\/blog\/wp-content\/uploads\/2024\/10\/Logo-VinicioJarquin-original-400.png","width":400,"height":130,"caption":"Vinicio Jarqu\u00edn"},"logo":{"@id":"https:\/\/viniciojarquin.com\/blog\/#\/schema\/person\/image\/"},"description":"Empresario textil, artista pl\u00e1stico, escritor, coach de vida y fot\u00f3grafo.","sameAs":["https:\/\/viniciojarquin.com\/blog","https:\/\/www.facebook.com\/vinicio.jarquin","https:\/\/www.instagram.com\/vinicio_jarquin\/","https:\/\/www.pinterest.com\/vinnyjc\/","https:\/\/www.youtube.com\/@VinicioJarquin"],"url":"https:\/\/viniciojarquin.com\/blog\/author\/admin_s02au25i\/"}]}},"blog_post_layout_featured_media_urls":{"thumbnail":["https:\/\/viniciojarquin.com\/blog\/wp-content\/uploads\/2025\/10\/entre-el-ruido-y-la-ceguera-150x150.png",150,150,true],"full":["https:\/\/viniciojarquin.com\/blog\/wp-content\/uploads\/2025\/10\/entre-el-ruido-y-la-ceguera.png",800,533,false]},"categories_names":{"17":{"name":"Elecciones 2026","link":"https:\/\/viniciojarquin.com\/blog\/category\/elecciones-2026\/"}},"tags_names":[],"comments_number":"0","_links":{"self":[{"href":"https:\/\/viniciojarquin.com\/blog\/wp-json\/wp\/v2\/posts\/918","targetHints":{"allow":["GET"]}}],"collection":[{"href":"https:\/\/viniciojarquin.com\/blog\/wp-json\/wp\/v2\/posts"}],"about":[{"href":"https:\/\/viniciojarquin.com\/blog\/wp-json\/wp\/v2\/types\/post"}],"author":[{"embeddable":true,"href":"https:\/\/viniciojarquin.com\/blog\/wp-json\/wp\/v2\/users\/1"}],"replies":[{"embeddable":true,"href":"https:\/\/viniciojarquin.com\/blog\/wp-json\/wp\/v2\/comments?post=918"}],"version-history":[{"count":2,"href":"https:\/\/viniciojarquin.com\/blog\/wp-json\/wp\/v2\/posts\/918\/revisions"}],"predecessor-version":[{"id":995,"href":"https:\/\/viniciojarquin.com\/blog\/wp-json\/wp\/v2\/posts\/918\/revisions\/995"}],"wp:featuredmedia":[{"embeddable":true,"href":"https:\/\/viniciojarquin.com\/blog\/wp-json\/wp\/v2\/media\/994"}],"wp:attachment":[{"href":"https:\/\/viniciojarquin.com\/blog\/wp-json\/wp\/v2\/media?parent=918"}],"wp:term":[{"taxonomy":"category","embeddable":true,"href":"https:\/\/viniciojarquin.com\/blog\/wp-json\/wp\/v2\/categories?post=918"},{"taxonomy":"post_tag","embeddable":true,"href":"https:\/\/viniciojarquin.com\/blog\/wp-json\/wp\/v2\/tags?post=918"}],"curies":[{"name":"wp","href":"https:\/\/api.w.org\/{rel}","templated":true}]}}