{"id":927,"date":"2025-10-26T01:26:20","date_gmt":"2025-10-26T01:26:20","guid":{"rendered":"https:\/\/viniciojarquin.com\/blog\/?p=927"},"modified":"2025-10-26T01:26:55","modified_gmt":"2025-10-26T01:26:55","slug":"02-el-tribunal-supremo-de-elecciones-en-tiempos-electorales","status":"publish","type":"post","link":"https:\/\/viniciojarquin.com\/blog\/02-el-tribunal-supremo-de-elecciones-en-tiempos-electorales\/","title":{"rendered":"02 &#8211; EL TRIBUNAL SUPREMO DE ELECCIONES EN TIEMPOS ELECTORALES"},"content":{"rendered":"\n<figure class=\"wp-block-image size-full\"><img decoding=\"async\" width=\"800\" height=\"800\" data-src=\"https:\/\/viniciojarquin.com\/blog\/wp-content\/uploads\/2025\/10\/El-Tribunal-Supremo-de-Elecciones.jpg\" alt=\"\" class=\"wp-image-929 lazyload\" data-srcset=\"https:\/\/viniciojarquin.com\/blog\/wp-content\/uploads\/2025\/10\/El-Tribunal-Supremo-de-Elecciones.jpg 800w, https:\/\/viniciojarquin.com\/blog\/wp-content\/uploads\/2025\/10\/El-Tribunal-Supremo-de-Elecciones-300x300.jpg 300w, https:\/\/viniciojarquin.com\/blog\/wp-content\/uploads\/2025\/10\/El-Tribunal-Supremo-de-Elecciones-150x150.jpg 150w, https:\/\/viniciojarquin.com\/blog\/wp-content\/uploads\/2025\/10\/El-Tribunal-Supremo-de-Elecciones-768x768.jpg 768w\" data-sizes=\"(max-width: 800px) 100vw, 800px\" src=\"data:image\/svg+xml;base64,PHN2ZyB3aWR0aD0iMSIgaGVpZ2h0PSIxIiB4bWxucz0iaHR0cDovL3d3dy53My5vcmcvMjAwMC9zdmciPjwvc3ZnPg==\" style=\"--smush-placeholder-width: 800px; --smush-placeholder-aspect-ratio: 800\/800;\" \/><\/figure>\n\n\n\n<p>Cada cuatro a\u00f1os, Costa Rica entra en una etapa \u00fanica: el per\u00edodo electoral. Y cuando eso sucede, hay una instituci\u00f3n que pasa a tener un papel central en la vida del pa\u00eds: el <strong>Tribunal Supremo de Elecciones (TSE)<\/strong>.<\/p>\n\n\n\n<p>El TSE no es un ministerio ni una oficina del Gobierno. Es un <strong>poder constitucional aut\u00f3nomo<\/strong>, con el mismo rango que los otros poderes del Estado: el Ejecutivo, el Legislativo y el Judicial. Su funci\u00f3n no es pol\u00edtica: es <strong>garantizar que las elecciones sean limpias, transparentes y confiables<\/strong>.<\/p>\n\n\n\n<p>Durante el per\u00edodo electoral, el TSE <strong>asume el control total del proceso democr\u00e1tico<\/strong>. Eso significa que <strong>nadie puede interferir<\/strong> en su trabajo, ni el presidente, ni los diputados, ni ning\u00fan otro \u00f3rgano del Estado.<\/p>\n\n\n\n<p>El Tribunal supervisa, autoriza, fiscaliza y, si es necesario, <strong>corrige o detiene<\/strong> acciones que puedan alterar la igualdad entre los partidos o afectar la transparencia del proceso.<\/p>\n\n\n\n<p>Cuando el TSE \u201cle da \u00f3rdenes\u201d al Gobierno, a instituciones p\u00fablicas o a partidos pol\u00edticos, no lo hace por soberbia. &nbsp;Lo hace porque <strong>la Constituci\u00f3n le otorga ese poder<\/strong>. El art\u00edculo 99 establece que el TSE tiene <strong>autoridad exclusiva e independiente en materia electoral<\/strong>, y el art\u00edculo 102 le otorga funciones que incluyen:<\/p>\n\n\n\n<p>\u2022 Organizar y vigilar los actos relativos al sufragio.<\/p>\n\n\n\n<p>\u2022 Interpretar de manera exclusiva la normativa electoral.<\/p>\n\n\n\n<p>\u2022 Fiscalizar las finanzas de los partidos pol\u00edticos.<\/p>\n\n\n\n<p>\u2022 Garantizar la libertad del voto y la pureza de las elecciones.<\/p>\n\n\n\n<p>Dicho en sencillo: <strong>cuando hay elecciones, el TSE es el \u00e1rbitro m\u00e1ximo del pa\u00eds.<\/strong> Y como en todo partido, cuando el \u00e1rbitro pita, se respeta el pito, aunque no nos guste la decisi\u00f3n.<\/p>\n\n\n\n<p>Durante estos meses, el TSE puede incluso <strong>ordenar al Poder Ejecutivo<\/strong> que suspenda actos o decretos que puedan afectar la equidad de la contienda.<\/p>\n\n\n\n<p>Tambi\u00e9n puede <strong>llamar la atenci\u00f3n a partidos<\/strong> por usar recursos p\u00fablicos o institucionales para hacer campa\u00f1a, y <strong>advertir a medios o voceros<\/strong> si incurren en pr\u00e1cticas que violan la neutralidad.<\/p>\n\n\n\n<p>No es que el TSE \u201ccontrole el pa\u00eds\u201d en tiempos electorales, sino que <strong>controla el proceso democr\u00e1tico<\/strong>. &nbsp;Es decir: vigila que el juego sea limpio. &nbsp;Y en democracia, eso es vital. Porque si un candidato, un partido o incluso el Gobierno pudiera actuar sin l\u00edmites durante una campa\u00f1a, la elecci\u00f3n dejar\u00eda de ser libre. Y sin elecciones libres, no hay Rep\u00fablica.<\/p>\n\n\n\n<p>As\u00ed que cuando escuches que el TSE \u201cdio \u00f3rdenes\u201d, \u201cdetuvo un decreto\u201d o \u201cpidi\u00f3 explicaciones\u201d, no lo tomes como un acto de confrontaci\u00f3n. &nbsp;T\u00f3malo como lo que realmente es: <strong>la Constituci\u00f3n funcionando.<\/strong> El TSE no defiende a un partido. &nbsp;Defiende tu derecho a elegir. &nbsp;Y eso, en un pa\u00eds peque\u00f1o, libre y democr\u00e1tico como el nuestro, es algo que debemos proteger con orgullo.<\/p>\n","protected":false},"excerpt":{"rendered":"<p>Cada cuatro a\u00f1os, Costa Rica entra en una etapa \u00fanica: el per\u00edodo electoral. Y cuando eso sucede, hay una instituci\u00f3n [&hellip;]<\/p>\n","protected":false},"author":1,"featured_media":929,"comment_status":"open","ping_status":"open","sticky":false,"template":"","format":"standard","meta":{"site-sidebar-layout":"default","site-content-layout":"","ast-site-content-layout":"","site-content-style":"default","site-sidebar-style":"default","ast-global-header-display":"","ast-banner-title-visibility":"","ast-main-header-display":"","ast-hfb-above-header-display":"","ast-hfb-below-header-display":"","ast-hfb-mobile-header-display":"","site-post-title":"","ast-breadcrumbs-content":"","ast-featured-img":"","footer-sml-layout":"","theme-transparent-header-meta":"","adv-header-id-meta":"","stick-header-meta":"","header-above-stick-meta":"","header-main-stick-meta":"","header-below-stick-meta":"","astra-migrate-meta-layouts":"default","ast-page-background-enabled":"default","ast-page-background-meta":{"desktop":{"background-color":"var(--ast-global-color-5)","background-image":"","background-repeat":"repeat","background-position":"center center","background-size":"auto","background-attachment":"scroll","background-type":"","background-media":"","overlay-type":"","overlay-color":"","overlay-opacity":"","overlay-gradient":""},"tablet":{"background-color":"","background-image":"","background-repeat":"repeat","background-position":"center center","background-size":"auto","background-attachment":"scroll","background-type":"","background-media":"","overlay-type":"","overlay-color":"","overlay-opacity":"","overlay-gradient":""},"mobile":{"background-color":"","background-image":"","background-repeat":"repeat","background-position":"center center","background-size":"auto","background-attachment":"scroll","background-type":"","background-media":"","overlay-type":"","overlay-color":"","overlay-opacity":"","overlay-gradient":""}},"ast-content-background-meta":{"desktop":{"background-color":"var(--ast-global-color-4)","background-image":"","background-repeat":"repeat","background-position":"center center","background-size":"auto","background-attachment":"scroll","background-type":"","background-media":"","overlay-type":"","overlay-color":"","overlay-opacity":"","overlay-gradient":""},"tablet":{"background-color":"var(--ast-global-color-4)","background-image":"","background-repeat":"repeat","background-position":"center center","background-size":"auto","background-attachment":"scroll","background-type":"","background-media":"","overlay-type":"","overlay-color":"","overlay-opacity":"","overlay-gradient":""},"mobile":{"background-color":"var(--ast-global-color-4)","background-image":"","background-repeat":"repeat","background-position":"center center","background-size":"auto","background-attachment":"scroll","background-type":"","background-media":"","overlay-type":"","overlay-color":"","overlay-opacity":"","overlay-gradient":""}},"footnotes":""},"categories":[18],"tags":[],"class_list":["post-927","post","type-post","status-publish","format-standard","has-post-thumbnail","hentry","category-eduquemonos"],"yoast_head":"<!-- This site is optimized with the Yoast SEO plugin v26.0 - https:\/\/yoast.com\/wordpress\/plugins\/seo\/ -->\n<title>02 - EL TRIBUNAL SUPREMO DE ELECCIONES EN TIEMPOS ELECTORALES - MI BLOG<\/title>\n<meta name=\"robots\" content=\"index, follow, max-snippet:-1, max-image-preview:large, max-video-preview:-1\" \/>\n<link rel=\"canonical\" href=\"https:\/\/viniciojarquin.com\/blog\/02-el-tribunal-supremo-de-elecciones-en-tiempos-electorales\/\" \/>\n<meta property=\"og:locale\" content=\"es_ES\" \/>\n<meta property=\"og:type\" content=\"article\" \/>\n<meta property=\"og:title\" content=\"02 - EL TRIBUNAL SUPREMO DE ELECCIONES EN TIEMPOS ELECTORALES - MI BLOG\" \/>\n<meta property=\"og:description\" content=\"Cada cuatro a\u00f1os, Costa Rica entra en una etapa \u00fanica: el per\u00edodo electoral. Y cuando eso sucede, hay una instituci\u00f3n [&hellip;]\" \/>\n<meta property=\"og:url\" content=\"https:\/\/viniciojarquin.com\/blog\/02-el-tribunal-supremo-de-elecciones-en-tiempos-electorales\/\" \/>\n<meta property=\"og:site_name\" content=\"MI BLOG\" \/>\n<meta property=\"article:publisher\" content=\"https:\/\/www.facebook.com\/vinicio.jarquin\" \/>\n<meta property=\"article:author\" content=\"https:\/\/www.facebook.com\/vinicio.jarquin\" \/>\n<meta property=\"article:published_time\" content=\"2025-10-26T01:26:20+00:00\" \/>\n<meta property=\"article:modified_time\" content=\"2025-10-26T01:26:55+00:00\" \/>\n<meta property=\"og:image\" content=\"https:\/\/viniciojarquin.com\/blog\/wp-content\/uploads\/2025\/10\/El-Tribunal-Supremo-de-Elecciones.jpg\" \/>\n\t<meta property=\"og:image:width\" content=\"800\" \/>\n\t<meta property=\"og:image:height\" content=\"800\" \/>\n\t<meta property=\"og:image:type\" content=\"image\/jpeg\" \/>\n<meta name=\"author\" content=\"Vinicio Jarqu\u00edn\" \/>\n<meta name=\"twitter:card\" content=\"summary_large_image\" \/>\n<meta name=\"twitter:label1\" content=\"Escrito por\" \/>\n\t<meta name=\"twitter:data1\" content=\"Vinicio Jarqu\u00edn\" \/>\n\t<meta name=\"twitter:label2\" content=\"Tiempo de lectura\" \/>\n\t<meta name=\"twitter:data2\" content=\"3 minutos\" \/>\n<script type=\"application\/ld+json\" class=\"yoast-schema-graph\">{\"@context\":\"https:\/\/schema.org\",\"@graph\":[{\"@type\":\"Article\",\"@id\":\"https:\/\/viniciojarquin.com\/blog\/02-el-tribunal-supremo-de-elecciones-en-tiempos-electorales\/#article\",\"isPartOf\":{\"@id\":\"https:\/\/viniciojarquin.com\/blog\/02-el-tribunal-supremo-de-elecciones-en-tiempos-electorales\/\"},\"author\":{\"name\":\"Vinicio Jarqu\u00edn\",\"@id\":\"https:\/\/viniciojarquin.com\/blog\/#\/schema\/person\/90100c8845ae55462ec0657d3d2f8d3b\"},\"headline\":\"02 &#8211; EL TRIBUNAL SUPREMO DE ELECCIONES EN TIEMPOS ELECTORALES\",\"datePublished\":\"2025-10-26T01:26:20+00:00\",\"dateModified\":\"2025-10-26T01:26:55+00:00\",\"mainEntityOfPage\":{\"@id\":\"https:\/\/viniciojarquin.com\/blog\/02-el-tribunal-supremo-de-elecciones-en-tiempos-electorales\/\"},\"wordCount\":494,\"commentCount\":1,\"publisher\":{\"@id\":\"https:\/\/viniciojarquin.com\/blog\/#\/schema\/person\/90100c8845ae55462ec0657d3d2f8d3b\"},\"image\":{\"@id\":\"https:\/\/viniciojarquin.com\/blog\/02-el-tribunal-supremo-de-elecciones-en-tiempos-electorales\/#primaryimage\"},\"thumbnailUrl\":\"https:\/\/viniciojarquin.com\/blog\/wp-content\/uploads\/2025\/10\/El-Tribunal-Supremo-de-Elecciones.jpg\",\"articleSection\":[\"Serie: Eduqu\u00e9monos\"],\"inLanguage\":\"es\",\"potentialAction\":[{\"@type\":\"CommentAction\",\"name\":\"Comment\",\"target\":[\"https:\/\/viniciojarquin.com\/blog\/02-el-tribunal-supremo-de-elecciones-en-tiempos-electorales\/#respond\"]}]},{\"@type\":\"WebPage\",\"@id\":\"https:\/\/viniciojarquin.com\/blog\/02-el-tribunal-supremo-de-elecciones-en-tiempos-electorales\/\",\"url\":\"https:\/\/viniciojarquin.com\/blog\/02-el-tribunal-supremo-de-elecciones-en-tiempos-electorales\/\",\"name\":\"02 - EL TRIBUNAL SUPREMO DE ELECCIONES EN TIEMPOS ELECTORALES - MI BLOG\",\"isPartOf\":{\"@id\":\"https:\/\/viniciojarquin.com\/blog\/#website\"},\"primaryImageOfPage\":{\"@id\":\"https:\/\/viniciojarquin.com\/blog\/02-el-tribunal-supremo-de-elecciones-en-tiempos-electorales\/#primaryimage\"},\"image\":{\"@id\":\"https:\/\/viniciojarquin.com\/blog\/02-el-tribunal-supremo-de-elecciones-en-tiempos-electorales\/#primaryimage\"},\"thumbnailUrl\":\"https:\/\/viniciojarquin.com\/blog\/wp-content\/uploads\/2025\/10\/El-Tribunal-Supremo-de-Elecciones.jpg\",\"datePublished\":\"2025-10-26T01:26:20+00:00\",\"dateModified\":\"2025-10-26T01:26:55+00:00\",\"breadcrumb\":{\"@id\":\"https:\/\/viniciojarquin.com\/blog\/02-el-tribunal-supremo-de-elecciones-en-tiempos-electorales\/#breadcrumb\"},\"inLanguage\":\"es\",\"potentialAction\":[{\"@type\":\"ReadAction\",\"target\":[\"https:\/\/viniciojarquin.com\/blog\/02-el-tribunal-supremo-de-elecciones-en-tiempos-electorales\/\"]}]},{\"@type\":\"ImageObject\",\"inLanguage\":\"es\",\"@id\":\"https:\/\/viniciojarquin.com\/blog\/02-el-tribunal-supremo-de-elecciones-en-tiempos-electorales\/#primaryimage\",\"url\":\"https:\/\/viniciojarquin.com\/blog\/wp-content\/uploads\/2025\/10\/El-Tribunal-Supremo-de-Elecciones.jpg\",\"contentUrl\":\"https:\/\/viniciojarquin.com\/blog\/wp-content\/uploads\/2025\/10\/El-Tribunal-Supremo-de-Elecciones.jpg\",\"width\":800,\"height\":800},{\"@type\":\"BreadcrumbList\",\"@id\":\"https:\/\/viniciojarquin.com\/blog\/02-el-tribunal-supremo-de-elecciones-en-tiempos-electorales\/#breadcrumb\",\"itemListElement\":[{\"@type\":\"ListItem\",\"position\":1,\"name\":\"Portada\",\"item\":\"https:\/\/viniciojarquin.com\/blog\/\"},{\"@type\":\"ListItem\",\"position\":2,\"name\":\"02 &#8211; EL TRIBUNAL SUPREMO DE ELECCIONES EN TIEMPOS ELECTORALES\"}]},{\"@type\":\"WebSite\",\"@id\":\"https:\/\/viniciojarquin.com\/blog\/#website\",\"url\":\"https:\/\/viniciojarquin.com\/blog\/\",\"name\":\"Vinicio Jarqu\u00edn BLOG\",\"description\":\"\",\"publisher\":{\"@id\":\"https:\/\/viniciojarquin.com\/blog\/#\/schema\/person\/90100c8845ae55462ec0657d3d2f8d3b\"},\"potentialAction\":[{\"@type\":\"SearchAction\",\"target\":{\"@type\":\"EntryPoint\",\"urlTemplate\":\"https:\/\/viniciojarquin.com\/blog\/?s={search_term_string}\"},\"query-input\":{\"@type\":\"PropertyValueSpecification\",\"valueRequired\":true,\"valueName\":\"search_term_string\"}}],\"inLanguage\":\"es\"},{\"@type\":[\"Person\",\"Organization\"],\"@id\":\"https:\/\/viniciojarquin.com\/blog\/#\/schema\/person\/90100c8845ae55462ec0657d3d2f8d3b\",\"name\":\"Vinicio Jarqu\u00edn\",\"image\":{\"@type\":\"ImageObject\",\"inLanguage\":\"es\",\"@id\":\"https:\/\/viniciojarquin.com\/blog\/#\/schema\/person\/image\/\",\"url\":\"https:\/\/viniciojarquin.com\/blog\/wp-content\/uploads\/2024\/10\/Logo-VinicioJarquin-original-400.png\",\"contentUrl\":\"https:\/\/viniciojarquin.com\/blog\/wp-content\/uploads\/2024\/10\/Logo-VinicioJarquin-original-400.png\",\"width\":400,\"height\":130,\"caption\":\"Vinicio Jarqu\u00edn\"},\"logo\":{\"@id\":\"https:\/\/viniciojarquin.com\/blog\/#\/schema\/person\/image\/\"},\"description\":\"Empresario textil, artista pl\u00e1stico, escritor, coach de vida y fot\u00f3grafo.\",\"sameAs\":[\"https:\/\/viniciojarquin.com\/blog\",\"https:\/\/www.facebook.com\/vinicio.jarquin\",\"https:\/\/www.instagram.com\/vinicio_jarquin\/\",\"https:\/\/www.pinterest.com\/vinnyjc\/\",\"https:\/\/www.youtube.com\/@VinicioJarquin\"],\"url\":\"https:\/\/viniciojarquin.com\/blog\/author\/admin_s02au25i\/\"}]}<\/script>\n<!-- \/ Yoast SEO plugin. -->","yoast_head_json":{"title":"02 - EL TRIBUNAL SUPREMO DE ELECCIONES EN TIEMPOS ELECTORALES - MI BLOG","robots":{"index":"index","follow":"follow","max-snippet":"max-snippet:-1","max-image-preview":"max-image-preview:large","max-video-preview":"max-video-preview:-1"},"canonical":"https:\/\/viniciojarquin.com\/blog\/02-el-tribunal-supremo-de-elecciones-en-tiempos-electorales\/","og_locale":"es_ES","og_type":"article","og_title":"02 - EL TRIBUNAL SUPREMO DE ELECCIONES EN TIEMPOS ELECTORALES - MI BLOG","og_description":"Cada cuatro a\u00f1os, Costa Rica entra en una etapa \u00fanica: el per\u00edodo electoral. Y cuando eso sucede, hay una instituci\u00f3n [&hellip;]","og_url":"https:\/\/viniciojarquin.com\/blog\/02-el-tribunal-supremo-de-elecciones-en-tiempos-electorales\/","og_site_name":"MI BLOG","article_publisher":"https:\/\/www.facebook.com\/vinicio.jarquin","article_author":"https:\/\/www.facebook.com\/vinicio.jarquin","article_published_time":"2025-10-26T01:26:20+00:00","article_modified_time":"2025-10-26T01:26:55+00:00","og_image":[{"width":800,"height":800,"url":"https:\/\/viniciojarquin.com\/blog\/wp-content\/uploads\/2025\/10\/El-Tribunal-Supremo-de-Elecciones.jpg","type":"image\/jpeg"}],"author":"Vinicio Jarqu\u00edn","twitter_card":"summary_large_image","twitter_misc":{"Escrito por":"Vinicio Jarqu\u00edn","Tiempo de lectura":"3 minutos"},"schema":{"@context":"https:\/\/schema.org","@graph":[{"@type":"Article","@id":"https:\/\/viniciojarquin.com\/blog\/02-el-tribunal-supremo-de-elecciones-en-tiempos-electorales\/#article","isPartOf":{"@id":"https:\/\/viniciojarquin.com\/blog\/02-el-tribunal-supremo-de-elecciones-en-tiempos-electorales\/"},"author":{"name":"Vinicio Jarqu\u00edn","@id":"https:\/\/viniciojarquin.com\/blog\/#\/schema\/person\/90100c8845ae55462ec0657d3d2f8d3b"},"headline":"02 &#8211; EL TRIBUNAL SUPREMO DE ELECCIONES EN TIEMPOS ELECTORALES","datePublished":"2025-10-26T01:26:20+00:00","dateModified":"2025-10-26T01:26:55+00:00","mainEntityOfPage":{"@id":"https:\/\/viniciojarquin.com\/blog\/02-el-tribunal-supremo-de-elecciones-en-tiempos-electorales\/"},"wordCount":494,"commentCount":1,"publisher":{"@id":"https:\/\/viniciojarquin.com\/blog\/#\/schema\/person\/90100c8845ae55462ec0657d3d2f8d3b"},"image":{"@id":"https:\/\/viniciojarquin.com\/blog\/02-el-tribunal-supremo-de-elecciones-en-tiempos-electorales\/#primaryimage"},"thumbnailUrl":"https:\/\/viniciojarquin.com\/blog\/wp-content\/uploads\/2025\/10\/El-Tribunal-Supremo-de-Elecciones.jpg","articleSection":["Serie: Eduqu\u00e9monos"],"inLanguage":"es","potentialAction":[{"@type":"CommentAction","name":"Comment","target":["https:\/\/viniciojarquin.com\/blog\/02-el-tribunal-supremo-de-elecciones-en-tiempos-electorales\/#respond"]}]},{"@type":"WebPage","@id":"https:\/\/viniciojarquin.com\/blog\/02-el-tribunal-supremo-de-elecciones-en-tiempos-electorales\/","url":"https:\/\/viniciojarquin.com\/blog\/02-el-tribunal-supremo-de-elecciones-en-tiempos-electorales\/","name":"02 - EL TRIBUNAL SUPREMO DE ELECCIONES EN TIEMPOS ELECTORALES - MI BLOG","isPartOf":{"@id":"https:\/\/viniciojarquin.com\/blog\/#website"},"primaryImageOfPage":{"@id":"https:\/\/viniciojarquin.com\/blog\/02-el-tribunal-supremo-de-elecciones-en-tiempos-electorales\/#primaryimage"},"image":{"@id":"https:\/\/viniciojarquin.com\/blog\/02-el-tribunal-supremo-de-elecciones-en-tiempos-electorales\/#primaryimage"},"thumbnailUrl":"https:\/\/viniciojarquin.com\/blog\/wp-content\/uploads\/2025\/10\/El-Tribunal-Supremo-de-Elecciones.jpg","datePublished":"2025-10-26T01:26:20+00:00","dateModified":"2025-10-26T01:26:55+00:00","breadcrumb":{"@id":"https:\/\/viniciojarquin.com\/blog\/02-el-tribunal-supremo-de-elecciones-en-tiempos-electorales\/#breadcrumb"},"inLanguage":"es","potentialAction":[{"@type":"ReadAction","target":["https:\/\/viniciojarquin.com\/blog\/02-el-tribunal-supremo-de-elecciones-en-tiempos-electorales\/"]}]},{"@type":"ImageObject","inLanguage":"es","@id":"https:\/\/viniciojarquin.com\/blog\/02-el-tribunal-supremo-de-elecciones-en-tiempos-electorales\/#primaryimage","url":"https:\/\/viniciojarquin.com\/blog\/wp-content\/uploads\/2025\/10\/El-Tribunal-Supremo-de-Elecciones.jpg","contentUrl":"https:\/\/viniciojarquin.com\/blog\/wp-content\/uploads\/2025\/10\/El-Tribunal-Supremo-de-Elecciones.jpg","width":800,"height":800},{"@type":"BreadcrumbList","@id":"https:\/\/viniciojarquin.com\/blog\/02-el-tribunal-supremo-de-elecciones-en-tiempos-electorales\/#breadcrumb","itemListElement":[{"@type":"ListItem","position":1,"name":"Portada","item":"https:\/\/viniciojarquin.com\/blog\/"},{"@type":"ListItem","position":2,"name":"02 &#8211; EL TRIBUNAL SUPREMO DE ELECCIONES EN TIEMPOS ELECTORALES"}]},{"@type":"WebSite","@id":"https:\/\/viniciojarquin.com\/blog\/#website","url":"https:\/\/viniciojarquin.com\/blog\/","name":"Vinicio Jarqu\u00edn BLOG","description":"","publisher":{"@id":"https:\/\/viniciojarquin.com\/blog\/#\/schema\/person\/90100c8845ae55462ec0657d3d2f8d3b"},"potentialAction":[{"@type":"SearchAction","target":{"@type":"EntryPoint","urlTemplate":"https:\/\/viniciojarquin.com\/blog\/?s={search_term_string}"},"query-input":{"@type":"PropertyValueSpecification","valueRequired":true,"valueName":"search_term_string"}}],"inLanguage":"es"},{"@type":["Person","Organization"],"@id":"https:\/\/viniciojarquin.com\/blog\/#\/schema\/person\/90100c8845ae55462ec0657d3d2f8d3b","name":"Vinicio Jarqu\u00edn","image":{"@type":"ImageObject","inLanguage":"es","@id":"https:\/\/viniciojarquin.com\/blog\/#\/schema\/person\/image\/","url":"https:\/\/viniciojarquin.com\/blog\/wp-content\/uploads\/2024\/10\/Logo-VinicioJarquin-original-400.png","contentUrl":"https:\/\/viniciojarquin.com\/blog\/wp-content\/uploads\/2024\/10\/Logo-VinicioJarquin-original-400.png","width":400,"height":130,"caption":"Vinicio Jarqu\u00edn"},"logo":{"@id":"https:\/\/viniciojarquin.com\/blog\/#\/schema\/person\/image\/"},"description":"Empresario textil, artista pl\u00e1stico, escritor, coach de vida y fot\u00f3grafo.","sameAs":["https:\/\/viniciojarquin.com\/blog","https:\/\/www.facebook.com\/vinicio.jarquin","https:\/\/www.instagram.com\/vinicio_jarquin\/","https:\/\/www.pinterest.com\/vinnyjc\/","https:\/\/www.youtube.com\/@VinicioJarquin"],"url":"https:\/\/viniciojarquin.com\/blog\/author\/admin_s02au25i\/"}]}},"blog_post_layout_featured_media_urls":{"thumbnail":["https:\/\/viniciojarquin.com\/blog\/wp-content\/uploads\/2025\/10\/El-Tribunal-Supremo-de-Elecciones-150x150.jpg",150,150,true],"full":["https:\/\/viniciojarquin.com\/blog\/wp-content\/uploads\/2025\/10\/El-Tribunal-Supremo-de-Elecciones.jpg",800,800,false]},"categories_names":{"18":{"name":"Serie: Eduqu\u00e9monos","link":"https:\/\/viniciojarquin.com\/blog\/category\/eduquemonos\/"}},"tags_names":[],"comments_number":"1","_links":{"self":[{"href":"https:\/\/viniciojarquin.com\/blog\/wp-json\/wp\/v2\/posts\/927","targetHints":{"allow":["GET"]}}],"collection":[{"href":"https:\/\/viniciojarquin.com\/blog\/wp-json\/wp\/v2\/posts"}],"about":[{"href":"https:\/\/viniciojarquin.com\/blog\/wp-json\/wp\/v2\/types\/post"}],"author":[{"embeddable":true,"href":"https:\/\/viniciojarquin.com\/blog\/wp-json\/wp\/v2\/users\/1"}],"replies":[{"embeddable":true,"href":"https:\/\/viniciojarquin.com\/blog\/wp-json\/wp\/v2\/comments?post=927"}],"version-history":[{"count":1,"href":"https:\/\/viniciojarquin.com\/blog\/wp-json\/wp\/v2\/posts\/927\/revisions"}],"predecessor-version":[{"id":930,"href":"https:\/\/viniciojarquin.com\/blog\/wp-json\/wp\/v2\/posts\/927\/revisions\/930"}],"wp:featuredmedia":[{"embeddable":true,"href":"https:\/\/viniciojarquin.com\/blog\/wp-json\/wp\/v2\/media\/929"}],"wp:attachment":[{"href":"https:\/\/viniciojarquin.com\/blog\/wp-json\/wp\/v2\/media?parent=927"}],"wp:term":[{"taxonomy":"category","embeddable":true,"href":"https:\/\/viniciojarquin.com\/blog\/wp-json\/wp\/v2\/categories?post=927"},{"taxonomy":"post_tag","embeddable":true,"href":"https:\/\/viniciojarquin.com\/blog\/wp-json\/wp\/v2\/tags?post=927"}],"curies":[{"name":"wp","href":"https:\/\/api.w.org\/{rel}","templated":true}]}}