{"id":935,"date":"2025-10-26T01:45:35","date_gmt":"2025-10-26T01:45:35","guid":{"rendered":"https:\/\/viniciojarquin.com\/blog\/?p=935"},"modified":"2025-10-26T01:45:38","modified_gmt":"2025-10-26T01:45:38","slug":"05-el-poder-judicial","status":"publish","type":"post","link":"https:\/\/viniciojarquin.com\/blog\/05-el-poder-judicial\/","title":{"rendered":"05 &#8211; EL PODER JUDICIAL"},"content":{"rendered":"\n<figure class=\"wp-block-image size-full\"><img decoding=\"async\" width=\"800\" height=\"800\" data-src=\"https:\/\/viniciojarquin.com\/blog\/wp-content\/uploads\/2025\/10\/El-Poder-Judicial.jpg\" alt=\"\" class=\"wp-image-939 lazyload\" data-srcset=\"https:\/\/viniciojarquin.com\/blog\/wp-content\/uploads\/2025\/10\/El-Poder-Judicial.jpg 800w, https:\/\/viniciojarquin.com\/blog\/wp-content\/uploads\/2025\/10\/El-Poder-Judicial-300x300.jpg 300w, https:\/\/viniciojarquin.com\/blog\/wp-content\/uploads\/2025\/10\/El-Poder-Judicial-150x150.jpg 150w, https:\/\/viniciojarquin.com\/blog\/wp-content\/uploads\/2025\/10\/El-Poder-Judicial-768x768.jpg 768w\" data-sizes=\"(max-width: 800px) 100vw, 800px\" src=\"data:image\/svg+xml;base64,PHN2ZyB3aWR0aD0iMSIgaGVpZ2h0PSIxIiB4bWxucz0iaHR0cDovL3d3dy53My5vcmcvMjAwMC9zdmciPjwvc3ZnPg==\" style=\"--smush-placeholder-width: 800px; --smush-placeholder-aspect-ratio: 800\/800;\" \/><\/figure>\n\n\n\n<p>Si el Poder Ejecutivo gobierna y el Legislativo hace las leyes, el <strong>Poder Judicial<\/strong> es quien <strong>las hace valer<\/strong>.<\/p>\n\n\n\n<p>Es el guardi\u00e1n del Estado de Derecho, la voz que dice: \u201caqu\u00ed hay l\u00edmites, aqu\u00ed hay justicia\u201d.<\/p>\n\n\n\n<p>Y aunque a veces se le vea distante o burocr\u00e1tico, su funci\u00f3n es vital: sin justicia, no hay democracia posible.<\/p>\n\n\n\n<p>El Poder Judicial es quien <strong>interpreta y aplica las leyes<\/strong>, resolviendo los conflictos entre personas, empresas, instituciones y hasta entre los propios poderes del Estado.<\/p>\n\n\n\n<p>Su labor garantiza que todos \u2014incluyendo el presidente de la Rep\u00fablica\u2014 est\u00e9n sujetos a la ley. &nbsp;Nadie est\u00e1 por encima de ella.<\/p>\n\n\n\n<p>Est\u00e1 encabezado por la <strong>Corte Suprema de Justicia<\/strong>, compuesta por magistradas y magistrados elegidos por la Asamblea Legislativa. &nbsp;<\/p>\n\n\n\n<p>Esta Corte se divide en salas especializadas: la <strong>Sala Primera<\/strong> (asuntos civiles y mercantiles), la <strong>Sala Segunda<\/strong> (materia laboral y familia), la <strong>Sala Tercera<\/strong> (penal), y la <strong>Sala Constitucional<\/strong>, m\u00e1s conocida como <strong>Sala IV<\/strong>, encargada de proteger los derechos fundamentales establecidos en la Constituci\u00f3n. &nbsp;<\/p>\n\n\n\n<p>A trav\u00e9s de jueces y tribunales distribuidos en todo el pa\u00eds, el Poder Judicial atiende desde las causas m\u00e1s sencillas hasta los casos que marcan precedentes nacionales.<\/p>\n\n\n\n<p>Es la instituci\u00f3n que vela porque exista equilibrio, respeto y legalidad, incluso frente a las decisiones del propio gobierno. &nbsp;Su independencia no es un lujo, sino una <strong>condici\u00f3n necesaria<\/strong>.<\/p>\n\n\n\n<p>Cuando un pa\u00eds pierde la independencia de sus jueces, pierde la posibilidad de confiar en que sus derechos ser\u00e1n respetados.<\/p>\n\n\n\n<p>Por eso la Constituci\u00f3n protege al Poder Judicial de interferencias pol\u00edticas, medi\u00e1ticas o econ\u00f3micas. &nbsp;Sin embargo, su tarea no es solo castigar. Tambi\u00e9n busca <strong>reparar, educar y prevenir<\/strong>, record\u00e1ndonos que la justicia no siempre es una sentencia: a veces es un proceso de reconciliaci\u00f3n con la verdad.<\/p>\n\n\n\n<p>El Poder Judicial es, en esencia, <strong>la conciencia legal del pa\u00eds<\/strong>. &nbsp;Es la voz que debe mantenerse firme, aun cuando sea inc\u00f3moda. &nbsp;Y en tiempos donde las emociones suelen gobernar las redes y la opini\u00f3n p\u00fablica, la justicia debe seguir siendo el espacio donde manda la raz\u00f3n, no el ruido. &nbsp;Porque un pa\u00eds sin jueces independientes puede tener leyes, pero no justicia.<\/p>\n\n\n\n<p>Y un pa\u00eds sin justicia puede tener gobierno, pero no libertad.<\/p>\n","protected":false},"excerpt":{"rendered":"<p>Si el Poder Ejecutivo gobierna y el Legislativo hace las leyes, el Poder Judicial es quien las hace valer. Es [&hellip;]<\/p>\n","protected":false},"author":1,"featured_media":939,"comment_status":"open","ping_status":"open","sticky":false,"template":"","format":"standard","meta":{"site-sidebar-layout":"default","site-content-layout":"","ast-site-content-layout":"","site-content-style":"default","site-sidebar-style":"default","ast-global-header-display":"","ast-banner-title-visibility":"","ast-main-header-display":"","ast-hfb-above-header-display":"","ast-hfb-below-header-display":"","ast-hfb-mobile-header-display":"","site-post-title":"","ast-breadcrumbs-content":"","ast-featured-img":"","footer-sml-layout":"","theme-transparent-header-meta":"","adv-header-id-meta":"","stick-header-meta":"","header-above-stick-meta":"","header-main-stick-meta":"","header-below-stick-meta":"","astra-migrate-meta-layouts":"default","ast-page-background-enabled":"default","ast-page-background-meta":{"desktop":{"background-color":"var(--ast-global-color-5)","background-image":"","background-repeat":"repeat","background-position":"center center","background-size":"auto","background-attachment":"scroll","background-type":"","background-media":"","overlay-type":"","overlay-color":"","overlay-opacity":"","overlay-gradient":""},"tablet":{"background-color":"","background-image":"","background-repeat":"repeat","background-position":"center center","background-size":"auto","background-attachment":"scroll","background-type":"","background-media":"","overlay-type":"","overlay-color":"","overlay-opacity":"","overlay-gradient":""},"mobile":{"background-color":"","background-image":"","background-repeat":"repeat","background-position":"center center","background-size":"auto","background-attachment":"scroll","background-type":"","background-media":"","overlay-type":"","overlay-color":"","overlay-opacity":"","overlay-gradient":""}},"ast-content-background-meta":{"desktop":{"background-color":"var(--ast-global-color-4)","background-image":"","background-repeat":"repeat","background-position":"center center","background-size":"auto","background-attachment":"scroll","background-type":"","background-media":"","overlay-type":"","overlay-color":"","overlay-opacity":"","overlay-gradient":""},"tablet":{"background-color":"var(--ast-global-color-4)","background-image":"","background-repeat":"repeat","background-position":"center center","background-size":"auto","background-attachment":"scroll","background-type":"","background-media":"","overlay-type":"","overlay-color":"","overlay-opacity":"","overlay-gradient":""},"mobile":{"background-color":"var(--ast-global-color-4)","background-image":"","background-repeat":"repeat","background-position":"center center","background-size":"auto","background-attachment":"scroll","background-type":"","background-media":"","overlay-type":"","overlay-color":"","overlay-opacity":"","overlay-gradient":""}},"footnotes":""},"categories":[18],"tags":[],"class_list":["post-935","post","type-post","status-publish","format-standard","has-post-thumbnail","hentry","category-eduquemonos"],"yoast_head":"<!-- This site is optimized with the Yoast SEO plugin v26.0 - https:\/\/yoast.com\/wordpress\/plugins\/seo\/ -->\n<title>05 - EL PODER JUDICIAL - MI BLOG<\/title>\n<meta name=\"robots\" content=\"index, follow, max-snippet:-1, max-image-preview:large, max-video-preview:-1\" \/>\n<link rel=\"canonical\" href=\"https:\/\/viniciojarquin.com\/blog\/05-el-poder-judicial\/\" \/>\n<meta property=\"og:locale\" content=\"es_ES\" \/>\n<meta property=\"og:type\" content=\"article\" \/>\n<meta property=\"og:title\" content=\"05 - EL PODER JUDICIAL - MI BLOG\" \/>\n<meta property=\"og:description\" content=\"Si el Poder Ejecutivo gobierna y el Legislativo hace las leyes, el Poder Judicial es quien las hace valer. Es [&hellip;]\" \/>\n<meta property=\"og:url\" content=\"https:\/\/viniciojarquin.com\/blog\/05-el-poder-judicial\/\" \/>\n<meta property=\"og:site_name\" content=\"MI BLOG\" \/>\n<meta property=\"article:publisher\" content=\"https:\/\/www.facebook.com\/vinicio.jarquin\" \/>\n<meta property=\"article:author\" content=\"https:\/\/www.facebook.com\/vinicio.jarquin\" \/>\n<meta property=\"article:published_time\" content=\"2025-10-26T01:45:35+00:00\" \/>\n<meta property=\"article:modified_time\" content=\"2025-10-26T01:45:38+00:00\" \/>\n<meta property=\"og:image\" content=\"https:\/\/viniciojarquin.com\/blog\/wp-content\/uploads\/2025\/10\/El-Poder-Judicial.jpg\" \/>\n\t<meta property=\"og:image:width\" content=\"800\" \/>\n\t<meta property=\"og:image:height\" content=\"800\" \/>\n\t<meta property=\"og:image:type\" content=\"image\/jpeg\" \/>\n<meta name=\"author\" content=\"Vinicio Jarqu\u00edn\" \/>\n<meta name=\"twitter:card\" content=\"summary_large_image\" \/>\n<meta name=\"twitter:label1\" content=\"Escrito por\" \/>\n\t<meta name=\"twitter:data1\" content=\"Vinicio Jarqu\u00edn\" \/>\n\t<meta name=\"twitter:label2\" content=\"Tiempo de lectura\" \/>\n\t<meta name=\"twitter:data2\" content=\"3 minutos\" \/>\n<script type=\"application\/ld+json\" class=\"yoast-schema-graph\">{\"@context\":\"https:\/\/schema.org\",\"@graph\":[{\"@type\":\"Article\",\"@id\":\"https:\/\/viniciojarquin.com\/blog\/05-el-poder-judicial\/#article\",\"isPartOf\":{\"@id\":\"https:\/\/viniciojarquin.com\/blog\/05-el-poder-judicial\/\"},\"author\":{\"name\":\"Vinicio Jarqu\u00edn\",\"@id\":\"https:\/\/viniciojarquin.com\/blog\/#\/schema\/person\/90100c8845ae55462ec0657d3d2f8d3b\"},\"headline\":\"05 &#8211; EL PODER JUDICIAL\",\"datePublished\":\"2025-10-26T01:45:35+00:00\",\"dateModified\":\"2025-10-26T01:45:38+00:00\",\"mainEntityOfPage\":{\"@id\":\"https:\/\/viniciojarquin.com\/blog\/05-el-poder-judicial\/\"},\"wordCount\":402,\"commentCount\":0,\"publisher\":{\"@id\":\"https:\/\/viniciojarquin.com\/blog\/#\/schema\/person\/90100c8845ae55462ec0657d3d2f8d3b\"},\"image\":{\"@id\":\"https:\/\/viniciojarquin.com\/blog\/05-el-poder-judicial\/#primaryimage\"},\"thumbnailUrl\":\"https:\/\/viniciojarquin.com\/blog\/wp-content\/uploads\/2025\/10\/El-Poder-Judicial.jpg\",\"articleSection\":[\"Serie: Eduqu\u00e9monos\"],\"inLanguage\":\"es\",\"potentialAction\":[{\"@type\":\"CommentAction\",\"name\":\"Comment\",\"target\":[\"https:\/\/viniciojarquin.com\/blog\/05-el-poder-judicial\/#respond\"]}]},{\"@type\":\"WebPage\",\"@id\":\"https:\/\/viniciojarquin.com\/blog\/05-el-poder-judicial\/\",\"url\":\"https:\/\/viniciojarquin.com\/blog\/05-el-poder-judicial\/\",\"name\":\"05 - EL PODER JUDICIAL - MI BLOG\",\"isPartOf\":{\"@id\":\"https:\/\/viniciojarquin.com\/blog\/#website\"},\"primaryImageOfPage\":{\"@id\":\"https:\/\/viniciojarquin.com\/blog\/05-el-poder-judicial\/#primaryimage\"},\"image\":{\"@id\":\"https:\/\/viniciojarquin.com\/blog\/05-el-poder-judicial\/#primaryimage\"},\"thumbnailUrl\":\"https:\/\/viniciojarquin.com\/blog\/wp-content\/uploads\/2025\/10\/El-Poder-Judicial.jpg\",\"datePublished\":\"2025-10-26T01:45:35+00:00\",\"dateModified\":\"2025-10-26T01:45:38+00:00\",\"breadcrumb\":{\"@id\":\"https:\/\/viniciojarquin.com\/blog\/05-el-poder-judicial\/#breadcrumb\"},\"inLanguage\":\"es\",\"potentialAction\":[{\"@type\":\"ReadAction\",\"target\":[\"https:\/\/viniciojarquin.com\/blog\/05-el-poder-judicial\/\"]}]},{\"@type\":\"ImageObject\",\"inLanguage\":\"es\",\"@id\":\"https:\/\/viniciojarquin.com\/blog\/05-el-poder-judicial\/#primaryimage\",\"url\":\"https:\/\/viniciojarquin.com\/blog\/wp-content\/uploads\/2025\/10\/El-Poder-Judicial.jpg\",\"contentUrl\":\"https:\/\/viniciojarquin.com\/blog\/wp-content\/uploads\/2025\/10\/El-Poder-Judicial.jpg\",\"width\":800,\"height\":800},{\"@type\":\"BreadcrumbList\",\"@id\":\"https:\/\/viniciojarquin.com\/blog\/05-el-poder-judicial\/#breadcrumb\",\"itemListElement\":[{\"@type\":\"ListItem\",\"position\":1,\"name\":\"Portada\",\"item\":\"https:\/\/viniciojarquin.com\/blog\/\"},{\"@type\":\"ListItem\",\"position\":2,\"name\":\"05 &#8211; EL PODER JUDICIAL\"}]},{\"@type\":\"WebSite\",\"@id\":\"https:\/\/viniciojarquin.com\/blog\/#website\",\"url\":\"https:\/\/viniciojarquin.com\/blog\/\",\"name\":\"Vinicio Jarqu\u00edn BLOG\",\"description\":\"\",\"publisher\":{\"@id\":\"https:\/\/viniciojarquin.com\/blog\/#\/schema\/person\/90100c8845ae55462ec0657d3d2f8d3b\"},\"potentialAction\":[{\"@type\":\"SearchAction\",\"target\":{\"@type\":\"EntryPoint\",\"urlTemplate\":\"https:\/\/viniciojarquin.com\/blog\/?s={search_term_string}\"},\"query-input\":{\"@type\":\"PropertyValueSpecification\",\"valueRequired\":true,\"valueName\":\"search_term_string\"}}],\"inLanguage\":\"es\"},{\"@type\":[\"Person\",\"Organization\"],\"@id\":\"https:\/\/viniciojarquin.com\/blog\/#\/schema\/person\/90100c8845ae55462ec0657d3d2f8d3b\",\"name\":\"Vinicio Jarqu\u00edn\",\"image\":{\"@type\":\"ImageObject\",\"inLanguage\":\"es\",\"@id\":\"https:\/\/viniciojarquin.com\/blog\/#\/schema\/person\/image\/\",\"url\":\"https:\/\/viniciojarquin.com\/blog\/wp-content\/uploads\/2024\/10\/Logo-VinicioJarquin-original-400.png\",\"contentUrl\":\"https:\/\/viniciojarquin.com\/blog\/wp-content\/uploads\/2024\/10\/Logo-VinicioJarquin-original-400.png\",\"width\":400,\"height\":130,\"caption\":\"Vinicio Jarqu\u00edn\"},\"logo\":{\"@id\":\"https:\/\/viniciojarquin.com\/blog\/#\/schema\/person\/image\/\"},\"description\":\"Empresario textil, artista pl\u00e1stico, escritor, coach de vida y fot\u00f3grafo.\",\"sameAs\":[\"https:\/\/viniciojarquin.com\/blog\",\"https:\/\/www.facebook.com\/vinicio.jarquin\",\"https:\/\/www.instagram.com\/vinicio_jarquin\/\",\"https:\/\/www.pinterest.com\/vinnyjc\/\",\"https:\/\/www.youtube.com\/@VinicioJarquin\"],\"url\":\"https:\/\/viniciojarquin.com\/blog\/author\/admin_s02au25i\/\"}]}<\/script>\n<!-- \/ Yoast SEO plugin. -->","yoast_head_json":{"title":"05 - EL PODER JUDICIAL - MI BLOG","robots":{"index":"index","follow":"follow","max-snippet":"max-snippet:-1","max-image-preview":"max-image-preview:large","max-video-preview":"max-video-preview:-1"},"canonical":"https:\/\/viniciojarquin.com\/blog\/05-el-poder-judicial\/","og_locale":"es_ES","og_type":"article","og_title":"05 - EL PODER JUDICIAL - MI BLOG","og_description":"Si el Poder Ejecutivo gobierna y el Legislativo hace las leyes, el Poder Judicial es quien las hace valer. Es [&hellip;]","og_url":"https:\/\/viniciojarquin.com\/blog\/05-el-poder-judicial\/","og_site_name":"MI BLOG","article_publisher":"https:\/\/www.facebook.com\/vinicio.jarquin","article_author":"https:\/\/www.facebook.com\/vinicio.jarquin","article_published_time":"2025-10-26T01:45:35+00:00","article_modified_time":"2025-10-26T01:45:38+00:00","og_image":[{"width":800,"height":800,"url":"https:\/\/viniciojarquin.com\/blog\/wp-content\/uploads\/2025\/10\/El-Poder-Judicial.jpg","type":"image\/jpeg"}],"author":"Vinicio Jarqu\u00edn","twitter_card":"summary_large_image","twitter_misc":{"Escrito por":"Vinicio Jarqu\u00edn","Tiempo de lectura":"3 minutos"},"schema":{"@context":"https:\/\/schema.org","@graph":[{"@type":"Article","@id":"https:\/\/viniciojarquin.com\/blog\/05-el-poder-judicial\/#article","isPartOf":{"@id":"https:\/\/viniciojarquin.com\/blog\/05-el-poder-judicial\/"},"author":{"name":"Vinicio Jarqu\u00edn","@id":"https:\/\/viniciojarquin.com\/blog\/#\/schema\/person\/90100c8845ae55462ec0657d3d2f8d3b"},"headline":"05 &#8211; EL PODER JUDICIAL","datePublished":"2025-10-26T01:45:35+00:00","dateModified":"2025-10-26T01:45:38+00:00","mainEntityOfPage":{"@id":"https:\/\/viniciojarquin.com\/blog\/05-el-poder-judicial\/"},"wordCount":402,"commentCount":0,"publisher":{"@id":"https:\/\/viniciojarquin.com\/blog\/#\/schema\/person\/90100c8845ae55462ec0657d3d2f8d3b"},"image":{"@id":"https:\/\/viniciojarquin.com\/blog\/05-el-poder-judicial\/#primaryimage"},"thumbnailUrl":"https:\/\/viniciojarquin.com\/blog\/wp-content\/uploads\/2025\/10\/El-Poder-Judicial.jpg","articleSection":["Serie: Eduqu\u00e9monos"],"inLanguage":"es","potentialAction":[{"@type":"CommentAction","name":"Comment","target":["https:\/\/viniciojarquin.com\/blog\/05-el-poder-judicial\/#respond"]}]},{"@type":"WebPage","@id":"https:\/\/viniciojarquin.com\/blog\/05-el-poder-judicial\/","url":"https:\/\/viniciojarquin.com\/blog\/05-el-poder-judicial\/","name":"05 - EL PODER JUDICIAL - MI BLOG","isPartOf":{"@id":"https:\/\/viniciojarquin.com\/blog\/#website"},"primaryImageOfPage":{"@id":"https:\/\/viniciojarquin.com\/blog\/05-el-poder-judicial\/#primaryimage"},"image":{"@id":"https:\/\/viniciojarquin.com\/blog\/05-el-poder-judicial\/#primaryimage"},"thumbnailUrl":"https:\/\/viniciojarquin.com\/blog\/wp-content\/uploads\/2025\/10\/El-Poder-Judicial.jpg","datePublished":"2025-10-26T01:45:35+00:00","dateModified":"2025-10-26T01:45:38+00:00","breadcrumb":{"@id":"https:\/\/viniciojarquin.com\/blog\/05-el-poder-judicial\/#breadcrumb"},"inLanguage":"es","potentialAction":[{"@type":"ReadAction","target":["https:\/\/viniciojarquin.com\/blog\/05-el-poder-judicial\/"]}]},{"@type":"ImageObject","inLanguage":"es","@id":"https:\/\/viniciojarquin.com\/blog\/05-el-poder-judicial\/#primaryimage","url":"https:\/\/viniciojarquin.com\/blog\/wp-content\/uploads\/2025\/10\/El-Poder-Judicial.jpg","contentUrl":"https:\/\/viniciojarquin.com\/blog\/wp-content\/uploads\/2025\/10\/El-Poder-Judicial.jpg","width":800,"height":800},{"@type":"BreadcrumbList","@id":"https:\/\/viniciojarquin.com\/blog\/05-el-poder-judicial\/#breadcrumb","itemListElement":[{"@type":"ListItem","position":1,"name":"Portada","item":"https:\/\/viniciojarquin.com\/blog\/"},{"@type":"ListItem","position":2,"name":"05 &#8211; EL PODER JUDICIAL"}]},{"@type":"WebSite","@id":"https:\/\/viniciojarquin.com\/blog\/#website","url":"https:\/\/viniciojarquin.com\/blog\/","name":"Vinicio Jarqu\u00edn BLOG","description":"","publisher":{"@id":"https:\/\/viniciojarquin.com\/blog\/#\/schema\/person\/90100c8845ae55462ec0657d3d2f8d3b"},"potentialAction":[{"@type":"SearchAction","target":{"@type":"EntryPoint","urlTemplate":"https:\/\/viniciojarquin.com\/blog\/?s={search_term_string}"},"query-input":{"@type":"PropertyValueSpecification","valueRequired":true,"valueName":"search_term_string"}}],"inLanguage":"es"},{"@type":["Person","Organization"],"@id":"https:\/\/viniciojarquin.com\/blog\/#\/schema\/person\/90100c8845ae55462ec0657d3d2f8d3b","name":"Vinicio Jarqu\u00edn","image":{"@type":"ImageObject","inLanguage":"es","@id":"https:\/\/viniciojarquin.com\/blog\/#\/schema\/person\/image\/","url":"https:\/\/viniciojarquin.com\/blog\/wp-content\/uploads\/2024\/10\/Logo-VinicioJarquin-original-400.png","contentUrl":"https:\/\/viniciojarquin.com\/blog\/wp-content\/uploads\/2024\/10\/Logo-VinicioJarquin-original-400.png","width":400,"height":130,"caption":"Vinicio Jarqu\u00edn"},"logo":{"@id":"https:\/\/viniciojarquin.com\/blog\/#\/schema\/person\/image\/"},"description":"Empresario textil, artista pl\u00e1stico, escritor, coach de vida y fot\u00f3grafo.","sameAs":["https:\/\/viniciojarquin.com\/blog","https:\/\/www.facebook.com\/vinicio.jarquin","https:\/\/www.instagram.com\/vinicio_jarquin\/","https:\/\/www.pinterest.com\/vinnyjc\/","https:\/\/www.youtube.com\/@VinicioJarquin"],"url":"https:\/\/viniciojarquin.com\/blog\/author\/admin_s02au25i\/"}]}},"blog_post_layout_featured_media_urls":{"thumbnail":["https:\/\/viniciojarquin.com\/blog\/wp-content\/uploads\/2025\/10\/El-Poder-Judicial-150x150.jpg",150,150,true],"full":["https:\/\/viniciojarquin.com\/blog\/wp-content\/uploads\/2025\/10\/El-Poder-Judicial.jpg",800,800,false]},"categories_names":{"18":{"name":"Serie: Eduqu\u00e9monos","link":"https:\/\/viniciojarquin.com\/blog\/category\/eduquemonos\/"}},"tags_names":[],"comments_number":"0","_links":{"self":[{"href":"https:\/\/viniciojarquin.com\/blog\/wp-json\/wp\/v2\/posts\/935","targetHints":{"allow":["GET"]}}],"collection":[{"href":"https:\/\/viniciojarquin.com\/blog\/wp-json\/wp\/v2\/posts"}],"about":[{"href":"https:\/\/viniciojarquin.com\/blog\/wp-json\/wp\/v2\/types\/post"}],"author":[{"embeddable":true,"href":"https:\/\/viniciojarquin.com\/blog\/wp-json\/wp\/v2\/users\/1"}],"replies":[{"embeddable":true,"href":"https:\/\/viniciojarquin.com\/blog\/wp-json\/wp\/v2\/comments?post=935"}],"version-history":[{"count":1,"href":"https:\/\/viniciojarquin.com\/blog\/wp-json\/wp\/v2\/posts\/935\/revisions"}],"predecessor-version":[{"id":943,"href":"https:\/\/viniciojarquin.com\/blog\/wp-json\/wp\/v2\/posts\/935\/revisions\/943"}],"wp:featuredmedia":[{"embeddable":true,"href":"https:\/\/viniciojarquin.com\/blog\/wp-json\/wp\/v2\/media\/939"}],"wp:attachment":[{"href":"https:\/\/viniciojarquin.com\/blog\/wp-json\/wp\/v2\/media?parent=935"}],"wp:term":[{"taxonomy":"category","embeddable":true,"href":"https:\/\/viniciojarquin.com\/blog\/wp-json\/wp\/v2\/categories?post=935"},{"taxonomy":"post_tag","embeddable":true,"href":"https:\/\/viniciojarquin.com\/blog\/wp-json\/wp\/v2\/tags?post=935"}],"curies":[{"name":"wp","href":"https:\/\/api.w.org\/{rel}","templated":true}]}}