{"id":945,"date":"2025-10-26T02:17:45","date_gmt":"2025-10-26T02:17:45","guid":{"rendered":"https:\/\/viniciojarquin.com\/blog\/?p=945"},"modified":"2025-10-26T02:17:48","modified_gmt":"2025-10-26T02:17:48","slug":"06-la-contraloria-general-de-la-republica","status":"publish","type":"post","link":"https:\/\/viniciojarquin.com\/blog\/06-la-contraloria-general-de-la-republica\/","title":{"rendered":"06 &#8211; LA CONTRALOR\u00cdA GENERAL DE LA REP\u00daBLICA"},"content":{"rendered":"\n<figure class=\"wp-block-image size-full\"><img decoding=\"async\" width=\"800\" height=\"800\" data-src=\"https:\/\/viniciojarquin.com\/blog\/wp-content\/uploads\/2025\/10\/La-Contraloria-General-de-la-Republica-1.jpg\" alt=\"\" class=\"wp-image-956 lazyload\" data-srcset=\"https:\/\/viniciojarquin.com\/blog\/wp-content\/uploads\/2025\/10\/La-Contraloria-General-de-la-Republica-1.jpg 800w, https:\/\/viniciojarquin.com\/blog\/wp-content\/uploads\/2025\/10\/La-Contraloria-General-de-la-Republica-1-300x300.jpg 300w, https:\/\/viniciojarquin.com\/blog\/wp-content\/uploads\/2025\/10\/La-Contraloria-General-de-la-Republica-1-150x150.jpg 150w, https:\/\/viniciojarquin.com\/blog\/wp-content\/uploads\/2025\/10\/La-Contraloria-General-de-la-Republica-1-768x768.jpg 768w\" data-sizes=\"(max-width: 800px) 100vw, 800px\" src=\"data:image\/svg+xml;base64,PHN2ZyB3aWR0aD0iMSIgaGVpZ2h0PSIxIiB4bWxucz0iaHR0cDovL3d3dy53My5vcmcvMjAwMC9zdmciPjwvc3ZnPg==\" style=\"--smush-placeholder-width: 800px; --smush-placeholder-aspect-ratio: 800\/800;\" \/><\/figure>\n\n\n\n<p>En los \u00faltimos d\u00edas, muchas personas se han sorprendido al ver noticias donde la Contralor\u00eda General de la Rep\u00fablica le \u201cda \u00f3rdenes\u201d al Gobierno.<\/p>\n\n\n\n<p>Algunos incluso se preguntan: \u00bfY qui\u00e9n se cree la Contralor\u00eda para mandarle al presidente o a los ministros lo que deben hacer o no hacer? La respuesta es sencilla: <strong>no se lo \u201ccree\u201d, es su deber hacerlo.<\/strong><\/p>\n\n\n\n<p>La Contralor\u00eda General de la Rep\u00fablica no es un enemigo del Gobierno, ni un poder aparte que busca imponer su voluntad.<\/p>\n\n\n\n<p>Es un <strong>\u00f3rgano constitucional<\/strong> creado precisamente para <strong>vigilar que los recursos p\u00fablicos se usen de forma correcta, eficiente y transparente<\/strong>.<\/p>\n\n\n\n<p>En otras palabras, la Contralor\u00eda es la <strong>guardiana del dinero p\u00fablico<\/strong>, del dinero que es de todos. &nbsp;Su funci\u00f3n no es pol\u00edtica, sino t\u00e9cnica y legal. No est\u00e1 a favor ni en contra de ning\u00fan gobierno; est\u00e1 a favor del <strong>buen uso de los fondos p\u00fablicos<\/strong>.<\/p>\n\n\n\n<p>Por eso, cuando detecta irregularidades, excesos o procedimientos contrarios a la ley, <strong>tiene la obligaci\u00f3n de intervenir<\/strong>.<\/p>\n\n\n\n<p>El Gobierno administra. &nbsp;La Contralor\u00eda fiscaliza. &nbsp;Y ambos existen para garantizar que el Estado funcione con equilibrio, sin abuso de poder y con rendici\u00f3n de cuentas.<\/p>\n\n\n\n<p>La Contralor\u00eda revisa presupuestos, contratos, concesiones, proyectos y gastos de instituciones del Estado. Supervisa los movimientos financieros de ministerios, municipalidades, universidades p\u00fablicas y bancos estatales, entre otros.<\/p>\n\n\n\n<p>Si algo se aprueba o ejecuta sin cumplir la ley, <strong>la Contralor\u00eda puede detenerlo, anularlo o exigir correcciones.<\/strong> &nbsp;Esa no es una falta de respeto al Poder Ejecutivo. Es <strong>una manifestaci\u00f3n de la democracia<\/strong>.<\/p>\n\n\n\n<p>As\u00ed como el Tribunal Supremo de Elecciones garantiza que los comicios sean transparentes, la Contralor\u00eda garantiza que el dinero del pueblo sea usado correctamente.<\/p>\n\n\n\n<p>No todas las decisiones del Gobierno son revisables por la Contralor\u00eda, pero s\u00ed aquellas que impliquen <strong>uso de fondos p\u00fablicos<\/strong>.<\/p>\n\n\n\n<p>Y cuando la Contralor\u00eda emite una orden o resoluci\u00f3n, lo hace <strong>con base en la Constituci\u00f3n y en la ley<\/strong>, no por capricho.<\/p>\n\n\n\n<p>Por eso, cuando alguien pregunta \u201c\u00bfqui\u00e9n se cree la Contralor\u00eda para darle \u00f3rdenes al Gobierno?\u201d, la respuesta deber\u00eda ser: &nbsp;<strong>no se cree nada, simplemente cumple con su trabajo.<\/strong><\/p>\n\n\n\n<p>Y en una democracia sana, eso no solo debe respetarse: debe celebrarse.<\/p>\n\n\n\n<p>Porque el d\u00eda en que los \u00f3rganos de control callen por miedo o por presi\u00f3n, ese d\u00eda, sin darnos cuenta, habremos perdido algo mucho m\u00e1s valioso que un presupuesto: <strong>la confianza en nuestras instituciones.<\/strong><\/p>\n","protected":false},"excerpt":{"rendered":"<p>En los \u00faltimos d\u00edas, muchas personas se han sorprendido al ver noticias donde la Contralor\u00eda General de la Rep\u00fablica le [&hellip;]<\/p>\n","protected":false},"author":1,"featured_media":956,"comment_status":"open","ping_status":"open","sticky":false,"template":"","format":"standard","meta":{"site-sidebar-layout":"default","site-content-layout":"","ast-site-content-layout":"","site-content-style":"default","site-sidebar-style":"default","ast-global-header-display":"","ast-banner-title-visibility":"","ast-main-header-display":"","ast-hfb-above-header-display":"","ast-hfb-below-header-display":"","ast-hfb-mobile-header-display":"","site-post-title":"","ast-breadcrumbs-content":"","ast-featured-img":"","footer-sml-layout":"","theme-transparent-header-meta":"","adv-header-id-meta":"","stick-header-meta":"","header-above-stick-meta":"","header-main-stick-meta":"","header-below-stick-meta":"","astra-migrate-meta-layouts":"default","ast-page-background-enabled":"default","ast-page-background-meta":{"desktop":{"background-color":"var(--ast-global-color-5)","background-image":"","background-repeat":"repeat","background-position":"center center","background-size":"auto","background-attachment":"scroll","background-type":"","background-media":"","overlay-type":"","overlay-color":"","overlay-opacity":"","overlay-gradient":""},"tablet":{"background-color":"","background-image":"","background-repeat":"repeat","background-position":"center center","background-size":"auto","background-attachment":"scroll","background-type":"","background-media":"","overlay-type":"","overlay-color":"","overlay-opacity":"","overlay-gradient":""},"mobile":{"background-color":"","background-image":"","background-repeat":"repeat","background-position":"center center","background-size":"auto","background-attachment":"scroll","background-type":"","background-media":"","overlay-type":"","overlay-color":"","overlay-opacity":"","overlay-gradient":""}},"ast-content-background-meta":{"desktop":{"background-color":"var(--ast-global-color-4)","background-image":"","background-repeat":"repeat","background-position":"center center","background-size":"auto","background-attachment":"scroll","background-type":"","background-media":"","overlay-type":"","overlay-color":"","overlay-opacity":"","overlay-gradient":""},"tablet":{"background-color":"var(--ast-global-color-4)","background-image":"","background-repeat":"repeat","background-position":"center center","background-size":"auto","background-attachment":"scroll","background-type":"","background-media":"","overlay-type":"","overlay-color":"","overlay-opacity":"","overlay-gradient":""},"mobile":{"background-color":"var(--ast-global-color-4)","background-image":"","background-repeat":"repeat","background-position":"center center","background-size":"auto","background-attachment":"scroll","background-type":"","background-media":"","overlay-type":"","overlay-color":"","overlay-opacity":"","overlay-gradient":""}},"footnotes":""},"categories":[18],"tags":[],"class_list":["post-945","post","type-post","status-publish","format-standard","has-post-thumbnail","hentry","category-eduquemonos"],"yoast_head":"<!-- This site is optimized with the Yoast SEO plugin v26.0 - https:\/\/yoast.com\/wordpress\/plugins\/seo\/ -->\n<title>06 - LA CONTRALOR\u00cdA GENERAL DE LA REP\u00daBLICA - MI BLOG<\/title>\n<meta name=\"robots\" content=\"index, follow, max-snippet:-1, max-image-preview:large, max-video-preview:-1\" \/>\n<link rel=\"canonical\" href=\"https:\/\/viniciojarquin.com\/blog\/06-la-contraloria-general-de-la-republica\/\" \/>\n<meta property=\"og:locale\" content=\"es_ES\" \/>\n<meta property=\"og:type\" content=\"article\" \/>\n<meta property=\"og:title\" content=\"06 - LA CONTRALOR\u00cdA GENERAL DE LA REP\u00daBLICA - MI BLOG\" \/>\n<meta property=\"og:description\" content=\"En los \u00faltimos d\u00edas, muchas personas se han sorprendido al ver noticias donde la Contralor\u00eda General de la Rep\u00fablica le [&hellip;]\" \/>\n<meta property=\"og:url\" content=\"https:\/\/viniciojarquin.com\/blog\/06-la-contraloria-general-de-la-republica\/\" \/>\n<meta property=\"og:site_name\" content=\"MI BLOG\" \/>\n<meta property=\"article:publisher\" content=\"https:\/\/www.facebook.com\/vinicio.jarquin\" \/>\n<meta property=\"article:author\" content=\"https:\/\/www.facebook.com\/vinicio.jarquin\" \/>\n<meta property=\"article:published_time\" content=\"2025-10-26T02:17:45+00:00\" \/>\n<meta property=\"article:modified_time\" content=\"2025-10-26T02:17:48+00:00\" \/>\n<meta property=\"og:image\" content=\"https:\/\/viniciojarquin.com\/blog\/wp-content\/uploads\/2025\/10\/La-Contraloria-General-de-la-Republica-1.jpg\" \/>\n\t<meta property=\"og:image:width\" content=\"800\" \/>\n\t<meta property=\"og:image:height\" content=\"800\" \/>\n\t<meta property=\"og:image:type\" content=\"image\/jpeg\" \/>\n<meta name=\"author\" content=\"Vinicio Jarqu\u00edn\" \/>\n<meta name=\"twitter:card\" content=\"summary_large_image\" \/>\n<meta name=\"twitter:label1\" content=\"Escrito por\" \/>\n\t<meta name=\"twitter:data1\" content=\"Vinicio Jarqu\u00edn\" \/>\n\t<meta name=\"twitter:label2\" content=\"Tiempo de lectura\" \/>\n\t<meta name=\"twitter:data2\" content=\"3 minutos\" \/>\n<script type=\"application\/ld+json\" class=\"yoast-schema-graph\">{\"@context\":\"https:\/\/schema.org\",\"@graph\":[{\"@type\":\"Article\",\"@id\":\"https:\/\/viniciojarquin.com\/blog\/06-la-contraloria-general-de-la-republica\/#article\",\"isPartOf\":{\"@id\":\"https:\/\/viniciojarquin.com\/blog\/06-la-contraloria-general-de-la-republica\/\"},\"author\":{\"name\":\"Vinicio Jarqu\u00edn\",\"@id\":\"https:\/\/viniciojarquin.com\/blog\/#\/schema\/person\/90100c8845ae55462ec0657d3d2f8d3b\"},\"headline\":\"06 &#8211; LA CONTRALOR\u00cdA GENERAL DE LA REP\u00daBLICA\",\"datePublished\":\"2025-10-26T02:17:45+00:00\",\"dateModified\":\"2025-10-26T02:17:48+00:00\",\"mainEntityOfPage\":{\"@id\":\"https:\/\/viniciojarquin.com\/blog\/06-la-contraloria-general-de-la-republica\/\"},\"wordCount\":442,\"commentCount\":0,\"publisher\":{\"@id\":\"https:\/\/viniciojarquin.com\/blog\/#\/schema\/person\/90100c8845ae55462ec0657d3d2f8d3b\"},\"image\":{\"@id\":\"https:\/\/viniciojarquin.com\/blog\/06-la-contraloria-general-de-la-republica\/#primaryimage\"},\"thumbnailUrl\":\"https:\/\/viniciojarquin.com\/blog\/wp-content\/uploads\/2025\/10\/La-Contraloria-General-de-la-Republica-1.jpg\",\"articleSection\":[\"Serie: Eduqu\u00e9monos\"],\"inLanguage\":\"es\",\"potentialAction\":[{\"@type\":\"CommentAction\",\"name\":\"Comment\",\"target\":[\"https:\/\/viniciojarquin.com\/blog\/06-la-contraloria-general-de-la-republica\/#respond\"]}]},{\"@type\":\"WebPage\",\"@id\":\"https:\/\/viniciojarquin.com\/blog\/06-la-contraloria-general-de-la-republica\/\",\"url\":\"https:\/\/viniciojarquin.com\/blog\/06-la-contraloria-general-de-la-republica\/\",\"name\":\"06 - LA CONTRALOR\u00cdA GENERAL DE LA REP\u00daBLICA - MI BLOG\",\"isPartOf\":{\"@id\":\"https:\/\/viniciojarquin.com\/blog\/#website\"},\"primaryImageOfPage\":{\"@id\":\"https:\/\/viniciojarquin.com\/blog\/06-la-contraloria-general-de-la-republica\/#primaryimage\"},\"image\":{\"@id\":\"https:\/\/viniciojarquin.com\/blog\/06-la-contraloria-general-de-la-republica\/#primaryimage\"},\"thumbnailUrl\":\"https:\/\/viniciojarquin.com\/blog\/wp-content\/uploads\/2025\/10\/La-Contraloria-General-de-la-Republica-1.jpg\",\"datePublished\":\"2025-10-26T02:17:45+00:00\",\"dateModified\":\"2025-10-26T02:17:48+00:00\",\"breadcrumb\":{\"@id\":\"https:\/\/viniciojarquin.com\/blog\/06-la-contraloria-general-de-la-republica\/#breadcrumb\"},\"inLanguage\":\"es\",\"potentialAction\":[{\"@type\":\"ReadAction\",\"target\":[\"https:\/\/viniciojarquin.com\/blog\/06-la-contraloria-general-de-la-republica\/\"]}]},{\"@type\":\"ImageObject\",\"inLanguage\":\"es\",\"@id\":\"https:\/\/viniciojarquin.com\/blog\/06-la-contraloria-general-de-la-republica\/#primaryimage\",\"url\":\"https:\/\/viniciojarquin.com\/blog\/wp-content\/uploads\/2025\/10\/La-Contraloria-General-de-la-Republica-1.jpg\",\"contentUrl\":\"https:\/\/viniciojarquin.com\/blog\/wp-content\/uploads\/2025\/10\/La-Contraloria-General-de-la-Republica-1.jpg\",\"width\":800,\"height\":800},{\"@type\":\"BreadcrumbList\",\"@id\":\"https:\/\/viniciojarquin.com\/blog\/06-la-contraloria-general-de-la-republica\/#breadcrumb\",\"itemListElement\":[{\"@type\":\"ListItem\",\"position\":1,\"name\":\"Portada\",\"item\":\"https:\/\/viniciojarquin.com\/blog\/\"},{\"@type\":\"ListItem\",\"position\":2,\"name\":\"06 &#8211; LA CONTRALOR\u00cdA GENERAL DE LA REP\u00daBLICA\"}]},{\"@type\":\"WebSite\",\"@id\":\"https:\/\/viniciojarquin.com\/blog\/#website\",\"url\":\"https:\/\/viniciojarquin.com\/blog\/\",\"name\":\"Vinicio Jarqu\u00edn BLOG\",\"description\":\"\",\"publisher\":{\"@id\":\"https:\/\/viniciojarquin.com\/blog\/#\/schema\/person\/90100c8845ae55462ec0657d3d2f8d3b\"},\"potentialAction\":[{\"@type\":\"SearchAction\",\"target\":{\"@type\":\"EntryPoint\",\"urlTemplate\":\"https:\/\/viniciojarquin.com\/blog\/?s={search_term_string}\"},\"query-input\":{\"@type\":\"PropertyValueSpecification\",\"valueRequired\":true,\"valueName\":\"search_term_string\"}}],\"inLanguage\":\"es\"},{\"@type\":[\"Person\",\"Organization\"],\"@id\":\"https:\/\/viniciojarquin.com\/blog\/#\/schema\/person\/90100c8845ae55462ec0657d3d2f8d3b\",\"name\":\"Vinicio Jarqu\u00edn\",\"image\":{\"@type\":\"ImageObject\",\"inLanguage\":\"es\",\"@id\":\"https:\/\/viniciojarquin.com\/blog\/#\/schema\/person\/image\/\",\"url\":\"https:\/\/viniciojarquin.com\/blog\/wp-content\/uploads\/2024\/10\/Logo-VinicioJarquin-original-400.png\",\"contentUrl\":\"https:\/\/viniciojarquin.com\/blog\/wp-content\/uploads\/2024\/10\/Logo-VinicioJarquin-original-400.png\",\"width\":400,\"height\":130,\"caption\":\"Vinicio Jarqu\u00edn\"},\"logo\":{\"@id\":\"https:\/\/viniciojarquin.com\/blog\/#\/schema\/person\/image\/\"},\"description\":\"Empresario textil, artista pl\u00e1stico, escritor, coach de vida y fot\u00f3grafo.\",\"sameAs\":[\"https:\/\/viniciojarquin.com\/blog\",\"https:\/\/www.facebook.com\/vinicio.jarquin\",\"https:\/\/www.instagram.com\/vinicio_jarquin\/\",\"https:\/\/www.pinterest.com\/vinnyjc\/\",\"https:\/\/www.youtube.com\/@VinicioJarquin\"],\"url\":\"https:\/\/viniciojarquin.com\/blog\/author\/admin_s02au25i\/\"}]}<\/script>\n<!-- \/ Yoast SEO plugin. -->","yoast_head_json":{"title":"06 - LA CONTRALOR\u00cdA GENERAL DE LA REP\u00daBLICA - MI BLOG","robots":{"index":"index","follow":"follow","max-snippet":"max-snippet:-1","max-image-preview":"max-image-preview:large","max-video-preview":"max-video-preview:-1"},"canonical":"https:\/\/viniciojarquin.com\/blog\/06-la-contraloria-general-de-la-republica\/","og_locale":"es_ES","og_type":"article","og_title":"06 - LA CONTRALOR\u00cdA GENERAL DE LA REP\u00daBLICA - MI BLOG","og_description":"En los \u00faltimos d\u00edas, muchas personas se han sorprendido al ver noticias donde la Contralor\u00eda General de la Rep\u00fablica le [&hellip;]","og_url":"https:\/\/viniciojarquin.com\/blog\/06-la-contraloria-general-de-la-republica\/","og_site_name":"MI BLOG","article_publisher":"https:\/\/www.facebook.com\/vinicio.jarquin","article_author":"https:\/\/www.facebook.com\/vinicio.jarquin","article_published_time":"2025-10-26T02:17:45+00:00","article_modified_time":"2025-10-26T02:17:48+00:00","og_image":[{"width":800,"height":800,"url":"https:\/\/viniciojarquin.com\/blog\/wp-content\/uploads\/2025\/10\/La-Contraloria-General-de-la-Republica-1.jpg","type":"image\/jpeg"}],"author":"Vinicio Jarqu\u00edn","twitter_card":"summary_large_image","twitter_misc":{"Escrito por":"Vinicio Jarqu\u00edn","Tiempo de lectura":"3 minutos"},"schema":{"@context":"https:\/\/schema.org","@graph":[{"@type":"Article","@id":"https:\/\/viniciojarquin.com\/blog\/06-la-contraloria-general-de-la-republica\/#article","isPartOf":{"@id":"https:\/\/viniciojarquin.com\/blog\/06-la-contraloria-general-de-la-republica\/"},"author":{"name":"Vinicio Jarqu\u00edn","@id":"https:\/\/viniciojarquin.com\/blog\/#\/schema\/person\/90100c8845ae55462ec0657d3d2f8d3b"},"headline":"06 &#8211; LA CONTRALOR\u00cdA GENERAL DE LA REP\u00daBLICA","datePublished":"2025-10-26T02:17:45+00:00","dateModified":"2025-10-26T02:17:48+00:00","mainEntityOfPage":{"@id":"https:\/\/viniciojarquin.com\/blog\/06-la-contraloria-general-de-la-republica\/"},"wordCount":442,"commentCount":0,"publisher":{"@id":"https:\/\/viniciojarquin.com\/blog\/#\/schema\/person\/90100c8845ae55462ec0657d3d2f8d3b"},"image":{"@id":"https:\/\/viniciojarquin.com\/blog\/06-la-contraloria-general-de-la-republica\/#primaryimage"},"thumbnailUrl":"https:\/\/viniciojarquin.com\/blog\/wp-content\/uploads\/2025\/10\/La-Contraloria-General-de-la-Republica-1.jpg","articleSection":["Serie: Eduqu\u00e9monos"],"inLanguage":"es","potentialAction":[{"@type":"CommentAction","name":"Comment","target":["https:\/\/viniciojarquin.com\/blog\/06-la-contraloria-general-de-la-republica\/#respond"]}]},{"@type":"WebPage","@id":"https:\/\/viniciojarquin.com\/blog\/06-la-contraloria-general-de-la-republica\/","url":"https:\/\/viniciojarquin.com\/blog\/06-la-contraloria-general-de-la-republica\/","name":"06 - LA CONTRALOR\u00cdA GENERAL DE LA REP\u00daBLICA - MI BLOG","isPartOf":{"@id":"https:\/\/viniciojarquin.com\/blog\/#website"},"primaryImageOfPage":{"@id":"https:\/\/viniciojarquin.com\/blog\/06-la-contraloria-general-de-la-republica\/#primaryimage"},"image":{"@id":"https:\/\/viniciojarquin.com\/blog\/06-la-contraloria-general-de-la-republica\/#primaryimage"},"thumbnailUrl":"https:\/\/viniciojarquin.com\/blog\/wp-content\/uploads\/2025\/10\/La-Contraloria-General-de-la-Republica-1.jpg","datePublished":"2025-10-26T02:17:45+00:00","dateModified":"2025-10-26T02:17:48+00:00","breadcrumb":{"@id":"https:\/\/viniciojarquin.com\/blog\/06-la-contraloria-general-de-la-republica\/#breadcrumb"},"inLanguage":"es","potentialAction":[{"@type":"ReadAction","target":["https:\/\/viniciojarquin.com\/blog\/06-la-contraloria-general-de-la-republica\/"]}]},{"@type":"ImageObject","inLanguage":"es","@id":"https:\/\/viniciojarquin.com\/blog\/06-la-contraloria-general-de-la-republica\/#primaryimage","url":"https:\/\/viniciojarquin.com\/blog\/wp-content\/uploads\/2025\/10\/La-Contraloria-General-de-la-Republica-1.jpg","contentUrl":"https:\/\/viniciojarquin.com\/blog\/wp-content\/uploads\/2025\/10\/La-Contraloria-General-de-la-Republica-1.jpg","width":800,"height":800},{"@type":"BreadcrumbList","@id":"https:\/\/viniciojarquin.com\/blog\/06-la-contraloria-general-de-la-republica\/#breadcrumb","itemListElement":[{"@type":"ListItem","position":1,"name":"Portada","item":"https:\/\/viniciojarquin.com\/blog\/"},{"@type":"ListItem","position":2,"name":"06 &#8211; LA CONTRALOR\u00cdA GENERAL DE LA REP\u00daBLICA"}]},{"@type":"WebSite","@id":"https:\/\/viniciojarquin.com\/blog\/#website","url":"https:\/\/viniciojarquin.com\/blog\/","name":"Vinicio Jarqu\u00edn BLOG","description":"","publisher":{"@id":"https:\/\/viniciojarquin.com\/blog\/#\/schema\/person\/90100c8845ae55462ec0657d3d2f8d3b"},"potentialAction":[{"@type":"SearchAction","target":{"@type":"EntryPoint","urlTemplate":"https:\/\/viniciojarquin.com\/blog\/?s={search_term_string}"},"query-input":{"@type":"PropertyValueSpecification","valueRequired":true,"valueName":"search_term_string"}}],"inLanguage":"es"},{"@type":["Person","Organization"],"@id":"https:\/\/viniciojarquin.com\/blog\/#\/schema\/person\/90100c8845ae55462ec0657d3d2f8d3b","name":"Vinicio Jarqu\u00edn","image":{"@type":"ImageObject","inLanguage":"es","@id":"https:\/\/viniciojarquin.com\/blog\/#\/schema\/person\/image\/","url":"https:\/\/viniciojarquin.com\/blog\/wp-content\/uploads\/2024\/10\/Logo-VinicioJarquin-original-400.png","contentUrl":"https:\/\/viniciojarquin.com\/blog\/wp-content\/uploads\/2024\/10\/Logo-VinicioJarquin-original-400.png","width":400,"height":130,"caption":"Vinicio Jarqu\u00edn"},"logo":{"@id":"https:\/\/viniciojarquin.com\/blog\/#\/schema\/person\/image\/"},"description":"Empresario textil, artista pl\u00e1stico, escritor, coach de vida y fot\u00f3grafo.","sameAs":["https:\/\/viniciojarquin.com\/blog","https:\/\/www.facebook.com\/vinicio.jarquin","https:\/\/www.instagram.com\/vinicio_jarquin\/","https:\/\/www.pinterest.com\/vinnyjc\/","https:\/\/www.youtube.com\/@VinicioJarquin"],"url":"https:\/\/viniciojarquin.com\/blog\/author\/admin_s02au25i\/"}]}},"blog_post_layout_featured_media_urls":{"thumbnail":["https:\/\/viniciojarquin.com\/blog\/wp-content\/uploads\/2025\/10\/La-Contraloria-General-de-la-Republica-1-150x150.jpg",150,150,true],"full":["https:\/\/viniciojarquin.com\/blog\/wp-content\/uploads\/2025\/10\/La-Contraloria-General-de-la-Republica-1.jpg",800,800,false]},"categories_names":{"18":{"name":"Serie: Eduqu\u00e9monos","link":"https:\/\/viniciojarquin.com\/blog\/category\/eduquemonos\/"}},"tags_names":[],"comments_number":"0","_links":{"self":[{"href":"https:\/\/viniciojarquin.com\/blog\/wp-json\/wp\/v2\/posts\/945","targetHints":{"allow":["GET"]}}],"collection":[{"href":"https:\/\/viniciojarquin.com\/blog\/wp-json\/wp\/v2\/posts"}],"about":[{"href":"https:\/\/viniciojarquin.com\/blog\/wp-json\/wp\/v2\/types\/post"}],"author":[{"embeddable":true,"href":"https:\/\/viniciojarquin.com\/blog\/wp-json\/wp\/v2\/users\/1"}],"replies":[{"embeddable":true,"href":"https:\/\/viniciojarquin.com\/blog\/wp-json\/wp\/v2\/comments?post=945"}],"version-history":[{"count":1,"href":"https:\/\/viniciojarquin.com\/blog\/wp-json\/wp\/v2\/posts\/945\/revisions"}],"predecessor-version":[{"id":975,"href":"https:\/\/viniciojarquin.com\/blog\/wp-json\/wp\/v2\/posts\/945\/revisions\/975"}],"wp:featuredmedia":[{"embeddable":true,"href":"https:\/\/viniciojarquin.com\/blog\/wp-json\/wp\/v2\/media\/956"}],"wp:attachment":[{"href":"https:\/\/viniciojarquin.com\/blog\/wp-json\/wp\/v2\/media?parent=945"}],"wp:term":[{"taxonomy":"category","embeddable":true,"href":"https:\/\/viniciojarquin.com\/blog\/wp-json\/wp\/v2\/categories?post=945"},{"taxonomy":"post_tag","embeddable":true,"href":"https:\/\/viniciojarquin.com\/blog\/wp-json\/wp\/v2\/tags?post=945"}],"curies":[{"name":"wp","href":"https:\/\/api.w.org\/{rel}","templated":true}]}}