{"id":946,"date":"2025-10-26T02:19:21","date_gmt":"2025-10-26T02:19:21","guid":{"rendered":"https:\/\/viniciojarquin.com\/blog\/?p=946"},"modified":"2025-10-26T02:19:25","modified_gmt":"2025-10-26T02:19:25","slug":"07-la-sala-constitucional-de-costa-rica","status":"publish","type":"post","link":"https:\/\/viniciojarquin.com\/blog\/07-la-sala-constitucional-de-costa-rica\/","title":{"rendered":"07 &#8211; LA SALA CONSTITUCIONAL DE COSTA RICA"},"content":{"rendered":"\n<figure class=\"wp-block-image size-full\"><img decoding=\"async\" width=\"800\" height=\"800\" data-src=\"https:\/\/viniciojarquin.com\/blog\/wp-content\/uploads\/2025\/10\/La-sala-constitucional-de-Costa-Rica-1.jpg\" alt=\"\" class=\"wp-image-958 lazyload\" data-srcset=\"https:\/\/viniciojarquin.com\/blog\/wp-content\/uploads\/2025\/10\/La-sala-constitucional-de-Costa-Rica-1.jpg 800w, https:\/\/viniciojarquin.com\/blog\/wp-content\/uploads\/2025\/10\/La-sala-constitucional-de-Costa-Rica-1-300x300.jpg 300w, https:\/\/viniciojarquin.com\/blog\/wp-content\/uploads\/2025\/10\/La-sala-constitucional-de-Costa-Rica-1-150x150.jpg 150w, https:\/\/viniciojarquin.com\/blog\/wp-content\/uploads\/2025\/10\/La-sala-constitucional-de-Costa-Rica-1-768x768.jpg 768w\" data-sizes=\"(max-width: 800px) 100vw, 800px\" src=\"data:image\/svg+xml;base64,PHN2ZyB3aWR0aD0iMSIgaGVpZ2h0PSIxIiB4bWxucz0iaHR0cDovL3d3dy53My5vcmcvMjAwMC9zdmciPjwvc3ZnPg==\" style=\"--smush-placeholder-width: 800px; --smush-placeholder-aspect-ratio: 800\/800;\" \/><\/figure>\n\n\n\n<p>A la Sala Constitucional se le conoce popularmente como <strong>la Sala Cuarta<\/strong>, y aunque muchos la mencionan, no siempre se entiende del todo cu\u00e1l es su funci\u00f3n o por qu\u00e9 es tan importante.<\/p>\n\n\n\n<p>La Sala IV no es un tribunal cualquiera. &nbsp;Es <strong>la m\u00e1xima defensora de la Constituci\u00f3n Pol\u00edtica<\/strong>.<\/p>\n\n\n\n<p>Su tarea principal es garantizar que ninguna ley, decreto, decisi\u00f3n o acci\u00f3n de autoridad p\u00fablica viole los derechos fundamentales de las personas ni los principios establecidos en la Constituci\u00f3n.<\/p>\n\n\n\n<p>Dicho de otra manera, la Sala IV es el \u201cescudo\u201d que protege al ciudadano del abuso del poder. Y eso incluye cualquier poder: el Ejecutivo, el Legislativo, el Judicial o incluso las municipalidades y universidades p\u00fablicas.<\/p>\n\n\n\n<p>Fue creada en <strong>1989<\/strong>, y desde entonces ha tenido un papel decisivo en la historia reciente del pa\u00eds. &nbsp;Gracias a su existencia, cualquier persona \u2014sin importar su edad, nacionalidad, cargo o condici\u00f3n econ\u00f3mica\u2014 puede acudir directamente a ella cuando considera que <strong>sus derechos han sido violentados o amenazados<\/strong>.<\/p>\n\n\n\n<p>La Sala IV resuelve dos tipos principales de acciones:<\/p>\n\n\n\n<p>1. <strong>El recurso de amparo<\/strong>, que protege los derechos fundamentales de las personas frente a cualquier acto arbitrario de una autoridad o instituci\u00f3n.<\/p>\n\n\n\n<p>(Por ejemplo: si una entidad p\u00fablica te niega informaci\u00f3n, o si un hospital te niega atenci\u00f3n m\u00e9dica sin raz\u00f3n v\u00e1lida).<\/p>\n\n\n\n<p>2. <strong>La acci\u00f3n de inconstitucionalidad<\/strong>, que analiza si una ley, reglamento o decreto contradice la Constituci\u00f3n.<\/p>\n\n\n\n<p>(Por ejemplo: si una ley aprobada por la Asamblea o un decreto del Gobierno afecta derechos o principios fundamentales).<\/p>\n\n\n\n<p>Cuando la Sala IV resuelve, <strong>su decisi\u00f3n es de acatamiento obligatorio<\/strong>. &nbsp;Ninguna autoridad puede ignorarla, ni siquiera el presidente de la Rep\u00fablica.<\/p>\n\n\n\n<p>Y eso no es arrogancia judicial, es simplemente <strong>la Constituci\u00f3n funcionando<\/strong>.<\/p>\n\n\n\n<p>Cada vez que la Sala IV anula un decreto, detiene una ley o corrige una instituci\u00f3n, no lo hace para \u201cmeterse en pol\u00edtica\u201d o \u201cestorbar al Gobierno\u201d. Lo hace porque esa es su raz\u00f3n de existir: <strong>ser el \u00e1rbitro final entre el poder y el derecho.<\/strong><\/p>\n\n\n\n<p>Gracias a la Sala IV, hoy los costarricenses tenemos acceso directo a la justicia constitucional sin necesidad de abogados, sin costos y con un proceso relativamente \u00e1gil.<\/p>\n\n\n\n<p>Eso nos hace uno de los pa\u00edses m\u00e1s avanzados del continente en materia de protecci\u00f3n de derechos humanos.<\/p>\n\n\n\n<p>La Sala IV no est\u00e1 al servicio de ning\u00fan gobierno, ni de ning\u00fan partido. Est\u00e1 al servicio de la Constituci\u00f3n, y por ende, <strong>al servicio del pueblo<\/strong>. Por eso, cuando alguien critica sus decisiones porque no favorecen \u201ca los suyos\u201d, vale la pena recordar algo: &nbsp;el d\u00eda que la Sala IV deje de actuar libremente, ning\u00fan costarricense estar\u00e1 seguro.<\/p>\n\n\n\n<p>Porque una democracia sin jueces valientes es solo una democracia en apariencia.<\/p>\n","protected":false},"excerpt":{"rendered":"<p>A la Sala Constitucional se le conoce popularmente como la Sala Cuarta, y aunque muchos la mencionan, no siempre se [&hellip;]<\/p>\n","protected":false},"author":1,"featured_media":958,"comment_status":"open","ping_status":"open","sticky":false,"template":"","format":"standard","meta":{"site-sidebar-layout":"default","site-content-layout":"","ast-site-content-layout":"","site-content-style":"default","site-sidebar-style":"default","ast-global-header-display":"","ast-banner-title-visibility":"","ast-main-header-display":"","ast-hfb-above-header-display":"","ast-hfb-below-header-display":"","ast-hfb-mobile-header-display":"","site-post-title":"","ast-breadcrumbs-content":"","ast-featured-img":"","footer-sml-layout":"","theme-transparent-header-meta":"","adv-header-id-meta":"","stick-header-meta":"","header-above-stick-meta":"","header-main-stick-meta":"","header-below-stick-meta":"","astra-migrate-meta-layouts":"default","ast-page-background-enabled":"default","ast-page-background-meta":{"desktop":{"background-color":"var(--ast-global-color-5)","background-image":"","background-repeat":"repeat","background-position":"center center","background-size":"auto","background-attachment":"scroll","background-type":"","background-media":"","overlay-type":"","overlay-color":"","overlay-opacity":"","overlay-gradient":""},"tablet":{"background-color":"","background-image":"","background-repeat":"repeat","background-position":"center center","background-size":"auto","background-attachment":"scroll","background-type":"","background-media":"","overlay-type":"","overlay-color":"","overlay-opacity":"","overlay-gradient":""},"mobile":{"background-color":"","background-image":"","background-repeat":"repeat","background-position":"center center","background-size":"auto","background-attachment":"scroll","background-type":"","background-media":"","overlay-type":"","overlay-color":"","overlay-opacity":"","overlay-gradient":""}},"ast-content-background-meta":{"desktop":{"background-color":"var(--ast-global-color-4)","background-image":"","background-repeat":"repeat","background-position":"center center","background-size":"auto","background-attachment":"scroll","background-type":"","background-media":"","overlay-type":"","overlay-color":"","overlay-opacity":"","overlay-gradient":""},"tablet":{"background-color":"var(--ast-global-color-4)","background-image":"","background-repeat":"repeat","background-position":"center center","background-size":"auto","background-attachment":"scroll","background-type":"","background-media":"","overlay-type":"","overlay-color":"","overlay-opacity":"","overlay-gradient":""},"mobile":{"background-color":"var(--ast-global-color-4)","background-image":"","background-repeat":"repeat","background-position":"center center","background-size":"auto","background-attachment":"scroll","background-type":"","background-media":"","overlay-type":"","overlay-color":"","overlay-opacity":"","overlay-gradient":""}},"footnotes":""},"categories":[18],"tags":[],"class_list":["post-946","post","type-post","status-publish","format-standard","has-post-thumbnail","hentry","category-eduquemonos"],"yoast_head":"<!-- This site is optimized with the Yoast SEO plugin v26.0 - https:\/\/yoast.com\/wordpress\/plugins\/seo\/ -->\n<title>07 - LA SALA CONSTITUCIONAL DE COSTA RICA - MI BLOG<\/title>\n<meta name=\"robots\" content=\"index, follow, max-snippet:-1, max-image-preview:large, max-video-preview:-1\" \/>\n<link rel=\"canonical\" href=\"https:\/\/viniciojarquin.com\/blog\/07-la-sala-constitucional-de-costa-rica\/\" \/>\n<meta property=\"og:locale\" content=\"es_ES\" \/>\n<meta property=\"og:type\" content=\"article\" \/>\n<meta property=\"og:title\" content=\"07 - LA SALA CONSTITUCIONAL DE COSTA RICA - MI BLOG\" \/>\n<meta property=\"og:description\" content=\"A la Sala Constitucional se le conoce popularmente como la Sala Cuarta, y aunque muchos la mencionan, no siempre se [&hellip;]\" \/>\n<meta property=\"og:url\" content=\"https:\/\/viniciojarquin.com\/blog\/07-la-sala-constitucional-de-costa-rica\/\" \/>\n<meta property=\"og:site_name\" content=\"MI BLOG\" \/>\n<meta property=\"article:publisher\" content=\"https:\/\/www.facebook.com\/vinicio.jarquin\" \/>\n<meta property=\"article:author\" content=\"https:\/\/www.facebook.com\/vinicio.jarquin\" \/>\n<meta property=\"article:published_time\" content=\"2025-10-26T02:19:21+00:00\" \/>\n<meta property=\"article:modified_time\" content=\"2025-10-26T02:19:25+00:00\" \/>\n<meta property=\"og:image\" content=\"https:\/\/viniciojarquin.com\/blog\/wp-content\/uploads\/2025\/10\/La-sala-constitucional-de-Costa-Rica-1.jpg\" \/>\n\t<meta property=\"og:image:width\" content=\"800\" \/>\n\t<meta property=\"og:image:height\" content=\"800\" \/>\n\t<meta property=\"og:image:type\" content=\"image\/jpeg\" \/>\n<meta name=\"author\" content=\"Vinicio Jarqu\u00edn\" \/>\n<meta name=\"twitter:card\" content=\"summary_large_image\" \/>\n<meta name=\"twitter:label1\" content=\"Escrito por\" \/>\n\t<meta name=\"twitter:data1\" content=\"Vinicio Jarqu\u00edn\" \/>\n\t<meta name=\"twitter:label2\" content=\"Tiempo de lectura\" \/>\n\t<meta name=\"twitter:data2\" content=\"3 minutos\" \/>\n<script type=\"application\/ld+json\" class=\"yoast-schema-graph\">{\"@context\":\"https:\/\/schema.org\",\"@graph\":[{\"@type\":\"Article\",\"@id\":\"https:\/\/viniciojarquin.com\/blog\/07-la-sala-constitucional-de-costa-rica\/#article\",\"isPartOf\":{\"@id\":\"https:\/\/viniciojarquin.com\/blog\/07-la-sala-constitucional-de-costa-rica\/\"},\"author\":{\"name\":\"Vinicio Jarqu\u00edn\",\"@id\":\"https:\/\/viniciojarquin.com\/blog\/#\/schema\/person\/90100c8845ae55462ec0657d3d2f8d3b\"},\"headline\":\"07 &#8211; LA SALA CONSTITUCIONAL DE COSTA RICA\",\"datePublished\":\"2025-10-26T02:19:21+00:00\",\"dateModified\":\"2025-10-26T02:19:25+00:00\",\"mainEntityOfPage\":{\"@id\":\"https:\/\/viniciojarquin.com\/blog\/07-la-sala-constitucional-de-costa-rica\/\"},\"wordCount\":488,\"commentCount\":0,\"publisher\":{\"@id\":\"https:\/\/viniciojarquin.com\/blog\/#\/schema\/person\/90100c8845ae55462ec0657d3d2f8d3b\"},\"image\":{\"@id\":\"https:\/\/viniciojarquin.com\/blog\/07-la-sala-constitucional-de-costa-rica\/#primaryimage\"},\"thumbnailUrl\":\"https:\/\/viniciojarquin.com\/blog\/wp-content\/uploads\/2025\/10\/La-sala-constitucional-de-Costa-Rica-1.jpg\",\"articleSection\":[\"Serie: Eduqu\u00e9monos\"],\"inLanguage\":\"es\",\"potentialAction\":[{\"@type\":\"CommentAction\",\"name\":\"Comment\",\"target\":[\"https:\/\/viniciojarquin.com\/blog\/07-la-sala-constitucional-de-costa-rica\/#respond\"]}]},{\"@type\":\"WebPage\",\"@id\":\"https:\/\/viniciojarquin.com\/blog\/07-la-sala-constitucional-de-costa-rica\/\",\"url\":\"https:\/\/viniciojarquin.com\/blog\/07-la-sala-constitucional-de-costa-rica\/\",\"name\":\"07 - LA SALA CONSTITUCIONAL DE COSTA RICA - MI BLOG\",\"isPartOf\":{\"@id\":\"https:\/\/viniciojarquin.com\/blog\/#website\"},\"primaryImageOfPage\":{\"@id\":\"https:\/\/viniciojarquin.com\/blog\/07-la-sala-constitucional-de-costa-rica\/#primaryimage\"},\"image\":{\"@id\":\"https:\/\/viniciojarquin.com\/blog\/07-la-sala-constitucional-de-costa-rica\/#primaryimage\"},\"thumbnailUrl\":\"https:\/\/viniciojarquin.com\/blog\/wp-content\/uploads\/2025\/10\/La-sala-constitucional-de-Costa-Rica-1.jpg\",\"datePublished\":\"2025-10-26T02:19:21+00:00\",\"dateModified\":\"2025-10-26T02:19:25+00:00\",\"breadcrumb\":{\"@id\":\"https:\/\/viniciojarquin.com\/blog\/07-la-sala-constitucional-de-costa-rica\/#breadcrumb\"},\"inLanguage\":\"es\",\"potentialAction\":[{\"@type\":\"ReadAction\",\"target\":[\"https:\/\/viniciojarquin.com\/blog\/07-la-sala-constitucional-de-costa-rica\/\"]}]},{\"@type\":\"ImageObject\",\"inLanguage\":\"es\",\"@id\":\"https:\/\/viniciojarquin.com\/blog\/07-la-sala-constitucional-de-costa-rica\/#primaryimage\",\"url\":\"https:\/\/viniciojarquin.com\/blog\/wp-content\/uploads\/2025\/10\/La-sala-constitucional-de-Costa-Rica-1.jpg\",\"contentUrl\":\"https:\/\/viniciojarquin.com\/blog\/wp-content\/uploads\/2025\/10\/La-sala-constitucional-de-Costa-Rica-1.jpg\",\"width\":800,\"height\":800},{\"@type\":\"BreadcrumbList\",\"@id\":\"https:\/\/viniciojarquin.com\/blog\/07-la-sala-constitucional-de-costa-rica\/#breadcrumb\",\"itemListElement\":[{\"@type\":\"ListItem\",\"position\":1,\"name\":\"Portada\",\"item\":\"https:\/\/viniciojarquin.com\/blog\/\"},{\"@type\":\"ListItem\",\"position\":2,\"name\":\"07 &#8211; LA SALA CONSTITUCIONAL DE COSTA RICA\"}]},{\"@type\":\"WebSite\",\"@id\":\"https:\/\/viniciojarquin.com\/blog\/#website\",\"url\":\"https:\/\/viniciojarquin.com\/blog\/\",\"name\":\"Vinicio Jarqu\u00edn BLOG\",\"description\":\"\",\"publisher\":{\"@id\":\"https:\/\/viniciojarquin.com\/blog\/#\/schema\/person\/90100c8845ae55462ec0657d3d2f8d3b\"},\"potentialAction\":[{\"@type\":\"SearchAction\",\"target\":{\"@type\":\"EntryPoint\",\"urlTemplate\":\"https:\/\/viniciojarquin.com\/blog\/?s={search_term_string}\"},\"query-input\":{\"@type\":\"PropertyValueSpecification\",\"valueRequired\":true,\"valueName\":\"search_term_string\"}}],\"inLanguage\":\"es\"},{\"@type\":[\"Person\",\"Organization\"],\"@id\":\"https:\/\/viniciojarquin.com\/blog\/#\/schema\/person\/90100c8845ae55462ec0657d3d2f8d3b\",\"name\":\"Vinicio Jarqu\u00edn\",\"image\":{\"@type\":\"ImageObject\",\"inLanguage\":\"es\",\"@id\":\"https:\/\/viniciojarquin.com\/blog\/#\/schema\/person\/image\/\",\"url\":\"https:\/\/viniciojarquin.com\/blog\/wp-content\/uploads\/2024\/10\/Logo-VinicioJarquin-original-400.png\",\"contentUrl\":\"https:\/\/viniciojarquin.com\/blog\/wp-content\/uploads\/2024\/10\/Logo-VinicioJarquin-original-400.png\",\"width\":400,\"height\":130,\"caption\":\"Vinicio Jarqu\u00edn\"},\"logo\":{\"@id\":\"https:\/\/viniciojarquin.com\/blog\/#\/schema\/person\/image\/\"},\"description\":\"Empresario textil, artista pl\u00e1stico, escritor, coach de vida y fot\u00f3grafo.\",\"sameAs\":[\"https:\/\/viniciojarquin.com\/blog\",\"https:\/\/www.facebook.com\/vinicio.jarquin\",\"https:\/\/www.instagram.com\/vinicio_jarquin\/\",\"https:\/\/www.pinterest.com\/vinnyjc\/\",\"https:\/\/www.youtube.com\/@VinicioJarquin\"],\"url\":\"https:\/\/viniciojarquin.com\/blog\/author\/admin_s02au25i\/\"}]}<\/script>\n<!-- \/ Yoast SEO plugin. -->","yoast_head_json":{"title":"07 - LA SALA CONSTITUCIONAL DE COSTA RICA - MI BLOG","robots":{"index":"index","follow":"follow","max-snippet":"max-snippet:-1","max-image-preview":"max-image-preview:large","max-video-preview":"max-video-preview:-1"},"canonical":"https:\/\/viniciojarquin.com\/blog\/07-la-sala-constitucional-de-costa-rica\/","og_locale":"es_ES","og_type":"article","og_title":"07 - LA SALA CONSTITUCIONAL DE COSTA RICA - MI BLOG","og_description":"A la Sala Constitucional se le conoce popularmente como la Sala Cuarta, y aunque muchos la mencionan, no siempre se [&hellip;]","og_url":"https:\/\/viniciojarquin.com\/blog\/07-la-sala-constitucional-de-costa-rica\/","og_site_name":"MI BLOG","article_publisher":"https:\/\/www.facebook.com\/vinicio.jarquin","article_author":"https:\/\/www.facebook.com\/vinicio.jarquin","article_published_time":"2025-10-26T02:19:21+00:00","article_modified_time":"2025-10-26T02:19:25+00:00","og_image":[{"width":800,"height":800,"url":"https:\/\/viniciojarquin.com\/blog\/wp-content\/uploads\/2025\/10\/La-sala-constitucional-de-Costa-Rica-1.jpg","type":"image\/jpeg"}],"author":"Vinicio Jarqu\u00edn","twitter_card":"summary_large_image","twitter_misc":{"Escrito por":"Vinicio Jarqu\u00edn","Tiempo de lectura":"3 minutos"},"schema":{"@context":"https:\/\/schema.org","@graph":[{"@type":"Article","@id":"https:\/\/viniciojarquin.com\/blog\/07-la-sala-constitucional-de-costa-rica\/#article","isPartOf":{"@id":"https:\/\/viniciojarquin.com\/blog\/07-la-sala-constitucional-de-costa-rica\/"},"author":{"name":"Vinicio Jarqu\u00edn","@id":"https:\/\/viniciojarquin.com\/blog\/#\/schema\/person\/90100c8845ae55462ec0657d3d2f8d3b"},"headline":"07 &#8211; LA SALA CONSTITUCIONAL DE COSTA RICA","datePublished":"2025-10-26T02:19:21+00:00","dateModified":"2025-10-26T02:19:25+00:00","mainEntityOfPage":{"@id":"https:\/\/viniciojarquin.com\/blog\/07-la-sala-constitucional-de-costa-rica\/"},"wordCount":488,"commentCount":0,"publisher":{"@id":"https:\/\/viniciojarquin.com\/blog\/#\/schema\/person\/90100c8845ae55462ec0657d3d2f8d3b"},"image":{"@id":"https:\/\/viniciojarquin.com\/blog\/07-la-sala-constitucional-de-costa-rica\/#primaryimage"},"thumbnailUrl":"https:\/\/viniciojarquin.com\/blog\/wp-content\/uploads\/2025\/10\/La-sala-constitucional-de-Costa-Rica-1.jpg","articleSection":["Serie: Eduqu\u00e9monos"],"inLanguage":"es","potentialAction":[{"@type":"CommentAction","name":"Comment","target":["https:\/\/viniciojarquin.com\/blog\/07-la-sala-constitucional-de-costa-rica\/#respond"]}]},{"@type":"WebPage","@id":"https:\/\/viniciojarquin.com\/blog\/07-la-sala-constitucional-de-costa-rica\/","url":"https:\/\/viniciojarquin.com\/blog\/07-la-sala-constitucional-de-costa-rica\/","name":"07 - LA SALA CONSTITUCIONAL DE COSTA RICA - MI BLOG","isPartOf":{"@id":"https:\/\/viniciojarquin.com\/blog\/#website"},"primaryImageOfPage":{"@id":"https:\/\/viniciojarquin.com\/blog\/07-la-sala-constitucional-de-costa-rica\/#primaryimage"},"image":{"@id":"https:\/\/viniciojarquin.com\/blog\/07-la-sala-constitucional-de-costa-rica\/#primaryimage"},"thumbnailUrl":"https:\/\/viniciojarquin.com\/blog\/wp-content\/uploads\/2025\/10\/La-sala-constitucional-de-Costa-Rica-1.jpg","datePublished":"2025-10-26T02:19:21+00:00","dateModified":"2025-10-26T02:19:25+00:00","breadcrumb":{"@id":"https:\/\/viniciojarquin.com\/blog\/07-la-sala-constitucional-de-costa-rica\/#breadcrumb"},"inLanguage":"es","potentialAction":[{"@type":"ReadAction","target":["https:\/\/viniciojarquin.com\/blog\/07-la-sala-constitucional-de-costa-rica\/"]}]},{"@type":"ImageObject","inLanguage":"es","@id":"https:\/\/viniciojarquin.com\/blog\/07-la-sala-constitucional-de-costa-rica\/#primaryimage","url":"https:\/\/viniciojarquin.com\/blog\/wp-content\/uploads\/2025\/10\/La-sala-constitucional-de-Costa-Rica-1.jpg","contentUrl":"https:\/\/viniciojarquin.com\/blog\/wp-content\/uploads\/2025\/10\/La-sala-constitucional-de-Costa-Rica-1.jpg","width":800,"height":800},{"@type":"BreadcrumbList","@id":"https:\/\/viniciojarquin.com\/blog\/07-la-sala-constitucional-de-costa-rica\/#breadcrumb","itemListElement":[{"@type":"ListItem","position":1,"name":"Portada","item":"https:\/\/viniciojarquin.com\/blog\/"},{"@type":"ListItem","position":2,"name":"07 &#8211; LA SALA CONSTITUCIONAL DE COSTA RICA"}]},{"@type":"WebSite","@id":"https:\/\/viniciojarquin.com\/blog\/#website","url":"https:\/\/viniciojarquin.com\/blog\/","name":"Vinicio Jarqu\u00edn BLOG","description":"","publisher":{"@id":"https:\/\/viniciojarquin.com\/blog\/#\/schema\/person\/90100c8845ae55462ec0657d3d2f8d3b"},"potentialAction":[{"@type":"SearchAction","target":{"@type":"EntryPoint","urlTemplate":"https:\/\/viniciojarquin.com\/blog\/?s={search_term_string}"},"query-input":{"@type":"PropertyValueSpecification","valueRequired":true,"valueName":"search_term_string"}}],"inLanguage":"es"},{"@type":["Person","Organization"],"@id":"https:\/\/viniciojarquin.com\/blog\/#\/schema\/person\/90100c8845ae55462ec0657d3d2f8d3b","name":"Vinicio Jarqu\u00edn","image":{"@type":"ImageObject","inLanguage":"es","@id":"https:\/\/viniciojarquin.com\/blog\/#\/schema\/person\/image\/","url":"https:\/\/viniciojarquin.com\/blog\/wp-content\/uploads\/2024\/10\/Logo-VinicioJarquin-original-400.png","contentUrl":"https:\/\/viniciojarquin.com\/blog\/wp-content\/uploads\/2024\/10\/Logo-VinicioJarquin-original-400.png","width":400,"height":130,"caption":"Vinicio Jarqu\u00edn"},"logo":{"@id":"https:\/\/viniciojarquin.com\/blog\/#\/schema\/person\/image\/"},"description":"Empresario textil, artista pl\u00e1stico, escritor, coach de vida y fot\u00f3grafo.","sameAs":["https:\/\/viniciojarquin.com\/blog","https:\/\/www.facebook.com\/vinicio.jarquin","https:\/\/www.instagram.com\/vinicio_jarquin\/","https:\/\/www.pinterest.com\/vinnyjc\/","https:\/\/www.youtube.com\/@VinicioJarquin"],"url":"https:\/\/viniciojarquin.com\/blog\/author\/admin_s02au25i\/"}]}},"blog_post_layout_featured_media_urls":{"thumbnail":["https:\/\/viniciojarquin.com\/blog\/wp-content\/uploads\/2025\/10\/La-sala-constitucional-de-Costa-Rica-1-150x150.jpg",150,150,true],"full":["https:\/\/viniciojarquin.com\/blog\/wp-content\/uploads\/2025\/10\/La-sala-constitucional-de-Costa-Rica-1.jpg",800,800,false]},"categories_names":{"18":{"name":"Serie: Eduqu\u00e9monos","link":"https:\/\/viniciojarquin.com\/blog\/category\/eduquemonos\/"}},"tags_names":[],"comments_number":"0","_links":{"self":[{"href":"https:\/\/viniciojarquin.com\/blog\/wp-json\/wp\/v2\/posts\/946","targetHints":{"allow":["GET"]}}],"collection":[{"href":"https:\/\/viniciojarquin.com\/blog\/wp-json\/wp\/v2\/posts"}],"about":[{"href":"https:\/\/viniciojarquin.com\/blog\/wp-json\/wp\/v2\/types\/post"}],"author":[{"embeddable":true,"href":"https:\/\/viniciojarquin.com\/blog\/wp-json\/wp\/v2\/users\/1"}],"replies":[{"embeddable":true,"href":"https:\/\/viniciojarquin.com\/blog\/wp-json\/wp\/v2\/comments?post=946"}],"version-history":[{"count":1,"href":"https:\/\/viniciojarquin.com\/blog\/wp-json\/wp\/v2\/posts\/946\/revisions"}],"predecessor-version":[{"id":976,"href":"https:\/\/viniciojarquin.com\/blog\/wp-json\/wp\/v2\/posts\/946\/revisions\/976"}],"wp:featuredmedia":[{"embeddable":true,"href":"https:\/\/viniciojarquin.com\/blog\/wp-json\/wp\/v2\/media\/958"}],"wp:attachment":[{"href":"https:\/\/viniciojarquin.com\/blog\/wp-json\/wp\/v2\/media?parent=946"}],"wp:term":[{"taxonomy":"category","embeddable":true,"href":"https:\/\/viniciojarquin.com\/blog\/wp-json\/wp\/v2\/categories?post=946"},{"taxonomy":"post_tag","embeddable":true,"href":"https:\/\/viniciojarquin.com\/blog\/wp-json\/wp\/v2\/tags?post=946"}],"curies":[{"name":"wp","href":"https:\/\/api.w.org\/{rel}","templated":true}]}}