{"id":949,"date":"2025-10-26T02:30:53","date_gmt":"2025-10-26T02:30:53","guid":{"rendered":"https:\/\/viniciojarquin.com\/blog\/?p=949"},"modified":"2025-10-26T02:30:56","modified_gmt":"2025-10-26T02:30:56","slug":"10-el-banco-central-de-costa-rica","status":"publish","type":"post","link":"https:\/\/viniciojarquin.com\/blog\/10-el-banco-central-de-costa-rica\/","title":{"rendered":"10 &#8211; EL BANCO CENTRAL DE COSTA RICA"},"content":{"rendered":"\n<figure class=\"wp-block-image size-full\"><img decoding=\"async\" width=\"800\" height=\"800\" data-src=\"https:\/\/viniciojarquin.com\/blog\/wp-content\/uploads\/2025\/10\/El-Banco-Central-de-Costa-Rica.jpg\" alt=\"\" class=\"wp-image-960 lazyload\" data-srcset=\"https:\/\/viniciojarquin.com\/blog\/wp-content\/uploads\/2025\/10\/El-Banco-Central-de-Costa-Rica.jpg 800w, https:\/\/viniciojarquin.com\/blog\/wp-content\/uploads\/2025\/10\/El-Banco-Central-de-Costa-Rica-300x300.jpg 300w, https:\/\/viniciojarquin.com\/blog\/wp-content\/uploads\/2025\/10\/El-Banco-Central-de-Costa-Rica-150x150.jpg 150w, https:\/\/viniciojarquin.com\/blog\/wp-content\/uploads\/2025\/10\/El-Banco-Central-de-Costa-Rica-768x768.jpg 768w\" data-sizes=\"(max-width: 800px) 100vw, 800px\" src=\"data:image\/svg+xml;base64,PHN2ZyB3aWR0aD0iMSIgaGVpZ2h0PSIxIiB4bWxucz0iaHR0cDovL3d3dy53My5vcmcvMjAwMC9zdmciPjwvc3ZnPg==\" style=\"--smush-placeholder-width: 800px; --smush-placeholder-aspect-ratio: 800\/800;\" \/><\/figure>\n\n\n\n<p>Si el coraz\u00f3n de un pa\u00eds es su gente, el <strong>Banco Central de Costa Rica<\/strong> es su pulso.<\/p>\n\n\n\n<p>Cada movimiento econ\u00f3mico, cada pago, cada precio que cambia, late de alguna manera al ritmo que marca esta instituci\u00f3n.<\/p>\n\n\n\n<p>Creado en 1950, el Banco Central naci\u00f3 para <strong>garantizar la estabilidad del col\u00f3n<\/strong>, promover el crecimiento ordenado de la econom\u00eda y proteger el valor del dinero de todos los costarricenses.<\/p>\n\n\n\n<p>A diferencia de los bancos comerciales, el Banco Central <strong>no presta dinero al p\u00fablico ni maneja cuentas personales<\/strong>.<\/p>\n\n\n\n<p>Su papel es otro: <strong>vigilar, regular y dirigir la pol\u00edtica monetaria y financiera del pa\u00eds.<\/strong> Eso significa controlar la cantidad de dinero que circula, mantener la inflaci\u00f3n bajo control, y cuidar que el sistema financiero funcione de manera s\u00f3lida y confiable.<\/p>\n\n\n\n<p>Tambi\u00e9n tiene a su cargo la <strong>emisi\u00f3n de billetes y monedas<\/strong>, algo que puede parecer simple, pero que encierra una gran responsabilidad.<\/p>\n\n\n\n<p>Cada col\u00f3n que llevamos en la billetera o vemos en una transferencia digital lleva detr\u00e1s el respaldo y la confianza que el Banco Central garantiza.<\/p>\n\n\n\n<p>El BCCR, adem\u00e1s, <strong>administra las reservas internacionales<\/strong> del pa\u00eds. Eso quiere decir que cuida los recursos en divisas que sostienen el comercio exterior y respaldan el valor de la moneda.<\/p>\n\n\n\n<p>Cuando el mundo se sacude \u2014crisis financieras, guerras, inflaci\u00f3n global\u2014 el Banco Central es quien debe mantener el tim\u00f3n firme para que el barco no se hunda.<\/p>\n\n\n\n<p>Tambi\u00e9n regula y supervisa, junto con otras instituciones, la estabilidad del sistema bancario, y coordina pol\u00edticas con el Ministerio de Hacienda para equilibrar el gasto p\u00fablico y el crecimiento econ\u00f3mico.<\/p>\n\n\n\n<p>Es, en pocas palabras, <strong>el guardi\u00e1n del equilibrio macroecon\u00f3mico nacional<\/strong>. El Banco Central no siempre es popular. A veces sus decisiones son incomprendidas: subir las tasas de inter\u00e9s, frenar el cr\u00e9dito o contener el tipo de cambio. Pero detr\u00e1s de esas medidas, casi siempre impopulares, hay una intenci\u00f3n clara: <strong>proteger la estabilidad del pa\u00eds<\/strong>, incluso cuando eso implique tomar decisiones dif\u00edciles.<\/p>\n\n\n\n<p>En una democracia madura, su independencia es fundamental. El Banco Central no est\u00e1 para servir a un gobierno, sino al pa\u00eds entero. Su autoridad t\u00e9cnica y autonom\u00eda son garant\u00edas de que las decisiones sobre el dinero nacional no se tomen por capricho pol\u00edtico, sino por criterio profesional. Defender esa independencia es defender la salud econ\u00f3mica de Costa Rica. Porque cuando el Banco Central act\u00faa con criterio t\u00e9cnico, el pa\u00eds camina con paso firme, sin improvisaciones.<\/p>\n\n\n\n<p>Y cuando la pol\u00edtica invade su terreno, el dinero \u2014y la confianza\u2014 comienzan a perder valor. El Banco Central es, en definitiva, <strong>una br\u00fajula silenciosa<\/strong>.<\/p>\n\n\n\n<p>No busca aplausos ni votos, pero su trabajo sostiene la estabilidad que todos necesitamos para vivir, producir y so\u00f1ar. Es una de esas instituciones que uno no nota hasta que falla. Y por eso mismo, merece nuestra atenci\u00f3n, respeto y comprensi\u00f3n.<\/p>\n","protected":false},"excerpt":{"rendered":"<p>Si el coraz\u00f3n de un pa\u00eds es su gente, el Banco Central de Costa Rica es su pulso. Cada movimiento [&hellip;]<\/p>\n","protected":false},"author":1,"featured_media":960,"comment_status":"open","ping_status":"open","sticky":false,"template":"","format":"standard","meta":{"site-sidebar-layout":"default","site-content-layout":"","ast-site-content-layout":"","site-content-style":"default","site-sidebar-style":"default","ast-global-header-display":"","ast-banner-title-visibility":"","ast-main-header-display":"","ast-hfb-above-header-display":"","ast-hfb-below-header-display":"","ast-hfb-mobile-header-display":"","site-post-title":"","ast-breadcrumbs-content":"","ast-featured-img":"","footer-sml-layout":"","theme-transparent-header-meta":"","adv-header-id-meta":"","stick-header-meta":"","header-above-stick-meta":"","header-main-stick-meta":"","header-below-stick-meta":"","astra-migrate-meta-layouts":"default","ast-page-background-enabled":"default","ast-page-background-meta":{"desktop":{"background-color":"var(--ast-global-color-5)","background-image":"","background-repeat":"repeat","background-position":"center center","background-size":"auto","background-attachment":"scroll","background-type":"","background-media":"","overlay-type":"","overlay-color":"","overlay-opacity":"","overlay-gradient":""},"tablet":{"background-color":"","background-image":"","background-repeat":"repeat","background-position":"center center","background-size":"auto","background-attachment":"scroll","background-type":"","background-media":"","overlay-type":"","overlay-color":"","overlay-opacity":"","overlay-gradient":""},"mobile":{"background-color":"","background-image":"","background-repeat":"repeat","background-position":"center center","background-size":"auto","background-attachment":"scroll","background-type":"","background-media":"","overlay-type":"","overlay-color":"","overlay-opacity":"","overlay-gradient":""}},"ast-content-background-meta":{"desktop":{"background-color":"var(--ast-global-color-4)","background-image":"","background-repeat":"repeat","background-position":"center center","background-size":"auto","background-attachment":"scroll","background-type":"","background-media":"","overlay-type":"","overlay-color":"","overlay-opacity":"","overlay-gradient":""},"tablet":{"background-color":"var(--ast-global-color-4)","background-image":"","background-repeat":"repeat","background-position":"center center","background-size":"auto","background-attachment":"scroll","background-type":"","background-media":"","overlay-type":"","overlay-color":"","overlay-opacity":"","overlay-gradient":""},"mobile":{"background-color":"var(--ast-global-color-4)","background-image":"","background-repeat":"repeat","background-position":"center center","background-size":"auto","background-attachment":"scroll","background-type":"","background-media":"","overlay-type":"","overlay-color":"","overlay-opacity":"","overlay-gradient":""}},"footnotes":""},"categories":[18],"tags":[],"class_list":["post-949","post","type-post","status-publish","format-standard","has-post-thumbnail","hentry","category-eduquemonos"],"yoast_head":"<!-- This site is optimized with the Yoast SEO plugin v26.0 - https:\/\/yoast.com\/wordpress\/plugins\/seo\/ -->\n<title>10 - EL BANCO CENTRAL DE COSTA RICA - MI BLOG<\/title>\n<meta name=\"robots\" content=\"index, follow, max-snippet:-1, max-image-preview:large, max-video-preview:-1\" \/>\n<link rel=\"canonical\" href=\"https:\/\/viniciojarquin.com\/blog\/10-el-banco-central-de-costa-rica\/\" \/>\n<meta property=\"og:locale\" content=\"es_ES\" \/>\n<meta property=\"og:type\" content=\"article\" \/>\n<meta property=\"og:title\" content=\"10 - EL BANCO CENTRAL DE COSTA RICA - MI BLOG\" \/>\n<meta property=\"og:description\" content=\"Si el coraz\u00f3n de un pa\u00eds es su gente, el Banco Central de Costa Rica es su pulso. Cada movimiento [&hellip;]\" \/>\n<meta property=\"og:url\" content=\"https:\/\/viniciojarquin.com\/blog\/10-el-banco-central-de-costa-rica\/\" \/>\n<meta property=\"og:site_name\" content=\"MI BLOG\" \/>\n<meta property=\"article:publisher\" content=\"https:\/\/www.facebook.com\/vinicio.jarquin\" \/>\n<meta property=\"article:author\" content=\"https:\/\/www.facebook.com\/vinicio.jarquin\" \/>\n<meta property=\"article:published_time\" content=\"2025-10-26T02:30:53+00:00\" \/>\n<meta property=\"article:modified_time\" content=\"2025-10-26T02:30:56+00:00\" \/>\n<meta property=\"og:image\" content=\"https:\/\/viniciojarquin.com\/blog\/wp-content\/uploads\/2025\/10\/El-Banco-Central-de-Costa-Rica.jpg\" \/>\n\t<meta property=\"og:image:width\" content=\"800\" \/>\n\t<meta property=\"og:image:height\" content=\"800\" \/>\n\t<meta property=\"og:image:type\" content=\"image\/jpeg\" \/>\n<meta name=\"author\" content=\"Vinicio Jarqu\u00edn\" \/>\n<meta name=\"twitter:card\" content=\"summary_large_image\" \/>\n<meta name=\"twitter:label1\" content=\"Escrito por\" \/>\n\t<meta name=\"twitter:data1\" content=\"Vinicio Jarqu\u00edn\" \/>\n\t<meta name=\"twitter:label2\" content=\"Tiempo de lectura\" \/>\n\t<meta name=\"twitter:data2\" content=\"3 minutos\" \/>\n<script type=\"application\/ld+json\" class=\"yoast-schema-graph\">{\"@context\":\"https:\/\/schema.org\",\"@graph\":[{\"@type\":\"Article\",\"@id\":\"https:\/\/viniciojarquin.com\/blog\/10-el-banco-central-de-costa-rica\/#article\",\"isPartOf\":{\"@id\":\"https:\/\/viniciojarquin.com\/blog\/10-el-banco-central-de-costa-rica\/\"},\"author\":{\"name\":\"Vinicio Jarqu\u00edn\",\"@id\":\"https:\/\/viniciojarquin.com\/blog\/#\/schema\/person\/90100c8845ae55462ec0657d3d2f8d3b\"},\"headline\":\"10 &#8211; EL BANCO CENTRAL DE COSTA RICA\",\"datePublished\":\"2025-10-26T02:30:53+00:00\",\"dateModified\":\"2025-10-26T02:30:56+00:00\",\"mainEntityOfPage\":{\"@id\":\"https:\/\/viniciojarquin.com\/blog\/10-el-banco-central-de-costa-rica\/\"},\"wordCount\":513,\"commentCount\":0,\"publisher\":{\"@id\":\"https:\/\/viniciojarquin.com\/blog\/#\/schema\/person\/90100c8845ae55462ec0657d3d2f8d3b\"},\"image\":{\"@id\":\"https:\/\/viniciojarquin.com\/blog\/10-el-banco-central-de-costa-rica\/#primaryimage\"},\"thumbnailUrl\":\"https:\/\/viniciojarquin.com\/blog\/wp-content\/uploads\/2025\/10\/El-Banco-Central-de-Costa-Rica.jpg\",\"articleSection\":[\"Serie: Eduqu\u00e9monos\"],\"inLanguage\":\"es\",\"potentialAction\":[{\"@type\":\"CommentAction\",\"name\":\"Comment\",\"target\":[\"https:\/\/viniciojarquin.com\/blog\/10-el-banco-central-de-costa-rica\/#respond\"]}]},{\"@type\":\"WebPage\",\"@id\":\"https:\/\/viniciojarquin.com\/blog\/10-el-banco-central-de-costa-rica\/\",\"url\":\"https:\/\/viniciojarquin.com\/blog\/10-el-banco-central-de-costa-rica\/\",\"name\":\"10 - EL BANCO CENTRAL DE COSTA RICA - MI BLOG\",\"isPartOf\":{\"@id\":\"https:\/\/viniciojarquin.com\/blog\/#website\"},\"primaryImageOfPage\":{\"@id\":\"https:\/\/viniciojarquin.com\/blog\/10-el-banco-central-de-costa-rica\/#primaryimage\"},\"image\":{\"@id\":\"https:\/\/viniciojarquin.com\/blog\/10-el-banco-central-de-costa-rica\/#primaryimage\"},\"thumbnailUrl\":\"https:\/\/viniciojarquin.com\/blog\/wp-content\/uploads\/2025\/10\/El-Banco-Central-de-Costa-Rica.jpg\",\"datePublished\":\"2025-10-26T02:30:53+00:00\",\"dateModified\":\"2025-10-26T02:30:56+00:00\",\"breadcrumb\":{\"@id\":\"https:\/\/viniciojarquin.com\/blog\/10-el-banco-central-de-costa-rica\/#breadcrumb\"},\"inLanguage\":\"es\",\"potentialAction\":[{\"@type\":\"ReadAction\",\"target\":[\"https:\/\/viniciojarquin.com\/blog\/10-el-banco-central-de-costa-rica\/\"]}]},{\"@type\":\"ImageObject\",\"inLanguage\":\"es\",\"@id\":\"https:\/\/viniciojarquin.com\/blog\/10-el-banco-central-de-costa-rica\/#primaryimage\",\"url\":\"https:\/\/viniciojarquin.com\/blog\/wp-content\/uploads\/2025\/10\/El-Banco-Central-de-Costa-Rica.jpg\",\"contentUrl\":\"https:\/\/viniciojarquin.com\/blog\/wp-content\/uploads\/2025\/10\/El-Banco-Central-de-Costa-Rica.jpg\",\"width\":800,\"height\":800},{\"@type\":\"BreadcrumbList\",\"@id\":\"https:\/\/viniciojarquin.com\/blog\/10-el-banco-central-de-costa-rica\/#breadcrumb\",\"itemListElement\":[{\"@type\":\"ListItem\",\"position\":1,\"name\":\"Portada\",\"item\":\"https:\/\/viniciojarquin.com\/blog\/\"},{\"@type\":\"ListItem\",\"position\":2,\"name\":\"10 &#8211; EL BANCO CENTRAL DE COSTA RICA\"}]},{\"@type\":\"WebSite\",\"@id\":\"https:\/\/viniciojarquin.com\/blog\/#website\",\"url\":\"https:\/\/viniciojarquin.com\/blog\/\",\"name\":\"Vinicio Jarqu\u00edn BLOG\",\"description\":\"\",\"publisher\":{\"@id\":\"https:\/\/viniciojarquin.com\/blog\/#\/schema\/person\/90100c8845ae55462ec0657d3d2f8d3b\"},\"potentialAction\":[{\"@type\":\"SearchAction\",\"target\":{\"@type\":\"EntryPoint\",\"urlTemplate\":\"https:\/\/viniciojarquin.com\/blog\/?s={search_term_string}\"},\"query-input\":{\"@type\":\"PropertyValueSpecification\",\"valueRequired\":true,\"valueName\":\"search_term_string\"}}],\"inLanguage\":\"es\"},{\"@type\":[\"Person\",\"Organization\"],\"@id\":\"https:\/\/viniciojarquin.com\/blog\/#\/schema\/person\/90100c8845ae55462ec0657d3d2f8d3b\",\"name\":\"Vinicio Jarqu\u00edn\",\"image\":{\"@type\":\"ImageObject\",\"inLanguage\":\"es\",\"@id\":\"https:\/\/viniciojarquin.com\/blog\/#\/schema\/person\/image\/\",\"url\":\"https:\/\/viniciojarquin.com\/blog\/wp-content\/uploads\/2024\/10\/Logo-VinicioJarquin-original-400.png\",\"contentUrl\":\"https:\/\/viniciojarquin.com\/blog\/wp-content\/uploads\/2024\/10\/Logo-VinicioJarquin-original-400.png\",\"width\":400,\"height\":130,\"caption\":\"Vinicio Jarqu\u00edn\"},\"logo\":{\"@id\":\"https:\/\/viniciojarquin.com\/blog\/#\/schema\/person\/image\/\"},\"description\":\"Empresario textil, artista pl\u00e1stico, escritor, coach de vida y fot\u00f3grafo.\",\"sameAs\":[\"https:\/\/viniciojarquin.com\/blog\",\"https:\/\/www.facebook.com\/vinicio.jarquin\",\"https:\/\/www.instagram.com\/vinicio_jarquin\/\",\"https:\/\/www.pinterest.com\/vinnyjc\/\",\"https:\/\/www.youtube.com\/@VinicioJarquin\"],\"url\":\"https:\/\/viniciojarquin.com\/blog\/author\/admin_s02au25i\/\"}]}<\/script>\n<!-- \/ Yoast SEO plugin. -->","yoast_head_json":{"title":"10 - EL BANCO CENTRAL DE COSTA RICA - MI BLOG","robots":{"index":"index","follow":"follow","max-snippet":"max-snippet:-1","max-image-preview":"max-image-preview:large","max-video-preview":"max-video-preview:-1"},"canonical":"https:\/\/viniciojarquin.com\/blog\/10-el-banco-central-de-costa-rica\/","og_locale":"es_ES","og_type":"article","og_title":"10 - EL BANCO CENTRAL DE COSTA RICA - MI BLOG","og_description":"Si el coraz\u00f3n de un pa\u00eds es su gente, el Banco Central de Costa Rica es su pulso. Cada movimiento [&hellip;]","og_url":"https:\/\/viniciojarquin.com\/blog\/10-el-banco-central-de-costa-rica\/","og_site_name":"MI BLOG","article_publisher":"https:\/\/www.facebook.com\/vinicio.jarquin","article_author":"https:\/\/www.facebook.com\/vinicio.jarquin","article_published_time":"2025-10-26T02:30:53+00:00","article_modified_time":"2025-10-26T02:30:56+00:00","og_image":[{"width":800,"height":800,"url":"https:\/\/viniciojarquin.com\/blog\/wp-content\/uploads\/2025\/10\/El-Banco-Central-de-Costa-Rica.jpg","type":"image\/jpeg"}],"author":"Vinicio Jarqu\u00edn","twitter_card":"summary_large_image","twitter_misc":{"Escrito por":"Vinicio Jarqu\u00edn","Tiempo de lectura":"3 minutos"},"schema":{"@context":"https:\/\/schema.org","@graph":[{"@type":"Article","@id":"https:\/\/viniciojarquin.com\/blog\/10-el-banco-central-de-costa-rica\/#article","isPartOf":{"@id":"https:\/\/viniciojarquin.com\/blog\/10-el-banco-central-de-costa-rica\/"},"author":{"name":"Vinicio Jarqu\u00edn","@id":"https:\/\/viniciojarquin.com\/blog\/#\/schema\/person\/90100c8845ae55462ec0657d3d2f8d3b"},"headline":"10 &#8211; EL BANCO CENTRAL DE COSTA RICA","datePublished":"2025-10-26T02:30:53+00:00","dateModified":"2025-10-26T02:30:56+00:00","mainEntityOfPage":{"@id":"https:\/\/viniciojarquin.com\/blog\/10-el-banco-central-de-costa-rica\/"},"wordCount":513,"commentCount":0,"publisher":{"@id":"https:\/\/viniciojarquin.com\/blog\/#\/schema\/person\/90100c8845ae55462ec0657d3d2f8d3b"},"image":{"@id":"https:\/\/viniciojarquin.com\/blog\/10-el-banco-central-de-costa-rica\/#primaryimage"},"thumbnailUrl":"https:\/\/viniciojarquin.com\/blog\/wp-content\/uploads\/2025\/10\/El-Banco-Central-de-Costa-Rica.jpg","articleSection":["Serie: Eduqu\u00e9monos"],"inLanguage":"es","potentialAction":[{"@type":"CommentAction","name":"Comment","target":["https:\/\/viniciojarquin.com\/blog\/10-el-banco-central-de-costa-rica\/#respond"]}]},{"@type":"WebPage","@id":"https:\/\/viniciojarquin.com\/blog\/10-el-banco-central-de-costa-rica\/","url":"https:\/\/viniciojarquin.com\/blog\/10-el-banco-central-de-costa-rica\/","name":"10 - EL BANCO CENTRAL DE COSTA RICA - MI BLOG","isPartOf":{"@id":"https:\/\/viniciojarquin.com\/blog\/#website"},"primaryImageOfPage":{"@id":"https:\/\/viniciojarquin.com\/blog\/10-el-banco-central-de-costa-rica\/#primaryimage"},"image":{"@id":"https:\/\/viniciojarquin.com\/blog\/10-el-banco-central-de-costa-rica\/#primaryimage"},"thumbnailUrl":"https:\/\/viniciojarquin.com\/blog\/wp-content\/uploads\/2025\/10\/El-Banco-Central-de-Costa-Rica.jpg","datePublished":"2025-10-26T02:30:53+00:00","dateModified":"2025-10-26T02:30:56+00:00","breadcrumb":{"@id":"https:\/\/viniciojarquin.com\/blog\/10-el-banco-central-de-costa-rica\/#breadcrumb"},"inLanguage":"es","potentialAction":[{"@type":"ReadAction","target":["https:\/\/viniciojarquin.com\/blog\/10-el-banco-central-de-costa-rica\/"]}]},{"@type":"ImageObject","inLanguage":"es","@id":"https:\/\/viniciojarquin.com\/blog\/10-el-banco-central-de-costa-rica\/#primaryimage","url":"https:\/\/viniciojarquin.com\/blog\/wp-content\/uploads\/2025\/10\/El-Banco-Central-de-Costa-Rica.jpg","contentUrl":"https:\/\/viniciojarquin.com\/blog\/wp-content\/uploads\/2025\/10\/El-Banco-Central-de-Costa-Rica.jpg","width":800,"height":800},{"@type":"BreadcrumbList","@id":"https:\/\/viniciojarquin.com\/blog\/10-el-banco-central-de-costa-rica\/#breadcrumb","itemListElement":[{"@type":"ListItem","position":1,"name":"Portada","item":"https:\/\/viniciojarquin.com\/blog\/"},{"@type":"ListItem","position":2,"name":"10 &#8211; EL BANCO CENTRAL DE COSTA RICA"}]},{"@type":"WebSite","@id":"https:\/\/viniciojarquin.com\/blog\/#website","url":"https:\/\/viniciojarquin.com\/blog\/","name":"Vinicio Jarqu\u00edn BLOG","description":"","publisher":{"@id":"https:\/\/viniciojarquin.com\/blog\/#\/schema\/person\/90100c8845ae55462ec0657d3d2f8d3b"},"potentialAction":[{"@type":"SearchAction","target":{"@type":"EntryPoint","urlTemplate":"https:\/\/viniciojarquin.com\/blog\/?s={search_term_string}"},"query-input":{"@type":"PropertyValueSpecification","valueRequired":true,"valueName":"search_term_string"}}],"inLanguage":"es"},{"@type":["Person","Organization"],"@id":"https:\/\/viniciojarquin.com\/blog\/#\/schema\/person\/90100c8845ae55462ec0657d3d2f8d3b","name":"Vinicio Jarqu\u00edn","image":{"@type":"ImageObject","inLanguage":"es","@id":"https:\/\/viniciojarquin.com\/blog\/#\/schema\/person\/image\/","url":"https:\/\/viniciojarquin.com\/blog\/wp-content\/uploads\/2024\/10\/Logo-VinicioJarquin-original-400.png","contentUrl":"https:\/\/viniciojarquin.com\/blog\/wp-content\/uploads\/2024\/10\/Logo-VinicioJarquin-original-400.png","width":400,"height":130,"caption":"Vinicio Jarqu\u00edn"},"logo":{"@id":"https:\/\/viniciojarquin.com\/blog\/#\/schema\/person\/image\/"},"description":"Empresario textil, artista pl\u00e1stico, escritor, coach de vida y fot\u00f3grafo.","sameAs":["https:\/\/viniciojarquin.com\/blog","https:\/\/www.facebook.com\/vinicio.jarquin","https:\/\/www.instagram.com\/vinicio_jarquin\/","https:\/\/www.pinterest.com\/vinnyjc\/","https:\/\/www.youtube.com\/@VinicioJarquin"],"url":"https:\/\/viniciojarquin.com\/blog\/author\/admin_s02au25i\/"}]}},"blog_post_layout_featured_media_urls":{"thumbnail":["https:\/\/viniciojarquin.com\/blog\/wp-content\/uploads\/2025\/10\/El-Banco-Central-de-Costa-Rica-150x150.jpg",150,150,true],"full":["https:\/\/viniciojarquin.com\/blog\/wp-content\/uploads\/2025\/10\/El-Banco-Central-de-Costa-Rica.jpg",800,800,false]},"categories_names":{"18":{"name":"Serie: Eduqu\u00e9monos","link":"https:\/\/viniciojarquin.com\/blog\/category\/eduquemonos\/"}},"tags_names":[],"comments_number":"0","_links":{"self":[{"href":"https:\/\/viniciojarquin.com\/blog\/wp-json\/wp\/v2\/posts\/949","targetHints":{"allow":["GET"]}}],"collection":[{"href":"https:\/\/viniciojarquin.com\/blog\/wp-json\/wp\/v2\/posts"}],"about":[{"href":"https:\/\/viniciojarquin.com\/blog\/wp-json\/wp\/v2\/types\/post"}],"author":[{"embeddable":true,"href":"https:\/\/viniciojarquin.com\/blog\/wp-json\/wp\/v2\/users\/1"}],"replies":[{"embeddable":true,"href":"https:\/\/viniciojarquin.com\/blog\/wp-json\/wp\/v2\/comments?post=949"}],"version-history":[{"count":1,"href":"https:\/\/viniciojarquin.com\/blog\/wp-json\/wp\/v2\/posts\/949\/revisions"}],"predecessor-version":[{"id":979,"href":"https:\/\/viniciojarquin.com\/blog\/wp-json\/wp\/v2\/posts\/949\/revisions\/979"}],"wp:featuredmedia":[{"embeddable":true,"href":"https:\/\/viniciojarquin.com\/blog\/wp-json\/wp\/v2\/media\/960"}],"wp:attachment":[{"href":"https:\/\/viniciojarquin.com\/blog\/wp-json\/wp\/v2\/media?parent=949"}],"wp:term":[{"taxonomy":"category","embeddable":true,"href":"https:\/\/viniciojarquin.com\/blog\/wp-json\/wp\/v2\/categories?post=949"},{"taxonomy":"post_tag","embeddable":true,"href":"https:\/\/viniciojarquin.com\/blog\/wp-json\/wp\/v2\/tags?post=949"}],"curies":[{"name":"wp","href":"https:\/\/api.w.org\/{rel}","templated":true}]}}