{"id":953,"date":"2025-10-26T02:41:05","date_gmt":"2025-10-26T02:41:05","guid":{"rendered":"https:\/\/viniciojarquin.com\/blog\/?p=953"},"modified":"2025-10-26T02:41:08","modified_gmt":"2025-10-26T02:41:08","slug":"15-el-plan-de-paz-de-oscar-arias","status":"publish","type":"post","link":"https:\/\/viniciojarquin.com\/blog\/15-el-plan-de-paz-de-oscar-arias\/","title":{"rendered":"15 &#8211; EL PLAN DE PAZ DE OSCAR ARIAS"},"content":{"rendered":"\n<figure class=\"wp-block-image size-full\"><img decoding=\"async\" width=\"800\" height=\"800\" data-src=\"https:\/\/viniciojarquin.com\/blog\/wp-content\/uploads\/2025\/10\/El-plan-de-paz-de-Costa-Rica-1.jpg\" alt=\"\" class=\"wp-image-965 lazyload\" data-srcset=\"https:\/\/viniciojarquin.com\/blog\/wp-content\/uploads\/2025\/10\/El-plan-de-paz-de-Costa-Rica-1.jpg 800w, https:\/\/viniciojarquin.com\/blog\/wp-content\/uploads\/2025\/10\/El-plan-de-paz-de-Costa-Rica-1-300x300.jpg 300w, https:\/\/viniciojarquin.com\/blog\/wp-content\/uploads\/2025\/10\/El-plan-de-paz-de-Costa-Rica-1-150x150.jpg 150w, https:\/\/viniciojarquin.com\/blog\/wp-content\/uploads\/2025\/10\/El-plan-de-paz-de-Costa-Rica-1-768x768.jpg 768w\" data-sizes=\"(max-width: 800px) 100vw, 800px\" src=\"data:image\/svg+xml;base64,PHN2ZyB3aWR0aD0iMSIgaGVpZ2h0PSIxIiB4bWxucz0iaHR0cDovL3d3dy53My5vcmcvMjAwMC9zdmciPjwvc3ZnPg==\" style=\"--smush-placeholder-width: 800px; --smush-placeholder-aspect-ratio: 800\/800;\" \/><\/figure>\n\n\n\n<p>En 1987, Costa Rica volvi\u00f3 a ocupar los titulares del mundo. No por una guerra, sino por haber ayudado a detenerla. El entonces presidente <strong>\u00d3scar Arias S\u00e1nchez<\/strong> present\u00f3 al mundo un documento hist\u00f3rico: el <strong>Plan de Paz para Centroam\u00e9rica<\/strong>, una propuesta que buscaba poner fin a los conflictos armados que desangraban la regi\u00f3n en los a\u00f1os ochenta.<\/p>\n\n\n\n<p>En aquel tiempo, Centroam\u00e9rica viv\u00eda una de sus etapas m\u00e1s oscuras.<br>Guatemala, El Salvador y Nicaragua estaban atrapados en guerras civiles; Honduras serv\u00eda de base militar para operaciones extranjeras, y Costa Rica, sin ej\u00e9rcito desde 1948, se ve\u00eda amenazada por la violencia que avanzaba desde todos los frentes.<\/p>\n\n\n\n<p>\u00d3scar Arias decidi\u00f3 actuar.<\/p>\n\n\n\n<p>Su plan \u2014oficialmente llamado <strong>Procedimiento para establecer la paz firme y duradera en Centroam\u00e9rica<\/strong>\u2014 propon\u00eda cinco compromisos para los gobiernos de la regi\u00f3n:<\/p>\n\n\n\n<ol start=\"1\" class=\"wp-block-list\">\n<li><strong>Cese al fuego inmediato.<\/strong><\/li>\n\n\n\n<li><strong>Amnist\u00eda general y reintegraci\u00f3n de combatientes.<\/strong><\/li>\n\n\n\n<li><strong>Elecciones libres y democr\u00e1ticas supervisadas internacionalmente.<\/strong><\/li>\n\n\n\n<li><strong>Respeto a los derechos humanos.<\/strong><\/li>\n\n\n\n<li><strong>Fin del apoyo militar extranjero en la regi\u00f3n.<\/strong><\/li>\n<\/ol>\n\n\n\n<p>La propuesta no fue sencilla.<\/p>\n\n\n\n<p>En aquel momento, cada pa\u00eds ten\u00eda intereses distintos, presiones externas y heridas profundas. Pero Arias insisti\u00f3, convenci\u00f3 a los presidentes de Guatemala, El Salvador, Nicaragua y Honduras para reunirse en Esquipulas, Guatemala, donde el plan fue finalmente firmado el <strong>7 de agosto de 1987<\/strong>.<\/p>\n\n\n\n<p>El <strong>Plan de Paz de Esquipulas II<\/strong>, como se conoci\u00f3 oficialmente, se convirti\u00f3 en un punto de inflexi\u00f3n para toda Centroam\u00e9rica. Marc\u00f3 el inicio del fin de las guerras internas, abri\u00f3 las puertas a la democratizaci\u00f3n y consolid\u00f3 la imagen de Costa Rica como <strong>una naci\u00f3n que construye paz, no que impone fuerza<\/strong>.<\/p>\n\n\n\n<p>Por su labor, \u00d3scar Arias recibi\u00f3 el <strong>Premio Nobel de la Paz<\/strong> ese mismo a\u00f1o. Pero m\u00e1s all\u00e1 del reconocimiento, el legado m\u00e1s profundo fue demostrar que la diplomacia, la inteligencia y la palabra pueden ser m\u00e1s poderosas que cualquier ej\u00e9rcito.<\/p>\n\n\n\n<p>El Plan de Paz no solo cambi\u00f3 la historia de la regi\u00f3n; tambi\u00e9n reafirm\u00f3 el papel de Costa Rica en el mundo como <strong>voz moral y ejemplo civilista<\/strong>. Fue un recordatorio de que la verdadera seguridad se edifica con justicia social, educaci\u00f3n, di\u00e1logo y valent\u00eda para proponer soluciones cuando otros prefieren la guerra.<\/p>\n\n\n\n<p>Hoy, cuando la polarizaci\u00f3n vuelve a dividir sociedades y el ruido reemplaza al entendimiento, conviene recordar aquella lecci\u00f3n: la paz no es ausencia de conflicto, sino presencia de conciencia. Y el Plan de Paz de \u00d3scar Arias sigue siendo, casi cuatro d\u00e9cadas despu\u00e9s, un faro que nos recuerda que el valor m\u00e1s grande de un pa\u00eds no est\u00e1 en su poder, sino en su <strong>coherencia moral<\/strong>.<\/p>\n","protected":false},"excerpt":{"rendered":"<p>En 1987, Costa Rica volvi\u00f3 a ocupar los titulares del mundo. No por una guerra, sino por haber ayudado a [&hellip;]<\/p>\n","protected":false},"author":1,"featured_media":965,"comment_status":"open","ping_status":"open","sticky":false,"template":"","format":"standard","meta":{"site-sidebar-layout":"default","site-content-layout":"","ast-site-content-layout":"","site-content-style":"default","site-sidebar-style":"default","ast-global-header-display":"","ast-banner-title-visibility":"","ast-main-header-display":"","ast-hfb-above-header-display":"","ast-hfb-below-header-display":"","ast-hfb-mobile-header-display":"","site-post-title":"","ast-breadcrumbs-content":"","ast-featured-img":"","footer-sml-layout":"","theme-transparent-header-meta":"","adv-header-id-meta":"","stick-header-meta":"","header-above-stick-meta":"","header-main-stick-meta":"","header-below-stick-meta":"","astra-migrate-meta-layouts":"default","ast-page-background-enabled":"default","ast-page-background-meta":{"desktop":{"background-color":"var(--ast-global-color-5)","background-image":"","background-repeat":"repeat","background-position":"center center","background-size":"auto","background-attachment":"scroll","background-type":"","background-media":"","overlay-type":"","overlay-color":"","overlay-opacity":"","overlay-gradient":""},"tablet":{"background-color":"","background-image":"","background-repeat":"repeat","background-position":"center center","background-size":"auto","background-attachment":"scroll","background-type":"","background-media":"","overlay-type":"","overlay-color":"","overlay-opacity":"","overlay-gradient":""},"mobile":{"background-color":"","background-image":"","background-repeat":"repeat","background-position":"center center","background-size":"auto","background-attachment":"scroll","background-type":"","background-media":"","overlay-type":"","overlay-color":"","overlay-opacity":"","overlay-gradient":""}},"ast-content-background-meta":{"desktop":{"background-color":"var(--ast-global-color-4)","background-image":"","background-repeat":"repeat","background-position":"center center","background-size":"auto","background-attachment":"scroll","background-type":"","background-media":"","overlay-type":"","overlay-color":"","overlay-opacity":"","overlay-gradient":""},"tablet":{"background-color":"var(--ast-global-color-4)","background-image":"","background-repeat":"repeat","background-position":"center center","background-size":"auto","background-attachment":"scroll","background-type":"","background-media":"","overlay-type":"","overlay-color":"","overlay-opacity":"","overlay-gradient":""},"mobile":{"background-color":"var(--ast-global-color-4)","background-image":"","background-repeat":"repeat","background-position":"center center","background-size":"auto","background-attachment":"scroll","background-type":"","background-media":"","overlay-type":"","overlay-color":"","overlay-opacity":"","overlay-gradient":""}},"footnotes":""},"categories":[18],"tags":[],"class_list":["post-953","post","type-post","status-publish","format-standard","has-post-thumbnail","hentry","category-eduquemonos"],"yoast_head":"<!-- This site is optimized with the Yoast SEO plugin v26.0 - https:\/\/yoast.com\/wordpress\/plugins\/seo\/ -->\n<title>15 - EL PLAN DE PAZ DE OSCAR ARIAS - MI BLOG<\/title>\n<meta name=\"robots\" content=\"index, follow, max-snippet:-1, max-image-preview:large, max-video-preview:-1\" \/>\n<link rel=\"canonical\" href=\"https:\/\/viniciojarquin.com\/blog\/15-el-plan-de-paz-de-oscar-arias\/\" \/>\n<meta property=\"og:locale\" content=\"es_ES\" \/>\n<meta property=\"og:type\" content=\"article\" \/>\n<meta property=\"og:title\" content=\"15 - EL PLAN DE PAZ DE OSCAR ARIAS - MI BLOG\" \/>\n<meta property=\"og:description\" content=\"En 1987, Costa Rica volvi\u00f3 a ocupar los titulares del mundo. No por una guerra, sino por haber ayudado a [&hellip;]\" \/>\n<meta property=\"og:url\" content=\"https:\/\/viniciojarquin.com\/blog\/15-el-plan-de-paz-de-oscar-arias\/\" \/>\n<meta property=\"og:site_name\" content=\"MI BLOG\" \/>\n<meta property=\"article:publisher\" content=\"https:\/\/www.facebook.com\/vinicio.jarquin\" \/>\n<meta property=\"article:author\" content=\"https:\/\/www.facebook.com\/vinicio.jarquin\" \/>\n<meta property=\"article:published_time\" content=\"2025-10-26T02:41:05+00:00\" \/>\n<meta property=\"article:modified_time\" content=\"2025-10-26T02:41:08+00:00\" \/>\n<meta property=\"og:image\" content=\"https:\/\/viniciojarquin.com\/blog\/wp-content\/uploads\/2025\/10\/El-plan-de-paz-de-Costa-Rica-1.jpg\" \/>\n\t<meta property=\"og:image:width\" content=\"800\" \/>\n\t<meta property=\"og:image:height\" content=\"800\" \/>\n\t<meta property=\"og:image:type\" content=\"image\/jpeg\" \/>\n<meta name=\"author\" content=\"Vinicio Jarqu\u00edn\" \/>\n<meta name=\"twitter:card\" content=\"summary_large_image\" \/>\n<meta name=\"twitter:label1\" content=\"Escrito por\" \/>\n\t<meta name=\"twitter:data1\" content=\"Vinicio Jarqu\u00edn\" \/>\n\t<meta name=\"twitter:label2\" content=\"Tiempo de lectura\" \/>\n\t<meta name=\"twitter:data2\" content=\"3 minutos\" \/>\n<script type=\"application\/ld+json\" class=\"yoast-schema-graph\">{\"@context\":\"https:\/\/schema.org\",\"@graph\":[{\"@type\":\"Article\",\"@id\":\"https:\/\/viniciojarquin.com\/blog\/15-el-plan-de-paz-de-oscar-arias\/#article\",\"isPartOf\":{\"@id\":\"https:\/\/viniciojarquin.com\/blog\/15-el-plan-de-paz-de-oscar-arias\/\"},\"author\":{\"name\":\"Vinicio Jarqu\u00edn\",\"@id\":\"https:\/\/viniciojarquin.com\/blog\/#\/schema\/person\/90100c8845ae55462ec0657d3d2f8d3b\"},\"headline\":\"15 &#8211; EL PLAN DE PAZ DE OSCAR ARIAS\",\"datePublished\":\"2025-10-26T02:41:05+00:00\",\"dateModified\":\"2025-10-26T02:41:08+00:00\",\"mainEntityOfPage\":{\"@id\":\"https:\/\/viniciojarquin.com\/blog\/15-el-plan-de-paz-de-oscar-arias\/\"},\"wordCount\":467,\"commentCount\":0,\"publisher\":{\"@id\":\"https:\/\/viniciojarquin.com\/blog\/#\/schema\/person\/90100c8845ae55462ec0657d3d2f8d3b\"},\"image\":{\"@id\":\"https:\/\/viniciojarquin.com\/blog\/15-el-plan-de-paz-de-oscar-arias\/#primaryimage\"},\"thumbnailUrl\":\"https:\/\/viniciojarquin.com\/blog\/wp-content\/uploads\/2025\/10\/El-plan-de-paz-de-Costa-Rica-1.jpg\",\"articleSection\":[\"Serie: Eduqu\u00e9monos\"],\"inLanguage\":\"es\",\"potentialAction\":[{\"@type\":\"CommentAction\",\"name\":\"Comment\",\"target\":[\"https:\/\/viniciojarquin.com\/blog\/15-el-plan-de-paz-de-oscar-arias\/#respond\"]}]},{\"@type\":\"WebPage\",\"@id\":\"https:\/\/viniciojarquin.com\/blog\/15-el-plan-de-paz-de-oscar-arias\/\",\"url\":\"https:\/\/viniciojarquin.com\/blog\/15-el-plan-de-paz-de-oscar-arias\/\",\"name\":\"15 - EL PLAN DE PAZ DE OSCAR ARIAS - MI BLOG\",\"isPartOf\":{\"@id\":\"https:\/\/viniciojarquin.com\/blog\/#website\"},\"primaryImageOfPage\":{\"@id\":\"https:\/\/viniciojarquin.com\/blog\/15-el-plan-de-paz-de-oscar-arias\/#primaryimage\"},\"image\":{\"@id\":\"https:\/\/viniciojarquin.com\/blog\/15-el-plan-de-paz-de-oscar-arias\/#primaryimage\"},\"thumbnailUrl\":\"https:\/\/viniciojarquin.com\/blog\/wp-content\/uploads\/2025\/10\/El-plan-de-paz-de-Costa-Rica-1.jpg\",\"datePublished\":\"2025-10-26T02:41:05+00:00\",\"dateModified\":\"2025-10-26T02:41:08+00:00\",\"breadcrumb\":{\"@id\":\"https:\/\/viniciojarquin.com\/blog\/15-el-plan-de-paz-de-oscar-arias\/#breadcrumb\"},\"inLanguage\":\"es\",\"potentialAction\":[{\"@type\":\"ReadAction\",\"target\":[\"https:\/\/viniciojarquin.com\/blog\/15-el-plan-de-paz-de-oscar-arias\/\"]}]},{\"@type\":\"ImageObject\",\"inLanguage\":\"es\",\"@id\":\"https:\/\/viniciojarquin.com\/blog\/15-el-plan-de-paz-de-oscar-arias\/#primaryimage\",\"url\":\"https:\/\/viniciojarquin.com\/blog\/wp-content\/uploads\/2025\/10\/El-plan-de-paz-de-Costa-Rica-1.jpg\",\"contentUrl\":\"https:\/\/viniciojarquin.com\/blog\/wp-content\/uploads\/2025\/10\/El-plan-de-paz-de-Costa-Rica-1.jpg\",\"width\":800,\"height\":800},{\"@type\":\"BreadcrumbList\",\"@id\":\"https:\/\/viniciojarquin.com\/blog\/15-el-plan-de-paz-de-oscar-arias\/#breadcrumb\",\"itemListElement\":[{\"@type\":\"ListItem\",\"position\":1,\"name\":\"Portada\",\"item\":\"https:\/\/viniciojarquin.com\/blog\/\"},{\"@type\":\"ListItem\",\"position\":2,\"name\":\"15 &#8211; EL PLAN DE PAZ DE OSCAR ARIAS\"}]},{\"@type\":\"WebSite\",\"@id\":\"https:\/\/viniciojarquin.com\/blog\/#website\",\"url\":\"https:\/\/viniciojarquin.com\/blog\/\",\"name\":\"Vinicio Jarqu\u00edn BLOG\",\"description\":\"\",\"publisher\":{\"@id\":\"https:\/\/viniciojarquin.com\/blog\/#\/schema\/person\/90100c8845ae55462ec0657d3d2f8d3b\"},\"potentialAction\":[{\"@type\":\"SearchAction\",\"target\":{\"@type\":\"EntryPoint\",\"urlTemplate\":\"https:\/\/viniciojarquin.com\/blog\/?s={search_term_string}\"},\"query-input\":{\"@type\":\"PropertyValueSpecification\",\"valueRequired\":true,\"valueName\":\"search_term_string\"}}],\"inLanguage\":\"es\"},{\"@type\":[\"Person\",\"Organization\"],\"@id\":\"https:\/\/viniciojarquin.com\/blog\/#\/schema\/person\/90100c8845ae55462ec0657d3d2f8d3b\",\"name\":\"Vinicio Jarqu\u00edn\",\"image\":{\"@type\":\"ImageObject\",\"inLanguage\":\"es\",\"@id\":\"https:\/\/viniciojarquin.com\/blog\/#\/schema\/person\/image\/\",\"url\":\"https:\/\/viniciojarquin.com\/blog\/wp-content\/uploads\/2024\/10\/Logo-VinicioJarquin-original-400.png\",\"contentUrl\":\"https:\/\/viniciojarquin.com\/blog\/wp-content\/uploads\/2024\/10\/Logo-VinicioJarquin-original-400.png\",\"width\":400,\"height\":130,\"caption\":\"Vinicio Jarqu\u00edn\"},\"logo\":{\"@id\":\"https:\/\/viniciojarquin.com\/blog\/#\/schema\/person\/image\/\"},\"description\":\"Empresario textil, artista pl\u00e1stico, escritor, coach de vida y fot\u00f3grafo.\",\"sameAs\":[\"https:\/\/viniciojarquin.com\/blog\",\"https:\/\/www.facebook.com\/vinicio.jarquin\",\"https:\/\/www.instagram.com\/vinicio_jarquin\/\",\"https:\/\/www.pinterest.com\/vinnyjc\/\",\"https:\/\/www.youtube.com\/@VinicioJarquin\"],\"url\":\"https:\/\/viniciojarquin.com\/blog\/author\/admin_s02au25i\/\"}]}<\/script>\n<!-- \/ Yoast SEO plugin. -->","yoast_head_json":{"title":"15 - EL PLAN DE PAZ DE OSCAR ARIAS - MI BLOG","robots":{"index":"index","follow":"follow","max-snippet":"max-snippet:-1","max-image-preview":"max-image-preview:large","max-video-preview":"max-video-preview:-1"},"canonical":"https:\/\/viniciojarquin.com\/blog\/15-el-plan-de-paz-de-oscar-arias\/","og_locale":"es_ES","og_type":"article","og_title":"15 - EL PLAN DE PAZ DE OSCAR ARIAS - MI BLOG","og_description":"En 1987, Costa Rica volvi\u00f3 a ocupar los titulares del mundo. No por una guerra, sino por haber ayudado a [&hellip;]","og_url":"https:\/\/viniciojarquin.com\/blog\/15-el-plan-de-paz-de-oscar-arias\/","og_site_name":"MI BLOG","article_publisher":"https:\/\/www.facebook.com\/vinicio.jarquin","article_author":"https:\/\/www.facebook.com\/vinicio.jarquin","article_published_time":"2025-10-26T02:41:05+00:00","article_modified_time":"2025-10-26T02:41:08+00:00","og_image":[{"width":800,"height":800,"url":"https:\/\/viniciojarquin.com\/blog\/wp-content\/uploads\/2025\/10\/El-plan-de-paz-de-Costa-Rica-1.jpg","type":"image\/jpeg"}],"author":"Vinicio Jarqu\u00edn","twitter_card":"summary_large_image","twitter_misc":{"Escrito por":"Vinicio Jarqu\u00edn","Tiempo de lectura":"3 minutos"},"schema":{"@context":"https:\/\/schema.org","@graph":[{"@type":"Article","@id":"https:\/\/viniciojarquin.com\/blog\/15-el-plan-de-paz-de-oscar-arias\/#article","isPartOf":{"@id":"https:\/\/viniciojarquin.com\/blog\/15-el-plan-de-paz-de-oscar-arias\/"},"author":{"name":"Vinicio Jarqu\u00edn","@id":"https:\/\/viniciojarquin.com\/blog\/#\/schema\/person\/90100c8845ae55462ec0657d3d2f8d3b"},"headline":"15 &#8211; EL PLAN DE PAZ DE OSCAR ARIAS","datePublished":"2025-10-26T02:41:05+00:00","dateModified":"2025-10-26T02:41:08+00:00","mainEntityOfPage":{"@id":"https:\/\/viniciojarquin.com\/blog\/15-el-plan-de-paz-de-oscar-arias\/"},"wordCount":467,"commentCount":0,"publisher":{"@id":"https:\/\/viniciojarquin.com\/blog\/#\/schema\/person\/90100c8845ae55462ec0657d3d2f8d3b"},"image":{"@id":"https:\/\/viniciojarquin.com\/blog\/15-el-plan-de-paz-de-oscar-arias\/#primaryimage"},"thumbnailUrl":"https:\/\/viniciojarquin.com\/blog\/wp-content\/uploads\/2025\/10\/El-plan-de-paz-de-Costa-Rica-1.jpg","articleSection":["Serie: Eduqu\u00e9monos"],"inLanguage":"es","potentialAction":[{"@type":"CommentAction","name":"Comment","target":["https:\/\/viniciojarquin.com\/blog\/15-el-plan-de-paz-de-oscar-arias\/#respond"]}]},{"@type":"WebPage","@id":"https:\/\/viniciojarquin.com\/blog\/15-el-plan-de-paz-de-oscar-arias\/","url":"https:\/\/viniciojarquin.com\/blog\/15-el-plan-de-paz-de-oscar-arias\/","name":"15 - EL PLAN DE PAZ DE OSCAR ARIAS - MI BLOG","isPartOf":{"@id":"https:\/\/viniciojarquin.com\/blog\/#website"},"primaryImageOfPage":{"@id":"https:\/\/viniciojarquin.com\/blog\/15-el-plan-de-paz-de-oscar-arias\/#primaryimage"},"image":{"@id":"https:\/\/viniciojarquin.com\/blog\/15-el-plan-de-paz-de-oscar-arias\/#primaryimage"},"thumbnailUrl":"https:\/\/viniciojarquin.com\/blog\/wp-content\/uploads\/2025\/10\/El-plan-de-paz-de-Costa-Rica-1.jpg","datePublished":"2025-10-26T02:41:05+00:00","dateModified":"2025-10-26T02:41:08+00:00","breadcrumb":{"@id":"https:\/\/viniciojarquin.com\/blog\/15-el-plan-de-paz-de-oscar-arias\/#breadcrumb"},"inLanguage":"es","potentialAction":[{"@type":"ReadAction","target":["https:\/\/viniciojarquin.com\/blog\/15-el-plan-de-paz-de-oscar-arias\/"]}]},{"@type":"ImageObject","inLanguage":"es","@id":"https:\/\/viniciojarquin.com\/blog\/15-el-plan-de-paz-de-oscar-arias\/#primaryimage","url":"https:\/\/viniciojarquin.com\/blog\/wp-content\/uploads\/2025\/10\/El-plan-de-paz-de-Costa-Rica-1.jpg","contentUrl":"https:\/\/viniciojarquin.com\/blog\/wp-content\/uploads\/2025\/10\/El-plan-de-paz-de-Costa-Rica-1.jpg","width":800,"height":800},{"@type":"BreadcrumbList","@id":"https:\/\/viniciojarquin.com\/blog\/15-el-plan-de-paz-de-oscar-arias\/#breadcrumb","itemListElement":[{"@type":"ListItem","position":1,"name":"Portada","item":"https:\/\/viniciojarquin.com\/blog\/"},{"@type":"ListItem","position":2,"name":"15 &#8211; EL PLAN DE PAZ DE OSCAR ARIAS"}]},{"@type":"WebSite","@id":"https:\/\/viniciojarquin.com\/blog\/#website","url":"https:\/\/viniciojarquin.com\/blog\/","name":"Vinicio Jarqu\u00edn BLOG","description":"","publisher":{"@id":"https:\/\/viniciojarquin.com\/blog\/#\/schema\/person\/90100c8845ae55462ec0657d3d2f8d3b"},"potentialAction":[{"@type":"SearchAction","target":{"@type":"EntryPoint","urlTemplate":"https:\/\/viniciojarquin.com\/blog\/?s={search_term_string}"},"query-input":{"@type":"PropertyValueSpecification","valueRequired":true,"valueName":"search_term_string"}}],"inLanguage":"es"},{"@type":["Person","Organization"],"@id":"https:\/\/viniciojarquin.com\/blog\/#\/schema\/person\/90100c8845ae55462ec0657d3d2f8d3b","name":"Vinicio Jarqu\u00edn","image":{"@type":"ImageObject","inLanguage":"es","@id":"https:\/\/viniciojarquin.com\/blog\/#\/schema\/person\/image\/","url":"https:\/\/viniciojarquin.com\/blog\/wp-content\/uploads\/2024\/10\/Logo-VinicioJarquin-original-400.png","contentUrl":"https:\/\/viniciojarquin.com\/blog\/wp-content\/uploads\/2024\/10\/Logo-VinicioJarquin-original-400.png","width":400,"height":130,"caption":"Vinicio Jarqu\u00edn"},"logo":{"@id":"https:\/\/viniciojarquin.com\/blog\/#\/schema\/person\/image\/"},"description":"Empresario textil, artista pl\u00e1stico, escritor, coach de vida y fot\u00f3grafo.","sameAs":["https:\/\/viniciojarquin.com\/blog","https:\/\/www.facebook.com\/vinicio.jarquin","https:\/\/www.instagram.com\/vinicio_jarquin\/","https:\/\/www.pinterest.com\/vinnyjc\/","https:\/\/www.youtube.com\/@VinicioJarquin"],"url":"https:\/\/viniciojarquin.com\/blog\/author\/admin_s02au25i\/"}]}},"blog_post_layout_featured_media_urls":{"thumbnail":["https:\/\/viniciojarquin.com\/blog\/wp-content\/uploads\/2025\/10\/El-plan-de-paz-de-Costa-Rica-1-150x150.jpg",150,150,true],"full":["https:\/\/viniciojarquin.com\/blog\/wp-content\/uploads\/2025\/10\/El-plan-de-paz-de-Costa-Rica-1.jpg",800,800,false]},"categories_names":{"18":{"name":"Serie: Eduqu\u00e9monos","link":"https:\/\/viniciojarquin.com\/blog\/category\/eduquemonos\/"}},"tags_names":[],"comments_number":"0","_links":{"self":[{"href":"https:\/\/viniciojarquin.com\/blog\/wp-json\/wp\/v2\/posts\/953","targetHints":{"allow":["GET"]}}],"collection":[{"href":"https:\/\/viniciojarquin.com\/blog\/wp-json\/wp\/v2\/posts"}],"about":[{"href":"https:\/\/viniciojarquin.com\/blog\/wp-json\/wp\/v2\/types\/post"}],"author":[{"embeddable":true,"href":"https:\/\/viniciojarquin.com\/blog\/wp-json\/wp\/v2\/users\/1"}],"replies":[{"embeddable":true,"href":"https:\/\/viniciojarquin.com\/blog\/wp-json\/wp\/v2\/comments?post=953"}],"version-history":[{"count":1,"href":"https:\/\/viniciojarquin.com\/blog\/wp-json\/wp\/v2\/posts\/953\/revisions"}],"predecessor-version":[{"id":984,"href":"https:\/\/viniciojarquin.com\/blog\/wp-json\/wp\/v2\/posts\/953\/revisions\/984"}],"wp:featuredmedia":[{"embeddable":true,"href":"https:\/\/viniciojarquin.com\/blog\/wp-json\/wp\/v2\/media\/965"}],"wp:attachment":[{"href":"https:\/\/viniciojarquin.com\/blog\/wp-json\/wp\/v2\/media?parent=953"}],"wp:term":[{"taxonomy":"category","embeddable":true,"href":"https:\/\/viniciojarquin.com\/blog\/wp-json\/wp\/v2\/categories?post=953"},{"taxonomy":"post_tag","embeddable":true,"href":"https:\/\/viniciojarquin.com\/blog\/wp-json\/wp\/v2\/tags?post=953"}],"curies":[{"name":"wp","href":"https:\/\/api.w.org\/{rel}","templated":true}]}}