{"id":988,"date":"2025-10-26T03:25:39","date_gmt":"2025-10-26T03:25:39","guid":{"rendered":"https:\/\/viniciojarquin.com\/blog\/?p=988"},"modified":"2025-10-26T03:25:42","modified_gmt":"2025-10-26T03:25:42","slug":"17-costa-rica-y-su-legado-de-paz-la-eliminacion-de-los-ejercitos-en-panama-y-haiti","status":"publish","type":"post","link":"https:\/\/viniciojarquin.com\/blog\/17-costa-rica-y-su-legado-de-paz-la-eliminacion-de-los-ejercitos-en-panama-y-haiti\/","title":{"rendered":"17 &#8211; COSTA RICA Y SU LEGADO DE PAZ: LA ELIMINACI\u00d3N DE LOS EJ\u00c9RCITOS EN PANAM\u00c1 Y HAIT\u00cd"},"content":{"rendered":"\n<figure class=\"wp-block-image size-full\"><img decoding=\"async\" width=\"800\" height=\"800\" data-src=\"https:\/\/viniciojarquin.com\/blog\/wp-content\/uploads\/2025\/10\/Costa-Rica-y-su-legado-de-paz.jpg\" alt=\"\" class=\"wp-image-989 lazyload\" data-srcset=\"https:\/\/viniciojarquin.com\/blog\/wp-content\/uploads\/2025\/10\/Costa-Rica-y-su-legado-de-paz.jpg 800w, https:\/\/viniciojarquin.com\/blog\/wp-content\/uploads\/2025\/10\/Costa-Rica-y-su-legado-de-paz-300x300.jpg 300w, https:\/\/viniciojarquin.com\/blog\/wp-content\/uploads\/2025\/10\/Costa-Rica-y-su-legado-de-paz-150x150.jpg 150w, https:\/\/viniciojarquin.com\/blog\/wp-content\/uploads\/2025\/10\/Costa-Rica-y-su-legado-de-paz-768x768.jpg 768w\" data-sizes=\"(max-width: 800px) 100vw, 800px\" src=\"data:image\/svg+xml;base64,PHN2ZyB3aWR0aD0iMSIgaGVpZ2h0PSIxIiB4bWxucz0iaHR0cDovL3d3dy53My5vcmcvMjAwMC9zdmciPjwvc3ZnPg==\" style=\"--smush-placeholder-width: 800px; --smush-placeholder-aspect-ratio: 800\/800;\" \/><\/figure>\n\n\n\n<p>Cuando Costa Rica aboli\u00f3 su ej\u00e9rcito en 1948, el mundo entero mir\u00f3 con escepticismo. \u00bfC\u00f3mo pod\u00eda sobrevivir un pa\u00eds sin fuerzas armadas, en una regi\u00f3n marcada por dictaduras, guerras y golpes de Estado? Pero la historia demostr\u00f3 que la decisi\u00f3n de Jos\u00e9 Figueres Ferrer no fue ingenua: fue visionaria.<\/p>\n\n\n\n<p>D\u00e9cadas m\u00e1s tarde, esa misma visi\u00f3n inspir\u00f3 a otras naciones. Y Costa Rica, a trav\u00e9s del liderazgo del expresidente \u00d3scar Arias S\u00e1nchez, jug\u00f3 un papel fundamental en la abolici\u00f3n de los ej\u00e9rcitos de Panam\u00e1 y Hait\u00ed, dos pa\u00edses que, aunque distintos en su contexto hist\u00f3rico, compart\u00edan un deseo: dejar atr\u00e1s la violencia institucionalizada.<\/p>\n\n\n\n<p>Tras el \u00e9xito del Plan de Paz de Centroam\u00e9rica, Arias asumi\u00f3 una nueva causa: promover el desarme y la eliminaci\u00f3n de los ej\u00e9rcitos en pa\u00edses donde estos se hab\u00edan convertido en instrumentos de represi\u00f3n. Desde la diplomacia, el ejemplo costarricense y su influencia internacional, Arias impuls\u00f3 conversaciones, asesor\u00edas y esfuerzos multilaterales que inspiraron reformas profundas.<\/p>\n\n\n\n<p>En Panam\u00e1, tras la ca\u00edda del r\u00e9gimen militar de Manuel Antonio Noriega, se abri\u00f3 una oportunidad hist\u00f3rica. El pa\u00eds hab\u00eda sufrido d\u00e9cadas de dictaduras y corrupci\u00f3n asociadas al poder militar. Arias particip\u00f3 activamente en las conversaciones y asesor\u00edas internacionales que respaldaron la decisi\u00f3n del gobierno paname\u00f1o de abolir su ej\u00e9rcito en 1994, sustituy\u00e9ndolo por una fuerza p\u00fablica civil. Fue un paso valiente que convirti\u00f3 a Panam\u00e1 en el segundo pa\u00eds del continente americano sin ej\u00e9rcito permanente.<\/p>\n\n\n\n<p>En Hait\u00ed, el proceso fue distinto, pero el esp\u00edritu fue el mismo. Arias, junto con otros premios Nobel de la Paz, promovi\u00f3 una campa\u00f1a internacional a favor del desmantelamiento del ej\u00e9rcito haitiano, que durante a\u00f1os hab\u00eda estado implicado en golpes de Estado y violaciones de derechos humanos.<\/p>\n\n\n\n<p>En 1995, el entonces presidente Jean-Bertrand Aristide tom\u00f3 la decisi\u00f3n de disolver las Fuerzas Armadas de Hait\u00ed, un paso que cont\u00f3 con apoyo moral y diplom\u00e1tico del movimiento por la paz liderado por figuras como Arias.<\/p>\n\n\n\n<p>Adem\u00e1s, el expresidente costarricense sigui\u00f3 trabajando en el tema global del desarme.<\/p>\n\n\n\n<p>En 1997, junto con otros laureados del Nobel de la Paz, elabor\u00f3 el C\u00f3digo Internacional de Conducta para las Transferencias de Armas (International Code of Conduct on Arms Transfers), que luego sirvi\u00f3 de base para el Tratado sobre el Comercio de Armas (Arms Trade Treaty), adoptado por las Naciones Unidas en 2013.<\/p>\n\n\n\n<p>El legado es claro: Costa Rica no solo renunci\u00f3 a la guerra, sino que ense\u00f1\u00f3 al mundo que se puede vivir sin ej\u00e9rcito, y vivir mejor. Su voz, a trav\u00e9s de \u00d3scar Arias, ayud\u00f3 a que otros pa\u00edses se atrevieran a imaginar un futuro sin armas, sin dictaduras y con m\u00e1s inversi\u00f3n en educaci\u00f3n, salud y cultura.<\/p>\n\n\n\n<p>Cada vez que alguien dice que Costa Rica es un pa\u00eds peque\u00f1o, vale recordar esto:<br>un pa\u00eds peque\u00f1o puede tener un coraz\u00f3n enorme, capaz de influir en naciones enteras y dejar huellas profundas en la historia de la humanidad.<\/p>\n","protected":false},"excerpt":{"rendered":"<p>Cuando Costa Rica aboli\u00f3 su ej\u00e9rcito en 1948, el mundo entero mir\u00f3 con escepticismo. \u00bfC\u00f3mo pod\u00eda sobrevivir un pa\u00eds sin [&hellip;]<\/p>\n","protected":false},"author":1,"featured_media":989,"comment_status":"open","ping_status":"open","sticky":false,"template":"","format":"standard","meta":{"site-sidebar-layout":"default","site-content-layout":"","ast-site-content-layout":"","site-content-style":"default","site-sidebar-style":"default","ast-global-header-display":"","ast-banner-title-visibility":"","ast-main-header-display":"","ast-hfb-above-header-display":"","ast-hfb-below-header-display":"","ast-hfb-mobile-header-display":"","site-post-title":"","ast-breadcrumbs-content":"","ast-featured-img":"","footer-sml-layout":"","theme-transparent-header-meta":"","adv-header-id-meta":"","stick-header-meta":"","header-above-stick-meta":"","header-main-stick-meta":"","header-below-stick-meta":"","astra-migrate-meta-layouts":"default","ast-page-background-enabled":"default","ast-page-background-meta":{"desktop":{"background-color":"var(--ast-global-color-5)","background-image":"","background-repeat":"repeat","background-position":"center center","background-size":"auto","background-attachment":"scroll","background-type":"","background-media":"","overlay-type":"","overlay-color":"","overlay-opacity":"","overlay-gradient":""},"tablet":{"background-color":"","background-image":"","background-repeat":"repeat","background-position":"center center","background-size":"auto","background-attachment":"scroll","background-type":"","background-media":"","overlay-type":"","overlay-color":"","overlay-opacity":"","overlay-gradient":""},"mobile":{"background-color":"","background-image":"","background-repeat":"repeat","background-position":"center center","background-size":"auto","background-attachment":"scroll","background-type":"","background-media":"","overlay-type":"","overlay-color":"","overlay-opacity":"","overlay-gradient":""}},"ast-content-background-meta":{"desktop":{"background-color":"var(--ast-global-color-4)","background-image":"","background-repeat":"repeat","background-position":"center center","background-size":"auto","background-attachment":"scroll","background-type":"","background-media":"","overlay-type":"","overlay-color":"","overlay-opacity":"","overlay-gradient":""},"tablet":{"background-color":"var(--ast-global-color-4)","background-image":"","background-repeat":"repeat","background-position":"center center","background-size":"auto","background-attachment":"scroll","background-type":"","background-media":"","overlay-type":"","overlay-color":"","overlay-opacity":"","overlay-gradient":""},"mobile":{"background-color":"var(--ast-global-color-4)","background-image":"","background-repeat":"repeat","background-position":"center center","background-size":"auto","background-attachment":"scroll","background-type":"","background-media":"","overlay-type":"","overlay-color":"","overlay-opacity":"","overlay-gradient":""}},"footnotes":""},"categories":[18],"tags":[],"class_list":["post-988","post","type-post","status-publish","format-standard","has-post-thumbnail","hentry","category-eduquemonos"],"yoast_head":"<!-- This site is optimized with the Yoast SEO plugin v26.0 - https:\/\/yoast.com\/wordpress\/plugins\/seo\/ -->\n<title>17 - COSTA RICA Y SU LEGADO DE PAZ: LA ELIMINACI\u00d3N DE LOS EJ\u00c9RCITOS EN PANAM\u00c1 Y HAIT\u00cd - MI BLOG<\/title>\n<meta name=\"robots\" content=\"index, follow, max-snippet:-1, max-image-preview:large, max-video-preview:-1\" \/>\n<link rel=\"canonical\" href=\"https:\/\/viniciojarquin.com\/blog\/17-costa-rica-y-su-legado-de-paz-la-eliminacion-de-los-ejercitos-en-panama-y-haiti\/\" \/>\n<meta property=\"og:locale\" content=\"es_ES\" \/>\n<meta property=\"og:type\" content=\"article\" \/>\n<meta property=\"og:title\" content=\"17 - COSTA RICA Y SU LEGADO DE PAZ: LA ELIMINACI\u00d3N DE LOS EJ\u00c9RCITOS EN PANAM\u00c1 Y HAIT\u00cd - MI BLOG\" \/>\n<meta property=\"og:description\" content=\"Cuando Costa Rica aboli\u00f3 su ej\u00e9rcito en 1948, el mundo entero mir\u00f3 con escepticismo. \u00bfC\u00f3mo pod\u00eda sobrevivir un pa\u00eds sin [&hellip;]\" \/>\n<meta property=\"og:url\" content=\"https:\/\/viniciojarquin.com\/blog\/17-costa-rica-y-su-legado-de-paz-la-eliminacion-de-los-ejercitos-en-panama-y-haiti\/\" \/>\n<meta property=\"og:site_name\" content=\"MI BLOG\" \/>\n<meta property=\"article:publisher\" content=\"https:\/\/www.facebook.com\/vinicio.jarquin\" \/>\n<meta property=\"article:author\" content=\"https:\/\/www.facebook.com\/vinicio.jarquin\" \/>\n<meta property=\"article:published_time\" content=\"2025-10-26T03:25:39+00:00\" \/>\n<meta property=\"article:modified_time\" content=\"2025-10-26T03:25:42+00:00\" \/>\n<meta property=\"og:image\" content=\"https:\/\/viniciojarquin.com\/blog\/wp-content\/uploads\/2025\/10\/Costa-Rica-y-su-legado-de-paz.jpg\" \/>\n\t<meta property=\"og:image:width\" content=\"800\" \/>\n\t<meta property=\"og:image:height\" content=\"800\" \/>\n\t<meta property=\"og:image:type\" content=\"image\/jpeg\" \/>\n<meta name=\"author\" content=\"Vinicio Jarqu\u00edn\" \/>\n<meta name=\"twitter:card\" content=\"summary_large_image\" \/>\n<meta name=\"twitter:label1\" content=\"Escrito por\" \/>\n\t<meta name=\"twitter:data1\" content=\"Vinicio Jarqu\u00edn\" \/>\n\t<meta name=\"twitter:label2\" content=\"Tiempo de lectura\" \/>\n\t<meta name=\"twitter:data2\" content=\"3 minutos\" \/>\n<script type=\"application\/ld+json\" class=\"yoast-schema-graph\">{\"@context\":\"https:\/\/schema.org\",\"@graph\":[{\"@type\":\"Article\",\"@id\":\"https:\/\/viniciojarquin.com\/blog\/17-costa-rica-y-su-legado-de-paz-la-eliminacion-de-los-ejercitos-en-panama-y-haiti\/#article\",\"isPartOf\":{\"@id\":\"https:\/\/viniciojarquin.com\/blog\/17-costa-rica-y-su-legado-de-paz-la-eliminacion-de-los-ejercitos-en-panama-y-haiti\/\"},\"author\":{\"name\":\"Vinicio Jarqu\u00edn\",\"@id\":\"https:\/\/viniciojarquin.com\/blog\/#\/schema\/person\/90100c8845ae55462ec0657d3d2f8d3b\"},\"headline\":\"17 &#8211; COSTA RICA Y SU LEGADO DE PAZ: LA ELIMINACI\u00d3N DE LOS EJ\u00c9RCITOS EN PANAM\u00c1 Y HAIT\u00cd\",\"datePublished\":\"2025-10-26T03:25:39+00:00\",\"dateModified\":\"2025-10-26T03:25:42+00:00\",\"mainEntityOfPage\":{\"@id\":\"https:\/\/viniciojarquin.com\/blog\/17-costa-rica-y-su-legado-de-paz-la-eliminacion-de-los-ejercitos-en-panama-y-haiti\/\"},\"wordCount\":549,\"commentCount\":0,\"publisher\":{\"@id\":\"https:\/\/viniciojarquin.com\/blog\/#\/schema\/person\/90100c8845ae55462ec0657d3d2f8d3b\"},\"image\":{\"@id\":\"https:\/\/viniciojarquin.com\/blog\/17-costa-rica-y-su-legado-de-paz-la-eliminacion-de-los-ejercitos-en-panama-y-haiti\/#primaryimage\"},\"thumbnailUrl\":\"https:\/\/viniciojarquin.com\/blog\/wp-content\/uploads\/2025\/10\/Costa-Rica-y-su-legado-de-paz.jpg\",\"articleSection\":[\"Serie: Eduqu\u00e9monos\"],\"inLanguage\":\"es\",\"potentialAction\":[{\"@type\":\"CommentAction\",\"name\":\"Comment\",\"target\":[\"https:\/\/viniciojarquin.com\/blog\/17-costa-rica-y-su-legado-de-paz-la-eliminacion-de-los-ejercitos-en-panama-y-haiti\/#respond\"]}]},{\"@type\":\"WebPage\",\"@id\":\"https:\/\/viniciojarquin.com\/blog\/17-costa-rica-y-su-legado-de-paz-la-eliminacion-de-los-ejercitos-en-panama-y-haiti\/\",\"url\":\"https:\/\/viniciojarquin.com\/blog\/17-costa-rica-y-su-legado-de-paz-la-eliminacion-de-los-ejercitos-en-panama-y-haiti\/\",\"name\":\"17 - COSTA RICA Y SU LEGADO DE PAZ: LA ELIMINACI\u00d3N DE LOS EJ\u00c9RCITOS EN PANAM\u00c1 Y HAIT\u00cd - MI BLOG\",\"isPartOf\":{\"@id\":\"https:\/\/viniciojarquin.com\/blog\/#website\"},\"primaryImageOfPage\":{\"@id\":\"https:\/\/viniciojarquin.com\/blog\/17-costa-rica-y-su-legado-de-paz-la-eliminacion-de-los-ejercitos-en-panama-y-haiti\/#primaryimage\"},\"image\":{\"@id\":\"https:\/\/viniciojarquin.com\/blog\/17-costa-rica-y-su-legado-de-paz-la-eliminacion-de-los-ejercitos-en-panama-y-haiti\/#primaryimage\"},\"thumbnailUrl\":\"https:\/\/viniciojarquin.com\/blog\/wp-content\/uploads\/2025\/10\/Costa-Rica-y-su-legado-de-paz.jpg\",\"datePublished\":\"2025-10-26T03:25:39+00:00\",\"dateModified\":\"2025-10-26T03:25:42+00:00\",\"breadcrumb\":{\"@id\":\"https:\/\/viniciojarquin.com\/blog\/17-costa-rica-y-su-legado-de-paz-la-eliminacion-de-los-ejercitos-en-panama-y-haiti\/#breadcrumb\"},\"inLanguage\":\"es\",\"potentialAction\":[{\"@type\":\"ReadAction\",\"target\":[\"https:\/\/viniciojarquin.com\/blog\/17-costa-rica-y-su-legado-de-paz-la-eliminacion-de-los-ejercitos-en-panama-y-haiti\/\"]}]},{\"@type\":\"ImageObject\",\"inLanguage\":\"es\",\"@id\":\"https:\/\/viniciojarquin.com\/blog\/17-costa-rica-y-su-legado-de-paz-la-eliminacion-de-los-ejercitos-en-panama-y-haiti\/#primaryimage\",\"url\":\"https:\/\/viniciojarquin.com\/blog\/wp-content\/uploads\/2025\/10\/Costa-Rica-y-su-legado-de-paz.jpg\",\"contentUrl\":\"https:\/\/viniciojarquin.com\/blog\/wp-content\/uploads\/2025\/10\/Costa-Rica-y-su-legado-de-paz.jpg\",\"width\":800,\"height\":800},{\"@type\":\"BreadcrumbList\",\"@id\":\"https:\/\/viniciojarquin.com\/blog\/17-costa-rica-y-su-legado-de-paz-la-eliminacion-de-los-ejercitos-en-panama-y-haiti\/#breadcrumb\",\"itemListElement\":[{\"@type\":\"ListItem\",\"position\":1,\"name\":\"Portada\",\"item\":\"https:\/\/viniciojarquin.com\/blog\/\"},{\"@type\":\"ListItem\",\"position\":2,\"name\":\"17 &#8211; COSTA RICA Y SU LEGADO DE PAZ: LA ELIMINACI\u00d3N DE LOS EJ\u00c9RCITOS EN PANAM\u00c1 Y HAIT\u00cd\"}]},{\"@type\":\"WebSite\",\"@id\":\"https:\/\/viniciojarquin.com\/blog\/#website\",\"url\":\"https:\/\/viniciojarquin.com\/blog\/\",\"name\":\"Vinicio Jarqu\u00edn BLOG\",\"description\":\"\",\"publisher\":{\"@id\":\"https:\/\/viniciojarquin.com\/blog\/#\/schema\/person\/90100c8845ae55462ec0657d3d2f8d3b\"},\"potentialAction\":[{\"@type\":\"SearchAction\",\"target\":{\"@type\":\"EntryPoint\",\"urlTemplate\":\"https:\/\/viniciojarquin.com\/blog\/?s={search_term_string}\"},\"query-input\":{\"@type\":\"PropertyValueSpecification\",\"valueRequired\":true,\"valueName\":\"search_term_string\"}}],\"inLanguage\":\"es\"},{\"@type\":[\"Person\",\"Organization\"],\"@id\":\"https:\/\/viniciojarquin.com\/blog\/#\/schema\/person\/90100c8845ae55462ec0657d3d2f8d3b\",\"name\":\"Vinicio Jarqu\u00edn\",\"image\":{\"@type\":\"ImageObject\",\"inLanguage\":\"es\",\"@id\":\"https:\/\/viniciojarquin.com\/blog\/#\/schema\/person\/image\/\",\"url\":\"https:\/\/viniciojarquin.com\/blog\/wp-content\/uploads\/2024\/10\/Logo-VinicioJarquin-original-400.png\",\"contentUrl\":\"https:\/\/viniciojarquin.com\/blog\/wp-content\/uploads\/2024\/10\/Logo-VinicioJarquin-original-400.png\",\"width\":400,\"height\":130,\"caption\":\"Vinicio Jarqu\u00edn\"},\"logo\":{\"@id\":\"https:\/\/viniciojarquin.com\/blog\/#\/schema\/person\/image\/\"},\"description\":\"Empresario textil, artista pl\u00e1stico, escritor, coach de vida y fot\u00f3grafo.\",\"sameAs\":[\"https:\/\/viniciojarquin.com\/blog\",\"https:\/\/www.facebook.com\/vinicio.jarquin\",\"https:\/\/www.instagram.com\/vinicio_jarquin\/\",\"https:\/\/www.pinterest.com\/vinnyjc\/\",\"https:\/\/www.youtube.com\/@VinicioJarquin\"],\"url\":\"https:\/\/viniciojarquin.com\/blog\/author\/admin_s02au25i\/\"}]}<\/script>\n<!-- \/ Yoast SEO plugin. -->","yoast_head_json":{"title":"17 - COSTA RICA Y SU LEGADO DE PAZ: LA ELIMINACI\u00d3N DE LOS EJ\u00c9RCITOS EN PANAM\u00c1 Y HAIT\u00cd - MI BLOG","robots":{"index":"index","follow":"follow","max-snippet":"max-snippet:-1","max-image-preview":"max-image-preview:large","max-video-preview":"max-video-preview:-1"},"canonical":"https:\/\/viniciojarquin.com\/blog\/17-costa-rica-y-su-legado-de-paz-la-eliminacion-de-los-ejercitos-en-panama-y-haiti\/","og_locale":"es_ES","og_type":"article","og_title":"17 - COSTA RICA Y SU LEGADO DE PAZ: LA ELIMINACI\u00d3N DE LOS EJ\u00c9RCITOS EN PANAM\u00c1 Y HAIT\u00cd - MI BLOG","og_description":"Cuando Costa Rica aboli\u00f3 su ej\u00e9rcito en 1948, el mundo entero mir\u00f3 con escepticismo. \u00bfC\u00f3mo pod\u00eda sobrevivir un pa\u00eds sin [&hellip;]","og_url":"https:\/\/viniciojarquin.com\/blog\/17-costa-rica-y-su-legado-de-paz-la-eliminacion-de-los-ejercitos-en-panama-y-haiti\/","og_site_name":"MI BLOG","article_publisher":"https:\/\/www.facebook.com\/vinicio.jarquin","article_author":"https:\/\/www.facebook.com\/vinicio.jarquin","article_published_time":"2025-10-26T03:25:39+00:00","article_modified_time":"2025-10-26T03:25:42+00:00","og_image":[{"width":800,"height":800,"url":"https:\/\/viniciojarquin.com\/blog\/wp-content\/uploads\/2025\/10\/Costa-Rica-y-su-legado-de-paz.jpg","type":"image\/jpeg"}],"author":"Vinicio Jarqu\u00edn","twitter_card":"summary_large_image","twitter_misc":{"Escrito por":"Vinicio Jarqu\u00edn","Tiempo de lectura":"3 minutos"},"schema":{"@context":"https:\/\/schema.org","@graph":[{"@type":"Article","@id":"https:\/\/viniciojarquin.com\/blog\/17-costa-rica-y-su-legado-de-paz-la-eliminacion-de-los-ejercitos-en-panama-y-haiti\/#article","isPartOf":{"@id":"https:\/\/viniciojarquin.com\/blog\/17-costa-rica-y-su-legado-de-paz-la-eliminacion-de-los-ejercitos-en-panama-y-haiti\/"},"author":{"name":"Vinicio Jarqu\u00edn","@id":"https:\/\/viniciojarquin.com\/blog\/#\/schema\/person\/90100c8845ae55462ec0657d3d2f8d3b"},"headline":"17 &#8211; COSTA RICA Y SU LEGADO DE PAZ: LA ELIMINACI\u00d3N DE LOS EJ\u00c9RCITOS EN PANAM\u00c1 Y HAIT\u00cd","datePublished":"2025-10-26T03:25:39+00:00","dateModified":"2025-10-26T03:25:42+00:00","mainEntityOfPage":{"@id":"https:\/\/viniciojarquin.com\/blog\/17-costa-rica-y-su-legado-de-paz-la-eliminacion-de-los-ejercitos-en-panama-y-haiti\/"},"wordCount":549,"commentCount":0,"publisher":{"@id":"https:\/\/viniciojarquin.com\/blog\/#\/schema\/person\/90100c8845ae55462ec0657d3d2f8d3b"},"image":{"@id":"https:\/\/viniciojarquin.com\/blog\/17-costa-rica-y-su-legado-de-paz-la-eliminacion-de-los-ejercitos-en-panama-y-haiti\/#primaryimage"},"thumbnailUrl":"https:\/\/viniciojarquin.com\/blog\/wp-content\/uploads\/2025\/10\/Costa-Rica-y-su-legado-de-paz.jpg","articleSection":["Serie: Eduqu\u00e9monos"],"inLanguage":"es","potentialAction":[{"@type":"CommentAction","name":"Comment","target":["https:\/\/viniciojarquin.com\/blog\/17-costa-rica-y-su-legado-de-paz-la-eliminacion-de-los-ejercitos-en-panama-y-haiti\/#respond"]}]},{"@type":"WebPage","@id":"https:\/\/viniciojarquin.com\/blog\/17-costa-rica-y-su-legado-de-paz-la-eliminacion-de-los-ejercitos-en-panama-y-haiti\/","url":"https:\/\/viniciojarquin.com\/blog\/17-costa-rica-y-su-legado-de-paz-la-eliminacion-de-los-ejercitos-en-panama-y-haiti\/","name":"17 - COSTA RICA Y SU LEGADO DE PAZ: LA ELIMINACI\u00d3N DE LOS EJ\u00c9RCITOS EN PANAM\u00c1 Y HAIT\u00cd - MI BLOG","isPartOf":{"@id":"https:\/\/viniciojarquin.com\/blog\/#website"},"primaryImageOfPage":{"@id":"https:\/\/viniciojarquin.com\/blog\/17-costa-rica-y-su-legado-de-paz-la-eliminacion-de-los-ejercitos-en-panama-y-haiti\/#primaryimage"},"image":{"@id":"https:\/\/viniciojarquin.com\/blog\/17-costa-rica-y-su-legado-de-paz-la-eliminacion-de-los-ejercitos-en-panama-y-haiti\/#primaryimage"},"thumbnailUrl":"https:\/\/viniciojarquin.com\/blog\/wp-content\/uploads\/2025\/10\/Costa-Rica-y-su-legado-de-paz.jpg","datePublished":"2025-10-26T03:25:39+00:00","dateModified":"2025-10-26T03:25:42+00:00","breadcrumb":{"@id":"https:\/\/viniciojarquin.com\/blog\/17-costa-rica-y-su-legado-de-paz-la-eliminacion-de-los-ejercitos-en-panama-y-haiti\/#breadcrumb"},"inLanguage":"es","potentialAction":[{"@type":"ReadAction","target":["https:\/\/viniciojarquin.com\/blog\/17-costa-rica-y-su-legado-de-paz-la-eliminacion-de-los-ejercitos-en-panama-y-haiti\/"]}]},{"@type":"ImageObject","inLanguage":"es","@id":"https:\/\/viniciojarquin.com\/blog\/17-costa-rica-y-su-legado-de-paz-la-eliminacion-de-los-ejercitos-en-panama-y-haiti\/#primaryimage","url":"https:\/\/viniciojarquin.com\/blog\/wp-content\/uploads\/2025\/10\/Costa-Rica-y-su-legado-de-paz.jpg","contentUrl":"https:\/\/viniciojarquin.com\/blog\/wp-content\/uploads\/2025\/10\/Costa-Rica-y-su-legado-de-paz.jpg","width":800,"height":800},{"@type":"BreadcrumbList","@id":"https:\/\/viniciojarquin.com\/blog\/17-costa-rica-y-su-legado-de-paz-la-eliminacion-de-los-ejercitos-en-panama-y-haiti\/#breadcrumb","itemListElement":[{"@type":"ListItem","position":1,"name":"Portada","item":"https:\/\/viniciojarquin.com\/blog\/"},{"@type":"ListItem","position":2,"name":"17 &#8211; COSTA RICA Y SU LEGADO DE PAZ: LA ELIMINACI\u00d3N DE LOS EJ\u00c9RCITOS EN PANAM\u00c1 Y HAIT\u00cd"}]},{"@type":"WebSite","@id":"https:\/\/viniciojarquin.com\/blog\/#website","url":"https:\/\/viniciojarquin.com\/blog\/","name":"Vinicio Jarqu\u00edn BLOG","description":"","publisher":{"@id":"https:\/\/viniciojarquin.com\/blog\/#\/schema\/person\/90100c8845ae55462ec0657d3d2f8d3b"},"potentialAction":[{"@type":"SearchAction","target":{"@type":"EntryPoint","urlTemplate":"https:\/\/viniciojarquin.com\/blog\/?s={search_term_string}"},"query-input":{"@type":"PropertyValueSpecification","valueRequired":true,"valueName":"search_term_string"}}],"inLanguage":"es"},{"@type":["Person","Organization"],"@id":"https:\/\/viniciojarquin.com\/blog\/#\/schema\/person\/90100c8845ae55462ec0657d3d2f8d3b","name":"Vinicio Jarqu\u00edn","image":{"@type":"ImageObject","inLanguage":"es","@id":"https:\/\/viniciojarquin.com\/blog\/#\/schema\/person\/image\/","url":"https:\/\/viniciojarquin.com\/blog\/wp-content\/uploads\/2024\/10\/Logo-VinicioJarquin-original-400.png","contentUrl":"https:\/\/viniciojarquin.com\/blog\/wp-content\/uploads\/2024\/10\/Logo-VinicioJarquin-original-400.png","width":400,"height":130,"caption":"Vinicio Jarqu\u00edn"},"logo":{"@id":"https:\/\/viniciojarquin.com\/blog\/#\/schema\/person\/image\/"},"description":"Empresario textil, artista pl\u00e1stico, escritor, coach de vida y fot\u00f3grafo.","sameAs":["https:\/\/viniciojarquin.com\/blog","https:\/\/www.facebook.com\/vinicio.jarquin","https:\/\/www.instagram.com\/vinicio_jarquin\/","https:\/\/www.pinterest.com\/vinnyjc\/","https:\/\/www.youtube.com\/@VinicioJarquin"],"url":"https:\/\/viniciojarquin.com\/blog\/author\/admin_s02au25i\/"}]}},"blog_post_layout_featured_media_urls":{"thumbnail":["https:\/\/viniciojarquin.com\/blog\/wp-content\/uploads\/2025\/10\/Costa-Rica-y-su-legado-de-paz-150x150.jpg",150,150,true],"full":["https:\/\/viniciojarquin.com\/blog\/wp-content\/uploads\/2025\/10\/Costa-Rica-y-su-legado-de-paz.jpg",800,800,false]},"categories_names":{"18":{"name":"Serie: Eduqu\u00e9monos","link":"https:\/\/viniciojarquin.com\/blog\/category\/eduquemonos\/"}},"tags_names":[],"comments_number":"0","_links":{"self":[{"href":"https:\/\/viniciojarquin.com\/blog\/wp-json\/wp\/v2\/posts\/988","targetHints":{"allow":["GET"]}}],"collection":[{"href":"https:\/\/viniciojarquin.com\/blog\/wp-json\/wp\/v2\/posts"}],"about":[{"href":"https:\/\/viniciojarquin.com\/blog\/wp-json\/wp\/v2\/types\/post"}],"author":[{"embeddable":true,"href":"https:\/\/viniciojarquin.com\/blog\/wp-json\/wp\/v2\/users\/1"}],"replies":[{"embeddable":true,"href":"https:\/\/viniciojarquin.com\/blog\/wp-json\/wp\/v2\/comments?post=988"}],"version-history":[{"count":1,"href":"https:\/\/viniciojarquin.com\/blog\/wp-json\/wp\/v2\/posts\/988\/revisions"}],"predecessor-version":[{"id":990,"href":"https:\/\/viniciojarquin.com\/blog\/wp-json\/wp\/v2\/posts\/988\/revisions\/990"}],"wp:featuredmedia":[{"embeddable":true,"href":"https:\/\/viniciojarquin.com\/blog\/wp-json\/wp\/v2\/media\/989"}],"wp:attachment":[{"href":"https:\/\/viniciojarquin.com\/blog\/wp-json\/wp\/v2\/media?parent=988"}],"wp:term":[{"taxonomy":"category","embeddable":true,"href":"https:\/\/viniciojarquin.com\/blog\/wp-json\/wp\/v2\/categories?post=988"},{"taxonomy":"post_tag","embeddable":true,"href":"https:\/\/viniciojarquin.com\/blog\/wp-json\/wp\/v2\/tags?post=988"}],"curies":[{"name":"wp","href":"https:\/\/api.w.org\/{rel}","templated":true}]}}