{"id":999,"date":"2025-10-28T01:07:59","date_gmt":"2025-10-28T01:07:59","guid":{"rendered":"https:\/\/viniciojarquin.com\/blog\/?p=999"},"modified":"2025-10-28T01:08:02","modified_gmt":"2025-10-28T01:08:02","slug":"18-que-pasaria-si-el-ejecutivo-pudiera-suspender-nuestros-derechos-individuales","status":"publish","type":"post","link":"https:\/\/viniciojarquin.com\/blog\/18-que-pasaria-si-el-ejecutivo-pudiera-suspender-nuestros-derechos-individuales\/","title":{"rendered":"18 &#8211; \u00bfQu\u00e9 pasar\u00eda si el Ejecutivo pudiera suspender nuestros derechos individuales?"},"content":{"rendered":"\n<figure class=\"wp-block-image size-full\"><img decoding=\"async\" width=\"800\" height=\"800\" data-src=\"https:\/\/viniciojarquin.com\/blog\/wp-content\/uploads\/2025\/10\/Si-pudieran-suspender-nuestros-derechos.jpg\" alt=\"\" class=\"wp-image-1000 lazyload\" data-srcset=\"https:\/\/viniciojarquin.com\/blog\/wp-content\/uploads\/2025\/10\/Si-pudieran-suspender-nuestros-derechos.jpg 800w, https:\/\/viniciojarquin.com\/blog\/wp-content\/uploads\/2025\/10\/Si-pudieran-suspender-nuestros-derechos-300x300.jpg 300w, https:\/\/viniciojarquin.com\/blog\/wp-content\/uploads\/2025\/10\/Si-pudieran-suspender-nuestros-derechos-150x150.jpg 150w, https:\/\/viniciojarquin.com\/blog\/wp-content\/uploads\/2025\/10\/Si-pudieran-suspender-nuestros-derechos-768x768.jpg 768w\" data-sizes=\"(max-width: 800px) 100vw, 800px\" src=\"data:image\/svg+xml;base64,PHN2ZyB3aWR0aD0iMSIgaGVpZ2h0PSIxIiB4bWxucz0iaHR0cDovL3d3dy53My5vcmcvMjAwMC9zdmciPjwvc3ZnPg==\" style=\"--smush-placeholder-width: 800px; --smush-placeholder-aspect-ratio: 800\/800;\" \/><\/figure>\n\n\n\n<p>Recientemente, surgi\u00f3 una propuesta pol\u00edtica que sugiere otorgarle al Poder Ejecutivo la potestad de \u201clevantar\u201d o suspender los derechos individuales de los costarricenses. Tal vez a muchos les son\u00f3 razonable, porque fue presentada con el tono de quien \u201cnecesita m\u00e1s herramientas para gobernar\u201d. Sin embargo, detr\u00e1s de esa idea se esconde uno de los mayores riesgos que una democracia puede enfrentar.<\/p>\n\n\n\n<p>Para entenderlo, primero hay que saber qu\u00e9 son los derechos individuales.<\/p>\n\n\n\n<p>Son las libertades fundamentales que la Constituci\u00f3n Pol\u00edtica de Costa Rica reconoce a toda persona: el derecho a la vida, a la libertad, al pensamiento, a la expresi\u00f3n, al tr\u00e1nsito, a la reuni\u00f3n, a la propiedad, a la intimidad, a la seguridad personal y al debido proceso, entre otros. Estos derechos no pertenecen al gobierno. &nbsp;Son del pueblo. Y la Constituci\u00f3n los protege precisamente para que ning\u00fan gobernante pueda violarlos, suspenderlos o restringirlos a su conveniencia.<\/p>\n\n\n\n<p>La \u00fanica forma en que algunos de estos derechos pueden limitarse temporalmente es mediante una ley aprobada por la Asamblea Legislativa, en situaciones extremas \u2014como guerra, invasi\u00f3n, calamidad p\u00fablica o grave alteraci\u00f3n del orden\u2014, y aun as\u00ed, bajo control constitucional y por un tiempo limitado.<\/p>\n\n\n\n<p>Si el Poder Ejecutivo tuviera la potestad de hacerlo por decisi\u00f3n propia, se romper\u00eda la divisi\u00f3n de poderes, piedra angular de nuestra democracia.<\/p>\n\n\n\n<p>El presidente podr\u00eda, en nombre de la \u201cseguridad nacional\u201d, limitar el derecho a manifestarse, detener a opositores, censurar medios, intervenir comunicaciones, restringir la libre movilidad o suspender elecciones. Eso, hist\u00f3ricamente, ha sido el camino de las dictaduras.<\/p>\n\n\n\n<p>Costa Rica, tras la guerra civil de 1948, aboli\u00f3 el ej\u00e9rcito y dise\u00f1\u00f3 una Constituci\u00f3n precisamente para impedir que el poder absoluto volviera a concentrarse en una sola persona o grupo. Por eso existen los tres poderes del Estado, los \u00f3rganos de control y la prensa libre.<\/p>\n\n\n\n<p>Cuando se plantea eliminar esos contrapesos, o permitir que el Ejecutivo \u201csuspenda derechos\u201d, lo que realmente se propone es entregarle la llave de la libertad a un solo hombre o mujer. Y cuando eso sucede, la historia \u2014no solo la nuestra, sino la del mundo entero\u2014 demuestra que recuperar esa llave cuesta sangre, generaciones y l\u00e1grimas.<\/p>\n\n\n\n<p>As\u00ed que s\u00ed, es un tema al que todos deber\u00edamos ponerle atenci\u00f3n. Porque la libertad no se pierde de golpe: se entrega, poquito a poco, entre aplausos.<\/p>\n\n\n\n<p><strong>\u00bfPodr\u00eda el Ejecutivo tener poder sobre las instituciones?<\/strong><\/p>\n\n\n\n<p>Esta es una pregunta esencial, y la respuesta merece una explicaci\u00f3n clara: si al Poder Ejecutivo se le otorgara la facultad de suspender o \u201clevantar\u201d los derechos individuales de los costarricenses, no tendr\u00eda de inmediato poder administrativo directo sobre las instituciones, pero s\u00ed abrir\u00eda una puerta peligrosa para interferir en su independencia y en el equilibrio entre los poderes de la Rep\u00fablica.<\/p>\n\n\n\n<p>Los derechos individuales son el escudo que protege al ciudadano frente a los abusos del poder. Cuando ese escudo se debilita, tambi\u00e9n se debilitan los mecanismos que garantizan que el Estado funcione con l\u00edmites.<\/p>\n\n\n\n<p>Si un presidente pudiera restringir libertades o actuar por decreto sin control, las instituciones que velan por el bien p\u00fablico \u2014como la Asamblea Legislativa, la Contralor\u00eda, el Tribunal Supremo de Elecciones o la Corte Suprema de Justicia\u2014 perder\u00edan capacidad real de fiscalizaci\u00f3n, aunque siguieran existiendo formalmente.<\/p>\n\n\n\n<p>El equilibrio entre los tres poderes es lo que mantiene viva la democracia.<\/p>\n\n\n\n<p>El Legislativo crea las leyes, el Ejecutivo las aplica y el Judicial vela porque se cumplan.<\/p>\n\n\n\n<p>Si el Ejecutivo tuviera la llave para suspender derechos, podr\u00eda, en la pr\u00e1ctica, gobernar por encima de las leyes, alegando que \u201cla situaci\u00f3n lo requiere\u201d. Y cuando un gobernante puede hacer eso, ya no necesita consenso, ni control, ni contrapeso. Adem\u00e1s, los \u00f3rganos de control quedar\u00edan expuestos a la desobediencia pol\u00edtica.<\/p>\n\n\n\n<p>Un presidente con ese tipo de poder podr\u00eda decir que ciertas resoluciones \u201cno aplican\u201d, retrasar presupuestos, o simplemente ignorar la fiscalizaci\u00f3n en nombre de una \u201cemergencia nacional\u201d.<\/p>\n\n\n\n<p>Y no har\u00eda falta eliminar una instituci\u00f3n: bastar\u00eda con vaciarla de sentido, como ha ocurrido en otros pa\u00edses donde el populismo tom\u00f3 el control bajo la excusa del \u201cpueblo primero\u201d. El riesgo no est\u00e1 en un decreto, sino en el precedente.<\/p>\n\n\n\n<p>Si se acepta que un gobernante puede suspender derechos en nombre de la eficiencia o la seguridad, ma\u00f1ana otro podr\u00eda hacerlo en nombre del orden, o de la patria, o de la fe. Y cuando eso sucede, lo que se pierde ya no se recupera f\u00e1cilmente.<\/p>\n\n\n\n<p>Por eso es tan importante entender que la fuerza de Costa Rica ha estado siempre en su equilibrio: en el respeto mutuo entre poderes, en la independencia de las instituciones, en el l\u00edmite que impide que el poder se concentre en una sola persona.<\/p>\n\n\n\n<p>Un presidente no necesita m\u00e1s poder: necesita m\u00e1s sabidur\u00eda, m\u00e1s di\u00e1logo, m\u00e1s respeto por las leyes y por el pa\u00eds que dice servir.<\/p>\n\n\n\n<p>Porque la verdadera fortaleza de una democracia no est\u00e1 en el brazo que manda, sino en los l\u00edmites que lo contienen.<\/p>\n","protected":false},"excerpt":{"rendered":"<p>Recientemente, surgi\u00f3 una propuesta pol\u00edtica que sugiere otorgarle al Poder Ejecutivo la potestad de \u201clevantar\u201d o suspender los derechos individuales [&hellip;]<\/p>\n","protected":false},"author":1,"featured_media":1000,"comment_status":"open","ping_status":"open","sticky":false,"template":"","format":"standard","meta":{"site-sidebar-layout":"default","site-content-layout":"","ast-site-content-layout":"","site-content-style":"default","site-sidebar-style":"default","ast-global-header-display":"","ast-banner-title-visibility":"","ast-main-header-display":"","ast-hfb-above-header-display":"","ast-hfb-below-header-display":"","ast-hfb-mobile-header-display":"","site-post-title":"","ast-breadcrumbs-content":"","ast-featured-img":"","footer-sml-layout":"","theme-transparent-header-meta":"","adv-header-id-meta":"","stick-header-meta":"","header-above-stick-meta":"","header-main-stick-meta":"","header-below-stick-meta":"","astra-migrate-meta-layouts":"default","ast-page-background-enabled":"default","ast-page-background-meta":{"desktop":{"background-color":"var(--ast-global-color-5)","background-image":"","background-repeat":"repeat","background-position":"center center","background-size":"auto","background-attachment":"scroll","background-type":"","background-media":"","overlay-type":"","overlay-color":"","overlay-opacity":"","overlay-gradient":""},"tablet":{"background-color":"","background-image":"","background-repeat":"repeat","background-position":"center center","background-size":"auto","background-attachment":"scroll","background-type":"","background-media":"","overlay-type":"","overlay-color":"","overlay-opacity":"","overlay-gradient":""},"mobile":{"background-color":"","background-image":"","background-repeat":"repeat","background-position":"center center","background-size":"auto","background-attachment":"scroll","background-type":"","background-media":"","overlay-type":"","overlay-color":"","overlay-opacity":"","overlay-gradient":""}},"ast-content-background-meta":{"desktop":{"background-color":"var(--ast-global-color-4)","background-image":"","background-repeat":"repeat","background-position":"center center","background-size":"auto","background-attachment":"scroll","background-type":"","background-media":"","overlay-type":"","overlay-color":"","overlay-opacity":"","overlay-gradient":""},"tablet":{"background-color":"var(--ast-global-color-4)","background-image":"","background-repeat":"repeat","background-position":"center center","background-size":"auto","background-attachment":"scroll","background-type":"","background-media":"","overlay-type":"","overlay-color":"","overlay-opacity":"","overlay-gradient":""},"mobile":{"background-color":"var(--ast-global-color-4)","background-image":"","background-repeat":"repeat","background-position":"center center","background-size":"auto","background-attachment":"scroll","background-type":"","background-media":"","overlay-type":"","overlay-color":"","overlay-opacity":"","overlay-gradient":""}},"footnotes":""},"categories":[18],"tags":[],"class_list":["post-999","post","type-post","status-publish","format-standard","has-post-thumbnail","hentry","category-eduquemonos"],"yoast_head":"<!-- This site is optimized with the Yoast SEO plugin v26.0 - https:\/\/yoast.com\/wordpress\/plugins\/seo\/ -->\n<title>18 - \u00bfQu\u00e9 pasar\u00eda si el Ejecutivo pudiera suspender nuestros derechos individuales? - MI BLOG<\/title>\n<meta name=\"robots\" content=\"index, follow, max-snippet:-1, max-image-preview:large, max-video-preview:-1\" \/>\n<link rel=\"canonical\" href=\"https:\/\/viniciojarquin.com\/blog\/18-que-pasaria-si-el-ejecutivo-pudiera-suspender-nuestros-derechos-individuales\/\" \/>\n<meta property=\"og:locale\" content=\"es_ES\" \/>\n<meta property=\"og:type\" content=\"article\" \/>\n<meta property=\"og:title\" content=\"18 - \u00bfQu\u00e9 pasar\u00eda si el Ejecutivo pudiera suspender nuestros derechos individuales? - MI BLOG\" \/>\n<meta property=\"og:description\" content=\"Recientemente, surgi\u00f3 una propuesta pol\u00edtica que sugiere otorgarle al Poder Ejecutivo la potestad de \u201clevantar\u201d o suspender los derechos individuales [&hellip;]\" \/>\n<meta property=\"og:url\" content=\"https:\/\/viniciojarquin.com\/blog\/18-que-pasaria-si-el-ejecutivo-pudiera-suspender-nuestros-derechos-individuales\/\" \/>\n<meta property=\"og:site_name\" content=\"MI BLOG\" \/>\n<meta property=\"article:publisher\" content=\"https:\/\/www.facebook.com\/vinicio.jarquin\" \/>\n<meta property=\"article:author\" content=\"https:\/\/www.facebook.com\/vinicio.jarquin\" \/>\n<meta property=\"article:published_time\" content=\"2025-10-28T01:07:59+00:00\" \/>\n<meta property=\"article:modified_time\" content=\"2025-10-28T01:08:02+00:00\" \/>\n<meta property=\"og:image\" content=\"https:\/\/viniciojarquin.com\/blog\/wp-content\/uploads\/2025\/10\/Si-pudieran-suspender-nuestros-derechos.jpg\" \/>\n\t<meta property=\"og:image:width\" content=\"800\" \/>\n\t<meta property=\"og:image:height\" content=\"800\" \/>\n\t<meta property=\"og:image:type\" content=\"image\/jpeg\" \/>\n<meta name=\"author\" content=\"Vinicio Jarqu\u00edn\" \/>\n<meta name=\"twitter:card\" content=\"summary_large_image\" \/>\n<meta name=\"twitter:label1\" content=\"Escrito por\" \/>\n\t<meta name=\"twitter:data1\" content=\"Vinicio Jarqu\u00edn\" \/>\n\t<meta name=\"twitter:label2\" content=\"Tiempo de lectura\" \/>\n\t<meta name=\"twitter:data2\" content=\"5 minutos\" \/>\n<script type=\"application\/ld+json\" class=\"yoast-schema-graph\">{\"@context\":\"https:\/\/schema.org\",\"@graph\":[{\"@type\":\"Article\",\"@id\":\"https:\/\/viniciojarquin.com\/blog\/18-que-pasaria-si-el-ejecutivo-pudiera-suspender-nuestros-derechos-individuales\/#article\",\"isPartOf\":{\"@id\":\"https:\/\/viniciojarquin.com\/blog\/18-que-pasaria-si-el-ejecutivo-pudiera-suspender-nuestros-derechos-individuales\/\"},\"author\":{\"name\":\"Vinicio Jarqu\u00edn\",\"@id\":\"https:\/\/viniciojarquin.com\/blog\/#\/schema\/person\/90100c8845ae55462ec0657d3d2f8d3b\"},\"headline\":\"18 &#8211; \u00bfQu\u00e9 pasar\u00eda si el Ejecutivo pudiera suspender nuestros derechos individuales?\",\"datePublished\":\"2025-10-28T01:07:59+00:00\",\"dateModified\":\"2025-10-28T01:08:02+00:00\",\"mainEntityOfPage\":{\"@id\":\"https:\/\/viniciojarquin.com\/blog\/18-que-pasaria-si-el-ejecutivo-pudiera-suspender-nuestros-derechos-individuales\/\"},\"wordCount\":885,\"commentCount\":0,\"publisher\":{\"@id\":\"https:\/\/viniciojarquin.com\/blog\/#\/schema\/person\/90100c8845ae55462ec0657d3d2f8d3b\"},\"image\":{\"@id\":\"https:\/\/viniciojarquin.com\/blog\/18-que-pasaria-si-el-ejecutivo-pudiera-suspender-nuestros-derechos-individuales\/#primaryimage\"},\"thumbnailUrl\":\"https:\/\/viniciojarquin.com\/blog\/wp-content\/uploads\/2025\/10\/Si-pudieran-suspender-nuestros-derechos.jpg\",\"articleSection\":[\"Serie: Eduqu\u00e9monos\"],\"inLanguage\":\"es\",\"potentialAction\":[{\"@type\":\"CommentAction\",\"name\":\"Comment\",\"target\":[\"https:\/\/viniciojarquin.com\/blog\/18-que-pasaria-si-el-ejecutivo-pudiera-suspender-nuestros-derechos-individuales\/#respond\"]}]},{\"@type\":\"WebPage\",\"@id\":\"https:\/\/viniciojarquin.com\/blog\/18-que-pasaria-si-el-ejecutivo-pudiera-suspender-nuestros-derechos-individuales\/\",\"url\":\"https:\/\/viniciojarquin.com\/blog\/18-que-pasaria-si-el-ejecutivo-pudiera-suspender-nuestros-derechos-individuales\/\",\"name\":\"18 - \u00bfQu\u00e9 pasar\u00eda si el Ejecutivo pudiera suspender nuestros derechos individuales? - MI BLOG\",\"isPartOf\":{\"@id\":\"https:\/\/viniciojarquin.com\/blog\/#website\"},\"primaryImageOfPage\":{\"@id\":\"https:\/\/viniciojarquin.com\/blog\/18-que-pasaria-si-el-ejecutivo-pudiera-suspender-nuestros-derechos-individuales\/#primaryimage\"},\"image\":{\"@id\":\"https:\/\/viniciojarquin.com\/blog\/18-que-pasaria-si-el-ejecutivo-pudiera-suspender-nuestros-derechos-individuales\/#primaryimage\"},\"thumbnailUrl\":\"https:\/\/viniciojarquin.com\/blog\/wp-content\/uploads\/2025\/10\/Si-pudieran-suspender-nuestros-derechos.jpg\",\"datePublished\":\"2025-10-28T01:07:59+00:00\",\"dateModified\":\"2025-10-28T01:08:02+00:00\",\"breadcrumb\":{\"@id\":\"https:\/\/viniciojarquin.com\/blog\/18-que-pasaria-si-el-ejecutivo-pudiera-suspender-nuestros-derechos-individuales\/#breadcrumb\"},\"inLanguage\":\"es\",\"potentialAction\":[{\"@type\":\"ReadAction\",\"target\":[\"https:\/\/viniciojarquin.com\/blog\/18-que-pasaria-si-el-ejecutivo-pudiera-suspender-nuestros-derechos-individuales\/\"]}]},{\"@type\":\"ImageObject\",\"inLanguage\":\"es\",\"@id\":\"https:\/\/viniciojarquin.com\/blog\/18-que-pasaria-si-el-ejecutivo-pudiera-suspender-nuestros-derechos-individuales\/#primaryimage\",\"url\":\"https:\/\/viniciojarquin.com\/blog\/wp-content\/uploads\/2025\/10\/Si-pudieran-suspender-nuestros-derechos.jpg\",\"contentUrl\":\"https:\/\/viniciojarquin.com\/blog\/wp-content\/uploads\/2025\/10\/Si-pudieran-suspender-nuestros-derechos.jpg\",\"width\":800,\"height\":800},{\"@type\":\"BreadcrumbList\",\"@id\":\"https:\/\/viniciojarquin.com\/blog\/18-que-pasaria-si-el-ejecutivo-pudiera-suspender-nuestros-derechos-individuales\/#breadcrumb\",\"itemListElement\":[{\"@type\":\"ListItem\",\"position\":1,\"name\":\"Portada\",\"item\":\"https:\/\/viniciojarquin.com\/blog\/\"},{\"@type\":\"ListItem\",\"position\":2,\"name\":\"18 &#8211; \u00bfQu\u00e9 pasar\u00eda si el Ejecutivo pudiera suspender nuestros derechos individuales?\"}]},{\"@type\":\"WebSite\",\"@id\":\"https:\/\/viniciojarquin.com\/blog\/#website\",\"url\":\"https:\/\/viniciojarquin.com\/blog\/\",\"name\":\"Vinicio Jarqu\u00edn BLOG\",\"description\":\"\",\"publisher\":{\"@id\":\"https:\/\/viniciojarquin.com\/blog\/#\/schema\/person\/90100c8845ae55462ec0657d3d2f8d3b\"},\"potentialAction\":[{\"@type\":\"SearchAction\",\"target\":{\"@type\":\"EntryPoint\",\"urlTemplate\":\"https:\/\/viniciojarquin.com\/blog\/?s={search_term_string}\"},\"query-input\":{\"@type\":\"PropertyValueSpecification\",\"valueRequired\":true,\"valueName\":\"search_term_string\"}}],\"inLanguage\":\"es\"},{\"@type\":[\"Person\",\"Organization\"],\"@id\":\"https:\/\/viniciojarquin.com\/blog\/#\/schema\/person\/90100c8845ae55462ec0657d3d2f8d3b\",\"name\":\"Vinicio Jarqu\u00edn\",\"image\":{\"@type\":\"ImageObject\",\"inLanguage\":\"es\",\"@id\":\"https:\/\/viniciojarquin.com\/blog\/#\/schema\/person\/image\/\",\"url\":\"https:\/\/viniciojarquin.com\/blog\/wp-content\/uploads\/2024\/10\/Logo-VinicioJarquin-original-400.png\",\"contentUrl\":\"https:\/\/viniciojarquin.com\/blog\/wp-content\/uploads\/2024\/10\/Logo-VinicioJarquin-original-400.png\",\"width\":400,\"height\":130,\"caption\":\"Vinicio Jarqu\u00edn\"},\"logo\":{\"@id\":\"https:\/\/viniciojarquin.com\/blog\/#\/schema\/person\/image\/\"},\"description\":\"Empresario textil, artista pl\u00e1stico, escritor, coach de vida y fot\u00f3grafo.\",\"sameAs\":[\"https:\/\/viniciojarquin.com\/blog\",\"https:\/\/www.facebook.com\/vinicio.jarquin\",\"https:\/\/www.instagram.com\/vinicio_jarquin\/\",\"https:\/\/www.pinterest.com\/vinnyjc\/\",\"https:\/\/www.youtube.com\/@VinicioJarquin\"],\"url\":\"https:\/\/viniciojarquin.com\/blog\/author\/admin_s02au25i\/\"}]}<\/script>\n<!-- \/ Yoast SEO plugin. -->","yoast_head_json":{"title":"18 - \u00bfQu\u00e9 pasar\u00eda si el Ejecutivo pudiera suspender nuestros derechos individuales? - MI BLOG","robots":{"index":"index","follow":"follow","max-snippet":"max-snippet:-1","max-image-preview":"max-image-preview:large","max-video-preview":"max-video-preview:-1"},"canonical":"https:\/\/viniciojarquin.com\/blog\/18-que-pasaria-si-el-ejecutivo-pudiera-suspender-nuestros-derechos-individuales\/","og_locale":"es_ES","og_type":"article","og_title":"18 - \u00bfQu\u00e9 pasar\u00eda si el Ejecutivo pudiera suspender nuestros derechos individuales? - MI BLOG","og_description":"Recientemente, surgi\u00f3 una propuesta pol\u00edtica que sugiere otorgarle al Poder Ejecutivo la potestad de \u201clevantar\u201d o suspender los derechos individuales [&hellip;]","og_url":"https:\/\/viniciojarquin.com\/blog\/18-que-pasaria-si-el-ejecutivo-pudiera-suspender-nuestros-derechos-individuales\/","og_site_name":"MI BLOG","article_publisher":"https:\/\/www.facebook.com\/vinicio.jarquin","article_author":"https:\/\/www.facebook.com\/vinicio.jarquin","article_published_time":"2025-10-28T01:07:59+00:00","article_modified_time":"2025-10-28T01:08:02+00:00","og_image":[{"width":800,"height":800,"url":"https:\/\/viniciojarquin.com\/blog\/wp-content\/uploads\/2025\/10\/Si-pudieran-suspender-nuestros-derechos.jpg","type":"image\/jpeg"}],"author":"Vinicio Jarqu\u00edn","twitter_card":"summary_large_image","twitter_misc":{"Escrito por":"Vinicio Jarqu\u00edn","Tiempo de lectura":"5 minutos"},"schema":{"@context":"https:\/\/schema.org","@graph":[{"@type":"Article","@id":"https:\/\/viniciojarquin.com\/blog\/18-que-pasaria-si-el-ejecutivo-pudiera-suspender-nuestros-derechos-individuales\/#article","isPartOf":{"@id":"https:\/\/viniciojarquin.com\/blog\/18-que-pasaria-si-el-ejecutivo-pudiera-suspender-nuestros-derechos-individuales\/"},"author":{"name":"Vinicio Jarqu\u00edn","@id":"https:\/\/viniciojarquin.com\/blog\/#\/schema\/person\/90100c8845ae55462ec0657d3d2f8d3b"},"headline":"18 &#8211; \u00bfQu\u00e9 pasar\u00eda si el Ejecutivo pudiera suspender nuestros derechos individuales?","datePublished":"2025-10-28T01:07:59+00:00","dateModified":"2025-10-28T01:08:02+00:00","mainEntityOfPage":{"@id":"https:\/\/viniciojarquin.com\/blog\/18-que-pasaria-si-el-ejecutivo-pudiera-suspender-nuestros-derechos-individuales\/"},"wordCount":885,"commentCount":0,"publisher":{"@id":"https:\/\/viniciojarquin.com\/blog\/#\/schema\/person\/90100c8845ae55462ec0657d3d2f8d3b"},"image":{"@id":"https:\/\/viniciojarquin.com\/blog\/18-que-pasaria-si-el-ejecutivo-pudiera-suspender-nuestros-derechos-individuales\/#primaryimage"},"thumbnailUrl":"https:\/\/viniciojarquin.com\/blog\/wp-content\/uploads\/2025\/10\/Si-pudieran-suspender-nuestros-derechos.jpg","articleSection":["Serie: Eduqu\u00e9monos"],"inLanguage":"es","potentialAction":[{"@type":"CommentAction","name":"Comment","target":["https:\/\/viniciojarquin.com\/blog\/18-que-pasaria-si-el-ejecutivo-pudiera-suspender-nuestros-derechos-individuales\/#respond"]}]},{"@type":"WebPage","@id":"https:\/\/viniciojarquin.com\/blog\/18-que-pasaria-si-el-ejecutivo-pudiera-suspender-nuestros-derechos-individuales\/","url":"https:\/\/viniciojarquin.com\/blog\/18-que-pasaria-si-el-ejecutivo-pudiera-suspender-nuestros-derechos-individuales\/","name":"18 - \u00bfQu\u00e9 pasar\u00eda si el Ejecutivo pudiera suspender nuestros derechos individuales? - MI BLOG","isPartOf":{"@id":"https:\/\/viniciojarquin.com\/blog\/#website"},"primaryImageOfPage":{"@id":"https:\/\/viniciojarquin.com\/blog\/18-que-pasaria-si-el-ejecutivo-pudiera-suspender-nuestros-derechos-individuales\/#primaryimage"},"image":{"@id":"https:\/\/viniciojarquin.com\/blog\/18-que-pasaria-si-el-ejecutivo-pudiera-suspender-nuestros-derechos-individuales\/#primaryimage"},"thumbnailUrl":"https:\/\/viniciojarquin.com\/blog\/wp-content\/uploads\/2025\/10\/Si-pudieran-suspender-nuestros-derechos.jpg","datePublished":"2025-10-28T01:07:59+00:00","dateModified":"2025-10-28T01:08:02+00:00","breadcrumb":{"@id":"https:\/\/viniciojarquin.com\/blog\/18-que-pasaria-si-el-ejecutivo-pudiera-suspender-nuestros-derechos-individuales\/#breadcrumb"},"inLanguage":"es","potentialAction":[{"@type":"ReadAction","target":["https:\/\/viniciojarquin.com\/blog\/18-que-pasaria-si-el-ejecutivo-pudiera-suspender-nuestros-derechos-individuales\/"]}]},{"@type":"ImageObject","inLanguage":"es","@id":"https:\/\/viniciojarquin.com\/blog\/18-que-pasaria-si-el-ejecutivo-pudiera-suspender-nuestros-derechos-individuales\/#primaryimage","url":"https:\/\/viniciojarquin.com\/blog\/wp-content\/uploads\/2025\/10\/Si-pudieran-suspender-nuestros-derechos.jpg","contentUrl":"https:\/\/viniciojarquin.com\/blog\/wp-content\/uploads\/2025\/10\/Si-pudieran-suspender-nuestros-derechos.jpg","width":800,"height":800},{"@type":"BreadcrumbList","@id":"https:\/\/viniciojarquin.com\/blog\/18-que-pasaria-si-el-ejecutivo-pudiera-suspender-nuestros-derechos-individuales\/#breadcrumb","itemListElement":[{"@type":"ListItem","position":1,"name":"Portada","item":"https:\/\/viniciojarquin.com\/blog\/"},{"@type":"ListItem","position":2,"name":"18 &#8211; \u00bfQu\u00e9 pasar\u00eda si el Ejecutivo pudiera suspender nuestros derechos individuales?"}]},{"@type":"WebSite","@id":"https:\/\/viniciojarquin.com\/blog\/#website","url":"https:\/\/viniciojarquin.com\/blog\/","name":"Vinicio Jarqu\u00edn BLOG","description":"","publisher":{"@id":"https:\/\/viniciojarquin.com\/blog\/#\/schema\/person\/90100c8845ae55462ec0657d3d2f8d3b"},"potentialAction":[{"@type":"SearchAction","target":{"@type":"EntryPoint","urlTemplate":"https:\/\/viniciojarquin.com\/blog\/?s={search_term_string}"},"query-input":{"@type":"PropertyValueSpecification","valueRequired":true,"valueName":"search_term_string"}}],"inLanguage":"es"},{"@type":["Person","Organization"],"@id":"https:\/\/viniciojarquin.com\/blog\/#\/schema\/person\/90100c8845ae55462ec0657d3d2f8d3b","name":"Vinicio Jarqu\u00edn","image":{"@type":"ImageObject","inLanguage":"es","@id":"https:\/\/viniciojarquin.com\/blog\/#\/schema\/person\/image\/","url":"https:\/\/viniciojarquin.com\/blog\/wp-content\/uploads\/2024\/10\/Logo-VinicioJarquin-original-400.png","contentUrl":"https:\/\/viniciojarquin.com\/blog\/wp-content\/uploads\/2024\/10\/Logo-VinicioJarquin-original-400.png","width":400,"height":130,"caption":"Vinicio Jarqu\u00edn"},"logo":{"@id":"https:\/\/viniciojarquin.com\/blog\/#\/schema\/person\/image\/"},"description":"Empresario textil, artista pl\u00e1stico, escritor, coach de vida y fot\u00f3grafo.","sameAs":["https:\/\/viniciojarquin.com\/blog","https:\/\/www.facebook.com\/vinicio.jarquin","https:\/\/www.instagram.com\/vinicio_jarquin\/","https:\/\/www.pinterest.com\/vinnyjc\/","https:\/\/www.youtube.com\/@VinicioJarquin"],"url":"https:\/\/viniciojarquin.com\/blog\/author\/admin_s02au25i\/"}]}},"blog_post_layout_featured_media_urls":{"thumbnail":["https:\/\/viniciojarquin.com\/blog\/wp-content\/uploads\/2025\/10\/Si-pudieran-suspender-nuestros-derechos-150x150.jpg",150,150,true],"full":["https:\/\/viniciojarquin.com\/blog\/wp-content\/uploads\/2025\/10\/Si-pudieran-suspender-nuestros-derechos.jpg",800,800,false]},"categories_names":{"18":{"name":"Serie: Eduqu\u00e9monos","link":"https:\/\/viniciojarquin.com\/blog\/category\/eduquemonos\/"}},"tags_names":[],"comments_number":"0","_links":{"self":[{"href":"https:\/\/viniciojarquin.com\/blog\/wp-json\/wp\/v2\/posts\/999","targetHints":{"allow":["GET"]}}],"collection":[{"href":"https:\/\/viniciojarquin.com\/blog\/wp-json\/wp\/v2\/posts"}],"about":[{"href":"https:\/\/viniciojarquin.com\/blog\/wp-json\/wp\/v2\/types\/post"}],"author":[{"embeddable":true,"href":"https:\/\/viniciojarquin.com\/blog\/wp-json\/wp\/v2\/users\/1"}],"replies":[{"embeddable":true,"href":"https:\/\/viniciojarquin.com\/blog\/wp-json\/wp\/v2\/comments?post=999"}],"version-history":[{"count":1,"href":"https:\/\/viniciojarquin.com\/blog\/wp-json\/wp\/v2\/posts\/999\/revisions"}],"predecessor-version":[{"id":1001,"href":"https:\/\/viniciojarquin.com\/blog\/wp-json\/wp\/v2\/posts\/999\/revisions\/1001"}],"wp:featuredmedia":[{"embeddable":true,"href":"https:\/\/viniciojarquin.com\/blog\/wp-json\/wp\/v2\/media\/1000"}],"wp:attachment":[{"href":"https:\/\/viniciojarquin.com\/blog\/wp-json\/wp\/v2\/media?parent=999"}],"wp:term":[{"taxonomy":"category","embeddable":true,"href":"https:\/\/viniciojarquin.com\/blog\/wp-json\/wp\/v2\/categories?post=999"},{"taxonomy":"post_tag","embeddable":true,"href":"https:\/\/viniciojarquin.com\/blog\/wp-json\/wp\/v2\/tags?post=999"}],"curies":[{"name":"wp","href":"https:\/\/api.w.org\/{rel}","templated":true}]}}